{"id":648396,"date":"2023-10-22T11:00:23","date_gmt":"2023-10-22T07:00:23","guid":{"rendered":"https:\/\/arantv.az\/?p=648396"},"modified":"2023-10-22T11:00:23","modified_gmt":"2023-10-22T07:00:23","slug":"milli-q%c9%99hr%c9%99man-sukur-h%c9%99midovun-anim-gunudur","status":"publish","type":"post","link":"https:\/\/arantv.az\/?p=648396","title":{"rendered":"Milli Q\u0259hr\u0259man \u015e\u00fck\u00fcr H\u0259midovun an\u0131m g\u00fcn\u00fcd\u00fcr"},"content":{"rendered":"<p>22 oktyabr tarixi\u00a044 g\u00fcnl\u00fck V\u0259t\u0259n m\u00fcharib\u0259sinin \u015f\u0259hidl\u0259rind\u0259n biri \u2013 Milli Q\u0259hr\u0259man \u015e\u00fck\u00fcr H\u0259midovun an\u0131m g\u00fcn\u00fcd\u00fcr.<\/p>\n<p><strong>ARANTV.AZ<\/strong>-\u0131n xat\u0131rlad\u0131r ki, H\u0259midov \u015e\u00fck\u00fcr N\u0259riman o\u011flu 1975-ci il aprelin 1-d\u0259 Qubadl\u0131n\u0131n Armudluq k\u0259ndind\u0259 anadan olub. O, ail\u0259d\u0259 10 u\u015faqdan biri olub.<\/p>\n<p>\u015e.H\u0259midov 1990-1993-c\u00fc ill\u0259rd\u0259 C.Nax\u00e7\u0131vanski ad\u0131na H\u0259rbi liseyd\u0259 t\u0259hsil al\u0131b.<\/p>\n<p>\u015e\u00fck\u00fcr H\u0259midov 2016-c\u0131 il Aprel d\u00f6y\u00fc\u015fl\u0259rind\u0259 L\u0259l\u0259t\u0259p\u0259 y\u00fcks\u0259kliyinin azad edilm\u0259si u\u011frunda d\u00f6y\u00fc\u015fl\u0259rd\u0259 b\u00f6y\u00fck \u015f\u00fcca\u0259t g\u00f6st\u0259rib.<\/p>\n<p>Az\u0259rbaycan Prezidentinin 22 aprel 2016-c\u0131 il tarixli s\u0259r\u0259ncam\u0131 il\u0259 \u015e\u00fck\u00fcr N\u0259riman o\u011flu H\u0259midov \u201cAz\u0259rbaycan\u0131n Milli Q\u0259hr\u0259man\u0131\u201d ad\u0131na layiq g\u00f6r\u00fcl\u00fcb.<\/p>\n<p>Bundan \u0259lav\u0259, L\u0259l\u0259t\u0259p\u0259 y\u00fcks\u0259kliyinin azad edilm\u0259si \u0259m\u0259liyyat\u0131 zaman\u0131 g\u00f6st\u0259rdiyi \u015f\u00fcca\u0259t\u0259 g\u00f6r\u0259 \u015e\u00fck\u00fcr H\u0259midova vaxt\u0131ndan \u0259vv\u0259l polkovnik h\u0259rbi r\u00fctb\u0259si verilib.<\/p>\n<p>V\u0259t\u0259n m\u00fcharib\u0259sind\u0259 \u015e.H\u0259midov Qubadl\u0131n\u0131n b\u0259zi k\u0259ndl\u0259rinin azad edilm\u0259si \u0259m\u0259liyyatlar\u0131nda i\u015ftirak edib.<\/p>\n<p>\u015e\u00fck\u00fcr H\u0259midov 22 oktyabr 2020-ci il tarixind\u0259 Qubadl\u0131 rayonunun azadl\u0131\u011f\u0131 u\u011frunda ged\u0259n d\u00f6y\u00fc\u015fl\u0259rd\u0259 \u015f\u0259hid olub.<\/p>\n<p>Prezident\u00a0<strong>\u0130lham \u018fliyevin<\/strong>\u00a0s\u0259r\u0259ncam\u0131 il\u0259 \u015e\u00fck\u00fcr H\u0259midov V\u0259t\u0259n m\u00fcharib\u0259sind\u0259ki i\u015ftirak\u0131na g\u00f6r\u0259 \u201cV\u0259t\u0259n u\u011frunda\u201d medal\u0131 il\u0259 t\u0259ltif edilib.<\/p>\n<p>Ona \u00f6lk\u0259 ba\u015f\u00e7\u0131s\u0131n\u0131n s\u0259r\u0259ncamlar\u0131 il\u0259 \u015e\u00fck\u00fcr H\u0259midov \u201cF\u00fczulinin azad olunmas\u0131na g\u00f6r\u0259\u201d,\u00a0\u201cC\u0259bray\u0131l\u0131n azad olunmas\u0131na g\u00f6r\u0259\u201d, \u201cQubadl\u0131n\u0131n azad olunmas\u0131na g\u00f6r\u0259\u201d medallar\u0131 v\u0259 \u201cZ\u0259f\u0259r\u201d ordeni il\u0259 t\u0259ltif edilib.<\/p>\n<p>Milli Q\u0259hr\u0259man\u0131n 1 o\u011flu v\u0259 1 q\u0131z\u0131 var.<\/p>\n","protected":false},"excerpt":{"rendered":"<p>22 oktyabr tarixi\u00a044 g\u00fcnl\u00fck V\u0259t\u0259n m\u00fcharib\u0259sinin \u015f\u0259hidl\u0259rind\u0259n biri \u2013 Milli Q\u0259hr\u0259man \u015e\u00fck\u00fcr H\u0259midovun an\u0131m g\u00fcn\u00fcd\u00fcr. ARANTV.AZ-\u0131n xat\u0131rlad\u0131r ki, H\u0259midov \u015e\u00fck\u00fcr N\u0259riman o\u011flu 1975-ci il aprelin 1-d\u0259 Qubadl\u0131n\u0131n Armudluq k\u0259ndind\u0259 anadan olub. O, ail\u0259d\u0259 10 u\u015faqdan biri olub. \u015e.H\u0259midov 1990-1993-c\u00fc ill\u0259rd\u0259 C.Nax\u00e7\u0131vanski ad\u0131na H\u0259rbi liseyd\u0259 t\u0259hsil al\u0131b. \u015e\u00fck\u00fcr H\u0259midov 2016-c\u0131 il Aprel d\u00f6y\u00fc\u015fl\u0259rind\u0259 L\u0259l\u0259t\u0259p\u0259 y\u00fcks\u0259kliyinin azad edilm\u0259si u\u011frunda d\u00f6y\u00fc\u015fl\u0259rd\u0259 b\u00f6y\u00fck \u015f\u00fcca\u0259t g\u00f6st\u0259rib. Az\u0259rbaycan Prezidentinin 22 aprel 2016-c\u0131 il tarixli s\u0259r\u0259ncam\u0131 il\u0259 \u015e\u00fck\u00fcr N\u0259riman o\u011flu H\u0259midov \u201cAz\u0259rbaycan\u0131n Milli Q\u0259hr\u0259man\u0131\u201d ad\u0131na layiq g\u00f6r\u00fcl\u00fcb. Bundan \u0259lav\u0259, L\u0259l\u0259t\u0259p\u0259 y\u00fcks\u0259kliyinin azad edilm\u0259si \u0259m\u0259liyyat\u0131 zaman\u0131 g\u00f6st\u0259rdiyi \u015f\u00fcca\u0259t\u0259&hellip;<\/p>\n","protected":false},"author":2,"featured_media":648402,"comment_status":"closed","ping_status":"closed","sticky":false,"template":"","format":"standard","meta":{"om_disable_all_campaigns":false,"_monsterinsights_skip_tracking":false,"_monsterinsights_sitenote_active":false,"_monsterinsights_sitenote_note":"","_monsterinsights_sitenote_category":0},"categories":[4],"tags":[],"aioseo_notices":[],"gutentor_comment":0,"rttpg_featured_image_url":{"full":["https:\/\/arantv.az\/wp-content\/uploads\/2023\/10\/Sukur_H\u0259midov_2020-ci_ild\u0259.jpg",540,675,false],"landscape":["https:\/\/arantv.az\/wp-content\/uploads\/2023\/10\/Sukur_H\u0259midov_2020-ci_ild\u0259.jpg",540,675,false],"portraits":["https:\/\/arantv.az\/wp-content\/uploads\/2023\/10\/Sukur_H\u0259midov_2020-ci_ild\u0259.jpg",540,675,false],"thumbnail":["https:\/\/arantv.az\/wp-content\/uploads\/2023\/10\/Sukur_H\u0259midov_2020-ci_ild\u0259-500x280.jpg",500,280,true],"medium":["https:\/\/arantv.az\/wp-content\/uploads\/2023\/10\/Sukur_H\u0259midov_2020-ci_ild\u0259-292x365.jpg",292,365,true],"large":["https:\/\/arantv.az\/wp-content\/uploads\/2023\/10\/Sukur_H\u0259midov_2020-ci_ild\u0259.jpg",540,675,false],"1536x1536":["https:\/\/arantv.az\/wp-content\/uploads\/2023\/10\/Sukur_H\u0259midov_2020-ci_ild\u0259.jpg",540,675,false],"2048x2048":["https:\/\/arantv.az\/wp-content\/uploads\/2023\/10\/Sukur_H\u0259midov_2020-ci_ild\u0259.jpg",540,675,false],"post-thumbnail":["https:\/\/arantv.az\/wp-content\/uploads\/2023\/10\/Sukur_H\u0259midov_2020-ci_ild\u0259-240x172.jpg",240,172,true],"advps-thumb-one":["https:\/\/arantv.az\/wp-content\/uploads\/2023\/10\/Sukur_H\u0259midov_2020-ci_ild\u0259-540x620.jpg",540,620,true]},"rttpg_author":{"display_name":"V\u00fcsal Rafiqo\u011flu","author_link":"https:\/\/arantv.az\/?author=2"},"rttpg_comment":0,"rttpg_category":"<a href=\"https:\/\/arantv.az\/?cat=4\" rel=\"category\">Siyas\u0259t<\/a>","rttpg_excerpt":"22 oktyabr tarixi\u00a044 g\u00fcnl\u00fck V\u0259t\u0259n m\u00fcharib\u0259sinin \u015f\u0259hidl\u0259rind\u0259n biri \u2013 Milli Q\u0259hr\u0259man \u015e\u00fck\u00fcr H\u0259midovun an\u0131m g\u00fcn\u00fcd\u00fcr. ARANTV.AZ-\u0131n xat\u0131rlad\u0131r ki, H\u0259midov \u015e\u00fck\u00fcr N\u0259riman o\u011flu 1975-ci il aprelin 1-d\u0259 Qubadl\u0131n\u0131n Armudluq k\u0259ndind\u0259 anadan olub. O, ail\u0259d\u0259 10 u\u015faqdan biri olub. \u015e.H\u0259midov 1990-1993-c\u00fc ill\u0259rd\u0259 C.Nax\u00e7\u0131vanski ad\u0131na H\u0259rbi liseyd\u0259 t\u0259hsil al\u0131b. \u015e\u00fck\u00fcr H\u0259midov 2016-c\u0131 il Aprel d\u00f6y\u00fc\u015fl\u0259rind\u0259 L\u0259l\u0259t\u0259p\u0259 y\u00fcks\u0259kliyinin azad&hellip;","_links":{"self":[{"href":"https:\/\/arantv.az\/index.php?rest_route=\/wp\/v2\/posts\/648396"}],"collection":[{"href":"https:\/\/arantv.az\/index.php?rest_route=\/wp\/v2\/posts"}],"about":[{"href":"https:\/\/arantv.az\/index.php?rest_route=\/wp\/v2\/types\/post"}],"author":[{"embeddable":true,"href":"https:\/\/arantv.az\/index.php?rest_route=\/wp\/v2\/users\/2"}],"replies":[{"embeddable":true,"href":"https:\/\/arantv.az\/index.php?rest_route=%2Fwp%2Fv2%2Fcomments&post=648396"}],"version-history":[{"count":0,"href":"https:\/\/arantv.az\/index.php?rest_route=\/wp\/v2\/posts\/648396\/revisions"}],"wp:featuredmedia":[{"embeddable":true,"href":"https:\/\/arantv.az\/index.php?rest_route=\/wp\/v2\/media\/648402"}],"wp:attachment":[{"href":"https:\/\/arantv.az\/index.php?rest_route=%2Fwp%2Fv2%2Fmedia&parent=648396"}],"wp:term":[{"taxonomy":"category","embeddable":true,"href":"https:\/\/arantv.az\/index.php?rest_route=%2Fwp%2Fv2%2Fcategories&post=648396"},{"taxonomy":"post_tag","embeddable":true,"href":"https:\/\/arantv.az\/index.php?rest_route=%2Fwp%2Fv2%2Ftags&post=648396"}],"curies":[{"name":"wp","href":"https:\/\/api.w.org\/{rel}","templated":true}]}}