{"id":648410,"date":"2023-10-22T11:03:18","date_gmt":"2023-10-22T07:03:18","guid":{"rendered":"https:\/\/arantv.az\/?p=648410"},"modified":"2023-10-22T11:03:18","modified_gmt":"2023-10-22T07:03:18","slug":"agdamda-konsert-verdiyi-h%c9%99rbcil%c9%99rin-hamisi-s%c9%99hid-olan-aktrisa-video","status":"publish","type":"post","link":"https:\/\/arantv.az\/?p=648410","title":{"rendered":"A\u011fdamda konsert verdiyi h\u0259rb\u00e7il\u0259rin ham\u0131s\u0131 \u015f\u0259hid olan aktrisa &#8211; V\u0130DEO"},"content":{"rendered":"<p>Birinci Qaraba\u011f m\u00fcharib\u0259si zaman\u0131 c\u0259bh\u0259 b\u00f6lg\u0259sind\u0259 \u0259sg\u0259rl\u0259r \u00fc\u00e7\u00fcn t\u0259\u015fkil edil\u0259n konsert proqramlar\u0131nda i\u015ftirak ed\u0259n Adil \u0130sg\u0259nd\u0259rov ad\u0131na Xalq teatr\u0131n\u0131n aktrisas\u0131 G\u00fcld\u0259r\u0259n Azayeva Baku TV-y\u0259 dan\u0131\u015f\u0131b.<\/p>\n<p>O, A\u011fdamda konsert verdiyi h\u0259rb\u00e7il\u0259rl\u0259 ba\u011fl\u0131 \u00fcz\u00fcc\u00fc xatir\u0259sind\u0259n b\u0259hs edib:<\/p>\n<p>\u201cD\u0259f\u0259l\u0259rl\u0259 sosial \u015f\u0259b\u0259k\u0259l\u0259rd\u0259 elan vermi\u015fdim ki, oradak\u0131 h\u0259rb\u00e7il\u0259rd\u0259n sa\u011f qalan varsa, onunla g\u00f6r\u00fc\u015fm\u0259k ist\u0259yir\u0259m. Bir d\u0259f\u0259 A\u011fdamdan bir o\u011flan g\u0259lib m\u0259ni tapd\u0131. Dedi ki, s\u0259n g\u00f6rd\u00fcy\u00fcn h\u0259rb\u00e7il\u0259rd\u0259n sa\u011f qalan\u0131 yoxdur\u201d.<\/p>\n<p>G.Azayeva F\u00fczulid\u0259n qay\u0131dark\u0259n ya\u015fad\u0131\u011f\u0131 t\u0259hl\u00fck\u0259li anlardan da s\u00f6z a\u00e7\u0131b:<\/p>\n<p>\u201cGec\u0259 p\u0259nc\u0259r\u0259ni a\u00e7anda s\u0259sl\u0259r e\u015fitdim. S\u00fcr\u00fcc\u00fcy\u0259 dedim ki, ma\u015f\u0131n\u0131 saxla, yolu s\u0259hv g\u0259lmi\u015fik. Erm\u0259nil\u0259r bir-birini \u00e7a\u011f\u0131r\u0131r, mahn\u0131 oxuyurdu. Hiss olunurdu ki, s\u0259rxo\u015f v\u0259ziyy\u0259td\u0259dirl\u0259r. Elmana dedim ki, i\u015f\u0131qlar\u0131 s\u00f6nd\u00fcr\u00fcb ke\u00e7\u0259k. G\u00f6rs\u0259n ki, erm\u0259nil\u0259r biz\u0259 t\u0259r\u0259f g\u0259lir, \u00f6z\u00fcm\u00fc ataca\u011fam, \u00fcst\u00fcmd\u0259n ma\u015f\u0131nla ke\u00e7\u0259rs\u0259n\u201d.<\/p>\n<p>Daha \u0259trafl\u0131 s\u00fcjetd\u0259:<\/p>\n<div><iframe loading=\"lazy\" title=\"YouTube video player\" src=\"https:\/\/www.youtube.com\/embed\/MrGPbcGNFlE?si=NUYTMm-l62SqiyQ5\" width=\"560\" height=\"315\" frameborder=\"0\" allowfullscreen=\"allowfullscreen\" data-mce-fragment=\"1\"><\/iframe><\/div>\n<p>&nbsp;<\/p>\n","protected":false},"excerpt":{"rendered":"<p>Birinci Qaraba\u011f m\u00fcharib\u0259si zaman\u0131 c\u0259bh\u0259 b\u00f6lg\u0259sind\u0259 \u0259sg\u0259rl\u0259r \u00fc\u00e7\u00fcn t\u0259\u015fkil edil\u0259n konsert proqramlar\u0131nda i\u015ftirak ed\u0259n Adil \u0130sg\u0259nd\u0259rov ad\u0131na Xalq teatr\u0131n\u0131n aktrisas\u0131 G\u00fcld\u0259r\u0259n Azayeva Baku TV-y\u0259 dan\u0131\u015f\u0131b. O, A\u011fdamda konsert verdiyi h\u0259rb\u00e7il\u0259rl\u0259 ba\u011fl\u0131 \u00fcz\u00fcc\u00fc xatir\u0259sind\u0259n b\u0259hs edib: \u201cD\u0259f\u0259l\u0259rl\u0259 sosial \u015f\u0259b\u0259k\u0259l\u0259rd\u0259 elan vermi\u015fdim ki, oradak\u0131 h\u0259rb\u00e7il\u0259rd\u0259n sa\u011f qalan varsa, onunla g\u00f6r\u00fc\u015fm\u0259k ist\u0259yir\u0259m. Bir d\u0259f\u0259 A\u011fdamdan bir o\u011flan g\u0259lib m\u0259ni tapd\u0131. Dedi ki, s\u0259n g\u00f6rd\u00fcy\u00fcn h\u0259rb\u00e7il\u0259rd\u0259n sa\u011f qalan\u0131 yoxdur\u201d. G.Azayeva F\u00fczulid\u0259n qay\u0131dark\u0259n ya\u015fad\u0131\u011f\u0131 t\u0259hl\u00fck\u0259li anlardan da s\u00f6z a\u00e7\u0131b: \u201cGec\u0259 p\u0259nc\u0259r\u0259ni a\u00e7anda s\u0259sl\u0259r e\u015fitdim. S\u00fcr\u00fcc\u00fcy\u0259 dedim ki, ma\u015f\u0131n\u0131 saxla, yolu s\u0259hv g\u0259lmi\u015fik. Erm\u0259nil\u0259r bir-birini \u00e7a\u011f\u0131r\u0131r,&hellip;<\/p>\n","protected":false},"author":2,"featured_media":648413,"comment_status":"closed","ping_status":"closed","sticky":false,"template":"","format":"standard","meta":{"om_disable_all_campaigns":false,"_monsterinsights_skip_tracking":false,"_monsterinsights_sitenote_active":false,"_monsterinsights_sitenote_note":"","_monsterinsights_sitenote_category":0},"categories":[1],"tags":[],"aioseo_notices":[],"gutentor_comment":0,"rttpg_featured_image_url":{"full":["https:\/\/arantv.az\/wp-content\/uploads\/2023\/10\/FotoJet-1-18.jpg",620,413,false],"landscape":["https:\/\/arantv.az\/wp-content\/uploads\/2023\/10\/FotoJet-1-18.jpg",620,413,false],"portraits":["https:\/\/arantv.az\/wp-content\/uploads\/2023\/10\/FotoJet-1-18.jpg",620,413,false],"thumbnail":["https:\/\/arantv.az\/wp-content\/uploads\/2023\/10\/FotoJet-1-18-500x280.jpg",500,280,true],"medium":["https:\/\/arantv.az\/wp-content\/uploads\/2023\/10\/FotoJet-1-18-548x365.jpg",548,365,true],"large":["https:\/\/arantv.az\/wp-content\/uploads\/2023\/10\/FotoJet-1-18.jpg",620,413,false],"1536x1536":["https:\/\/arantv.az\/wp-content\/uploads\/2023\/10\/FotoJet-1-18.jpg",620,413,false],"2048x2048":["https:\/\/arantv.az\/wp-content\/uploads\/2023\/10\/FotoJet-1-18.jpg",620,413,false],"post-thumbnail":["https:\/\/arantv.az\/wp-content\/uploads\/2023\/10\/FotoJet-1-18-240x172.jpg",240,172,true],"advps-thumb-one":["https:\/\/arantv.az\/wp-content\/uploads\/2023\/10\/FotoJet-1-18.jpg",620,413,false]},"rttpg_author":{"display_name":"V\u00fcsal Rafiqo\u011flu","author_link":"https:\/\/arantv.az\/?author=2"},"rttpg_comment":0,"rttpg_category":"<a href=\"https:\/\/arantv.az\/?cat=1\" rel=\"category\">C\u0259miyy\u0259t<\/a>","rttpg_excerpt":"Birinci Qaraba\u011f m\u00fcharib\u0259si zaman\u0131 c\u0259bh\u0259 b\u00f6lg\u0259sind\u0259 \u0259sg\u0259rl\u0259r \u00fc\u00e7\u00fcn t\u0259\u015fkil edil\u0259n konsert proqramlar\u0131nda i\u015ftirak ed\u0259n Adil \u0130sg\u0259nd\u0259rov ad\u0131na Xalq teatr\u0131n\u0131n aktrisas\u0131 G\u00fcld\u0259r\u0259n Azayeva Baku TV-y\u0259 dan\u0131\u015f\u0131b. O, A\u011fdamda konsert verdiyi h\u0259rb\u00e7il\u0259rl\u0259 ba\u011fl\u0131 \u00fcz\u00fcc\u00fc xatir\u0259sind\u0259n b\u0259hs edib: \u201cD\u0259f\u0259l\u0259rl\u0259 sosial \u015f\u0259b\u0259k\u0259l\u0259rd\u0259 elan vermi\u015fdim ki, oradak\u0131 h\u0259rb\u00e7il\u0259rd\u0259n sa\u011f qalan varsa, onunla g\u00f6r\u00fc\u015fm\u0259k ist\u0259yir\u0259m. Bir d\u0259f\u0259 A\u011fdamdan bir o\u011flan g\u0259lib&hellip;","_links":{"self":[{"href":"https:\/\/arantv.az\/index.php?rest_route=\/wp\/v2\/posts\/648410"}],"collection":[{"href":"https:\/\/arantv.az\/index.php?rest_route=\/wp\/v2\/posts"}],"about":[{"href":"https:\/\/arantv.az\/index.php?rest_route=\/wp\/v2\/types\/post"}],"author":[{"embeddable":true,"href":"https:\/\/arantv.az\/index.php?rest_route=\/wp\/v2\/users\/2"}],"replies":[{"embeddable":true,"href":"https:\/\/arantv.az\/index.php?rest_route=%2Fwp%2Fv2%2Fcomments&post=648410"}],"version-history":[{"count":0,"href":"https:\/\/arantv.az\/index.php?rest_route=\/wp\/v2\/posts\/648410\/revisions"}],"wp:featuredmedia":[{"embeddable":true,"href":"https:\/\/arantv.az\/index.php?rest_route=\/wp\/v2\/media\/648413"}],"wp:attachment":[{"href":"https:\/\/arantv.az\/index.php?rest_route=%2Fwp%2Fv2%2Fmedia&parent=648410"}],"wp:term":[{"taxonomy":"category","embeddable":true,"href":"https:\/\/arantv.az\/index.php?rest_route=%2Fwp%2Fv2%2Fcategories&post=648410"},{"taxonomy":"post_tag","embeddable":true,"href":"https:\/\/arantv.az\/index.php?rest_route=%2Fwp%2Fv2%2Ftags&post=648410"}],"curies":[{"name":"wp","href":"https:\/\/api.w.org\/{rel}","templated":true}]}}