{"id":648462,"date":"2023-10-22T13:05:51","date_gmt":"2023-10-22T09:05:51","guid":{"rendered":"https:\/\/arantv.az\/?p=648462"},"modified":"2023-10-22T13:05:51","modified_gmt":"2023-10-22T09:05:51","slug":"az%c9%99rbaycan-bayragi-ordenli-s%c9%99hid-saleh-m%c9%99cidzad%c9%99nin-q%c9%99hr%c9%99manliq-hekay%c9%99si-video","status":"publish","type":"post","link":"https:\/\/arantv.az\/?p=648462","title":{"rendered":"\u201cAz\u0259rbaycan Bayra\u011f\u0131\u201d ordenli \u015f\u0259hid Saleh M\u0259cidzad\u0259nin q\u0259hr\u0259manl\u0131q hekay\u0259si &#8211; V\u0130DEO"},"content":{"rendered":"<article class=\"news\">\n<div class=\"news-inner\">\n<p>\u201cAz\u0259rbaycan Bayra\u011f\u0131\u201d\u00a0ordenli \u015f\u0259hid Saleh M\u0259cidzad\u0259nin q\u0259hr\u0259manl\u0131q hekay\u0259si bar\u0259d\u0259 s\u00fcjet haz\u0131rlan\u0131b.<\/p>\n<p>\u015e\u0259hidin atas\u0131 N\u0259riman M\u0259cidov Baku TV-y\u0259 a\u00e7\u0131qlams\u0131nda bildirib ki, S.M\u0259cidzad\u0259 u\u015faql\u0131qda\u00a020 yanvar, Xocal\u0131 hadis\u0259l\u0259ri\u00a0tez-tez xat\u0131rlay\u0131rd\u0131:<\/p>\n<p>\u201cH\u0259r d\u0259f\u0259 m\u0259niml\u0259 dan\u0131\u015fark\u0259n\u00a0g\u00fcl\u0259-g\u00fcl\u0259 deyirdi ki, ata, narahat olmay\u0131n, bu torpaqlara bir d\u0259 d\u00fc\u015fm\u0259n aya\u011f\u0131\u00a0d\u0259ym\u0259y\u0259c\u0259k. O, qisasla al\u0131\u015f\u0131b yan\u0131rd\u0131\u201d.<\/p>\n<p>\u018ftrafl\u0131 s\u00fcjetd\u0259:<\/p>\n<div><iframe loading=\"lazy\" title=\"YouTube video player\" src=\"https:\/\/www.youtube.com\/embed\/xOVEn2zp1bs?si=bvaTvWivGvBXOUGw\" width=\"560\" height=\"315\" frameborder=\"0\" allowfullscreen=\"allowfullscreen\" data-mce-fragment=\"1\"><\/iframe><\/div>\n<\/div>\n<\/article>\n","protected":false},"excerpt":{"rendered":"<p>\u201cAz\u0259rbaycan Bayra\u011f\u0131\u201d\u00a0ordenli \u015f\u0259hid Saleh M\u0259cidzad\u0259nin q\u0259hr\u0259manl\u0131q hekay\u0259si bar\u0259d\u0259 s\u00fcjet haz\u0131rlan\u0131b. \u015e\u0259hidin atas\u0131 N\u0259riman M\u0259cidov Baku TV-y\u0259 a\u00e7\u0131qlams\u0131nda bildirib ki, S.M\u0259cidzad\u0259 u\u015faql\u0131qda\u00a020 yanvar, Xocal\u0131 hadis\u0259l\u0259ri\u00a0tez-tez xat\u0131rlay\u0131rd\u0131: \u201cH\u0259r d\u0259f\u0259 m\u0259niml\u0259 dan\u0131\u015fark\u0259n\u00a0g\u00fcl\u0259-g\u00fcl\u0259 deyirdi ki, ata, narahat olmay\u0131n, bu torpaqlara bir d\u0259 d\u00fc\u015fm\u0259n aya\u011f\u0131\u00a0d\u0259ym\u0259y\u0259c\u0259k. O, qisasla al\u0131\u015f\u0131b yan\u0131rd\u0131\u201d. \u018ftrafl\u0131 s\u00fcjetd\u0259:<\/p>\n","protected":false},"author":2,"featured_media":648465,"comment_status":"closed","ping_status":"closed","sticky":false,"template":"","format":"standard","meta":{"om_disable_all_campaigns":false,"_monsterinsights_skip_tracking":false,"_monsterinsights_sitenote_active":false,"_monsterinsights_sitenote_note":"","_monsterinsights_sitenote_category":0},"categories":[1],"tags":[],"aioseo_notices":[],"gutentor_comment":0,"rttpg_featured_image_url":{"full":["https:\/\/arantv.az\/wp-content\/uploads\/2023\/10\/FotoJet-20-1.jpg",620,413,false],"landscape":["https:\/\/arantv.az\/wp-content\/uploads\/2023\/10\/FotoJet-20-1.jpg",620,413,false],"portraits":["https:\/\/arantv.az\/wp-content\/uploads\/2023\/10\/FotoJet-20-1.jpg",620,413,false],"thumbnail":["https:\/\/arantv.az\/wp-content\/uploads\/2023\/10\/FotoJet-20-1-500x280.jpg",500,280,true],"medium":["https:\/\/arantv.az\/wp-content\/uploads\/2023\/10\/FotoJet-20-1-548x365.jpg",548,365,true],"large":["https:\/\/arantv.az\/wp-content\/uploads\/2023\/10\/FotoJet-20-1.jpg",620,413,false],"1536x1536":["https:\/\/arantv.az\/wp-content\/uploads\/2023\/10\/FotoJet-20-1.jpg",620,413,false],"2048x2048":["https:\/\/arantv.az\/wp-content\/uploads\/2023\/10\/FotoJet-20-1.jpg",620,413,false],"post-thumbnail":["https:\/\/arantv.az\/wp-content\/uploads\/2023\/10\/FotoJet-20-1-240x172.jpg",240,172,true],"advps-thumb-one":["https:\/\/arantv.az\/wp-content\/uploads\/2023\/10\/FotoJet-20-1.jpg",620,413,false]},"rttpg_author":{"display_name":"V\u00fcsal Rafiqo\u011flu","author_link":"https:\/\/arantv.az\/?author=2"},"rttpg_comment":0,"rttpg_category":"<a href=\"https:\/\/arantv.az\/?cat=1\" rel=\"category\">C\u0259miyy\u0259t<\/a>","rttpg_excerpt":"\u201cAz\u0259rbaycan Bayra\u011f\u0131\u201d\u00a0ordenli \u015f\u0259hid Saleh M\u0259cidzad\u0259nin q\u0259hr\u0259manl\u0131q hekay\u0259si bar\u0259d\u0259 s\u00fcjet haz\u0131rlan\u0131b. \u015e\u0259hidin atas\u0131 N\u0259riman M\u0259cidov Baku TV-y\u0259 a\u00e7\u0131qlams\u0131nda bildirib ki, S.M\u0259cidzad\u0259 u\u015faql\u0131qda\u00a020 yanvar, Xocal\u0131 hadis\u0259l\u0259ri\u00a0tez-tez xat\u0131rlay\u0131rd\u0131: \u201cH\u0259r d\u0259f\u0259 m\u0259niml\u0259 dan\u0131\u015fark\u0259n\u00a0g\u00fcl\u0259-g\u00fcl\u0259 deyirdi ki, ata, narahat olmay\u0131n, bu torpaqlara bir d\u0259 d\u00fc\u015fm\u0259n aya\u011f\u0131\u00a0d\u0259ym\u0259y\u0259c\u0259k. O, qisasla al\u0131\u015f\u0131b yan\u0131rd\u0131\u201d. \u018ftrafl\u0131 s\u00fcjetd\u0259:","_links":{"self":[{"href":"https:\/\/arantv.az\/index.php?rest_route=\/wp\/v2\/posts\/648462"}],"collection":[{"href":"https:\/\/arantv.az\/index.php?rest_route=\/wp\/v2\/posts"}],"about":[{"href":"https:\/\/arantv.az\/index.php?rest_route=\/wp\/v2\/types\/post"}],"author":[{"embeddable":true,"href":"https:\/\/arantv.az\/index.php?rest_route=\/wp\/v2\/users\/2"}],"replies":[{"embeddable":true,"href":"https:\/\/arantv.az\/index.php?rest_route=%2Fwp%2Fv2%2Fcomments&post=648462"}],"version-history":[{"count":0,"href":"https:\/\/arantv.az\/index.php?rest_route=\/wp\/v2\/posts\/648462\/revisions"}],"wp:featuredmedia":[{"embeddable":true,"href":"https:\/\/arantv.az\/index.php?rest_route=\/wp\/v2\/media\/648465"}],"wp:attachment":[{"href":"https:\/\/arantv.az\/index.php?rest_route=%2Fwp%2Fv2%2Fmedia&parent=648462"}],"wp:term":[{"taxonomy":"category","embeddable":true,"href":"https:\/\/arantv.az\/index.php?rest_route=%2Fwp%2Fv2%2Fcategories&post=648462"},{"taxonomy":"post_tag","embeddable":true,"href":"https:\/\/arantv.az\/index.php?rest_route=%2Fwp%2Fv2%2Ftags&post=648462"}],"curies":[{"name":"wp","href":"https:\/\/api.w.org\/{rel}","templated":true}]}}