{"id":648495,"date":"2023-10-22T15:29:05","date_gmt":"2023-10-22T11:29:05","guid":{"rendered":"https:\/\/arantv.az\/?p=648495"},"modified":"2023-10-22T15:29:05","modified_gmt":"2023-10-22T11:29:05","slug":"q%c9%99rbi-az%c9%99rbaycan-icmasi-abs-v%c9%99-ai-ni-insan-huquqlari-m%c9%99s%c9%99l%c9%99sind%c9%99-ayri-seckiliy%c9%99-yol-verm%c9%99m%c9%99y%c9%99-cagirib","status":"publish","type":"post","link":"https:\/\/arantv.az\/?p=648495","title":{"rendered":"Q\u0259rbi Az\u0259rbaycan \u0130cmas\u0131 AB\u015e v\u0259 A\u0130-ni insan h\u00fcquqlar\u0131 m\u0259s\u0259l\u0259sind\u0259 ayr\u0131-se\u00e7kiliy\u0259 yol verm\u0259m\u0259y\u0259 \u00e7a\u011f\u0131r\u0131b"},"content":{"rendered":"<p>\u201cQ\u0259rbi Az\u0259rbaycan \u0130cmas\u0131 Amerika Birl\u0259\u015fmi\u015f \u015etatlar\u0131\u00a0(AB\u015e)\u00a0v\u0259 Avropa \u0130ttifaq\u0131n\u0131n\u00a0(A\u0130) 2023-c\u00fc il 20 oktyabrda ke\u00e7irdikl\u0259ri\u00a0zirv\u0259 g\u00f6r\u00fc\u015f\u00fcn\u00fcn Birg\u0259 B\u0259yanat\u0131nda Erm\u0259nistandan qovulmu\u015f az\u0259rbaycanl\u0131lara m\u00fcnasib\u0259td\u0259 yol verilmi\u015f ayr\u0131-se\u00e7kilikd\u0259n d\u0259rind\u0259n t\u0259\u0259ss\u00fcfl\u0259nir\u201d.<\/p>\n<p>Bu bar\u0259d\u0259 \u0130cman\u0131n yayd\u0131\u011f\u0131 m\u0259lumatda bildirilib.<\/p>\n<p>\u201cS\u0259n\u0259dd\u0259 Az\u0259rbaycan\u0131n Qaraba\u011f b\u00f6lg\u0259sinin erm\u0259nil\u0259rinin \u201ch\u00fcquq v\u0259 t\u0259hl\u00fck\u0259sizliyi\u201d, o c\u00fcml\u0259d\u0259n, onlar\u0131n geri qay\u0131tmas\u0131na d\u0259st\u0259k ifad\u0259 edils\u0259 d\u0259, Erm\u0259nistandan qovulmu\u015f az\u0259rbaycanl\u0131larla ba\u011fl\u0131 ox\u015far d\u0259st\u0259yin\u00a0ifad\u0259\u00a0edilm\u0259m\u0259si\u00a0etnik \u0259sasda ayr\u0131-se\u00e7kilikdir\u00a0v\u0259\u00a0b\u00f6lg\u0259d\u0259\u00a0s\u00fclh\u00fcn b\u0259rq\u0259rar olmas\u0131na \u0259ng\u0259l t\u00f6r\u0259tm\u0259k m\u0259qs\u0259di da\u015f\u0131y\u0131r.\u00a0Ke\u00e7mi\u015f m\u00fcnaqi\u015f\u0259nin t\u0259sirin\u0259 m\u0259ruz qalm\u0131\u015f insanlar\u0131n \u0259hat\u0259 dair\u0259sinin daha geni\u015f olmas\u0131na baxmayaraq, ancaq Qaraba\u011f erm\u0259nil\u0259rinin\u00a0halland\u0131r\u0131lmas\u0131, h\u0259min b\u00f6lg\u0259d\u0259 olmu\u015f separatizmi yenid\u0259n dir\u00e7\u0259ltm\u0259k m\u0259qs\u0259di da\u015f\u0131y\u0131r.<\/p>\n<p>B\u0259yanatda suverenlik, s\u0259rh\u0259dl\u0259rin\u00a0toxunulmazl\u0131\u011f\u0131\u00a0v\u0259 \u0259razi b\u00fct\u00f6vl\u00fcy\u00fcn\u00fcn qar\u015f\u0131l\u0131ql\u0131 \u015f\u0259kild\u0259 tan\u0131nmas\u0131 \u0259sas\u0131nda Az\u0259rbaycan v\u0259 Erm\u0259nistan aras\u0131nda s\u00fclh\u00fcn t\u0259\u015fviq\u00a0olunmas\u0131na\u00a0ifad\u0259 olunan d\u0259st\u0259yi\u00a0ilk bax\u0131\u015fda\u00a0m\u00fcsb\u0259t hesab etm\u0259k olar. Lakin, Az\u0259rbaycan \u0259razil\u0259rinin 30 il i\u015f\u011fal alt\u0131nda saxland\u0131\u011f\u0131 d\u00f6vrd\u0259 niy\u0259 bu c\u00fcr birm\u0259nal\u0131 d\u0259st\u0259k ifad\u0259\u00a0edilm\u0259m\u0259si\u00a0Az\u0259rbaycan ictimaiyy\u0259tind\u0259\u00a0haql\u0131 olaraq sual do\u011furur.<\/p>\n<p>Q\u0259rbi Az\u0259rbaycan \u0130cmas\u0131 AB\u015e v\u0259 A\u0130-nin Erm\u0259nistan v\u0259 Az\u0259rbaycan aras\u0131nda m\u00fcnaqi\u015f\u0259nin 30 il \u0259rzind\u0259 h\u0259ll edilm\u0259mi\u015f qalmas\u0131 il\u0259 ba\u011fl\u0131 m\u0259suliyy\u0259tini xat\u0131rlad\u0131r\u00a0v\u0259 onlar\u0131\u00a0m\u00fcnaqi\u015f\u0259nin\u00a0n\u0259hay\u0259t\u00a0Az\u0259rbaycan\u0131n s\u0259yl\u0259ri\u00a0say\u0259sind\u0259\u00a0h\u0259ll\u00a0edilm\u0259sind\u0259n\u00a0sonra b\u00f6lg\u0259d\u0259 davaml\u0131 s\u00fclh \u00fc\u00e7\u00fcn yaranm\u0131\u015f unikal imkan\u0131 m\u0259hv etm\u0259m\u0259y\u0259, insan h\u00fcquqlar\u0131 m\u0259s\u0259l\u0259sind\u0259 ayr\u0131-se\u00e7kiliy\u0259 yol verm\u0259m\u0259y\u0259 v\u0259 Erm\u0259nistandan qovulmu\u015f az\u0259rbaycanl\u0131lar\u0131n s\u00fclh yolu il\u0259, t\u0259hl\u00fck\u0259siz \u015f\u0259kild\u0259 v\u0259 l\u0259yaq\u0259tl\u0259 geri qay\u0131tmas\u0131na d\u0259st\u0259k verm\u0259y\u0259 \u00e7a\u011f\u0131r\u0131r\u201d, &#8211; dey\u0259 m\u0259lumatda qeyd olunub.<\/p>\n","protected":false},"excerpt":{"rendered":"<p>\u201cQ\u0259rbi Az\u0259rbaycan \u0130cmas\u0131 Amerika Birl\u0259\u015fmi\u015f \u015etatlar\u0131\u00a0(AB\u015e)\u00a0v\u0259 Avropa \u0130ttifaq\u0131n\u0131n\u00a0(A\u0130) 2023-c\u00fc il 20 oktyabrda ke\u00e7irdikl\u0259ri\u00a0zirv\u0259 g\u00f6r\u00fc\u015f\u00fcn\u00fcn Birg\u0259 B\u0259yanat\u0131nda Erm\u0259nistandan qovulmu\u015f az\u0259rbaycanl\u0131lara m\u00fcnasib\u0259td\u0259 yol verilmi\u015f ayr\u0131-se\u00e7kilikd\u0259n d\u0259rind\u0259n t\u0259\u0259ss\u00fcfl\u0259nir\u201d. Bu bar\u0259d\u0259 \u0130cman\u0131n yayd\u0131\u011f\u0131 m\u0259lumatda bildirilib. \u201cS\u0259n\u0259dd\u0259 Az\u0259rbaycan\u0131n Qaraba\u011f b\u00f6lg\u0259sinin erm\u0259nil\u0259rinin \u201ch\u00fcquq v\u0259 t\u0259hl\u00fck\u0259sizliyi\u201d, o c\u00fcml\u0259d\u0259n, onlar\u0131n geri qay\u0131tmas\u0131na d\u0259st\u0259k ifad\u0259 edils\u0259 d\u0259, Erm\u0259nistandan qovulmu\u015f az\u0259rbaycanl\u0131larla ba\u011fl\u0131 ox\u015far d\u0259st\u0259yin\u00a0ifad\u0259\u00a0edilm\u0259m\u0259si\u00a0etnik \u0259sasda ayr\u0131-se\u00e7kilikdir\u00a0v\u0259\u00a0b\u00f6lg\u0259d\u0259\u00a0s\u00fclh\u00fcn b\u0259rq\u0259rar olmas\u0131na \u0259ng\u0259l t\u00f6r\u0259tm\u0259k m\u0259qs\u0259di da\u015f\u0131y\u0131r.\u00a0Ke\u00e7mi\u015f m\u00fcnaqi\u015f\u0259nin t\u0259sirin\u0259 m\u0259ruz qalm\u0131\u015f insanlar\u0131n \u0259hat\u0259 dair\u0259sinin daha geni\u015f olmas\u0131na baxmayaraq, ancaq Qaraba\u011f erm\u0259nil\u0259rinin\u00a0halland\u0131r\u0131lmas\u0131, h\u0259min b\u00f6lg\u0259d\u0259 olmu\u015f separatizmi yenid\u0259n dir\u00e7\u0259ltm\u0259k m\u0259qs\u0259di da\u015f\u0131y\u0131r. B\u0259yanatda suverenlik, s\u0259rh\u0259dl\u0259rin\u00a0toxunulmazl\u0131\u011f\u0131\u00a0v\u0259 \u0259razi b\u00fct\u00f6vl\u00fcy\u00fcn\u00fcn qar\u015f\u0131l\u0131ql\u0131&hellip;<\/p>\n","protected":false},"author":2,"featured_media":648498,"comment_status":"closed","ping_status":"closed","sticky":false,"template":"","format":"standard","meta":{"om_disable_all_campaigns":false,"_monsterinsights_skip_tracking":false,"_monsterinsights_sitenote_active":false,"_monsterinsights_sitenote_note":"","_monsterinsights_sitenote_category":0},"categories":[4],"tags":[],"aioseo_notices":[],"gutentor_comment":0,"rttpg_featured_image_url":{"full":["https:\/\/arantv.az\/wp-content\/uploads\/2023\/10\/a0a54f98-0d67-3545-a597-7365d7ef9900_850-1-2-1-1-1-1.jpg",620,413,false],"landscape":["https:\/\/arantv.az\/wp-content\/uploads\/2023\/10\/a0a54f98-0d67-3545-a597-7365d7ef9900_850-1-2-1-1-1-1.jpg",620,413,false],"portraits":["https:\/\/arantv.az\/wp-content\/uploads\/2023\/10\/a0a54f98-0d67-3545-a597-7365d7ef9900_850-1-2-1-1-1-1.jpg",620,413,false],"thumbnail":["https:\/\/arantv.az\/wp-content\/uploads\/2023\/10\/a0a54f98-0d67-3545-a597-7365d7ef9900_850-1-2-1-1-1-1-500x280.jpg",500,280,true],"medium":["https:\/\/arantv.az\/wp-content\/uploads\/2023\/10\/a0a54f98-0d67-3545-a597-7365d7ef9900_850-1-2-1-1-1-1-548x365.jpg",548,365,true],"large":["https:\/\/arantv.az\/wp-content\/uploads\/2023\/10\/a0a54f98-0d67-3545-a597-7365d7ef9900_850-1-2-1-1-1-1.jpg",620,413,false],"1536x1536":["https:\/\/arantv.az\/wp-content\/uploads\/2023\/10\/a0a54f98-0d67-3545-a597-7365d7ef9900_850-1-2-1-1-1-1.jpg",620,413,false],"2048x2048":["https:\/\/arantv.az\/wp-content\/uploads\/2023\/10\/a0a54f98-0d67-3545-a597-7365d7ef9900_850-1-2-1-1-1-1.jpg",620,413,false],"post-thumbnail":["https:\/\/arantv.az\/wp-content\/uploads\/2023\/10\/a0a54f98-0d67-3545-a597-7365d7ef9900_850-1-2-1-1-1-1-240x172.jpg",240,172,true],"advps-thumb-one":["https:\/\/arantv.az\/wp-content\/uploads\/2023\/10\/a0a54f98-0d67-3545-a597-7365d7ef9900_850-1-2-1-1-1-1.jpg",620,413,false]},"rttpg_author":{"display_name":"V\u00fcsal Rafiqo\u011flu","author_link":"https:\/\/arantv.az\/?author=2"},"rttpg_comment":0,"rttpg_category":"<a href=\"https:\/\/arantv.az\/?cat=4\" rel=\"category\">Siyas\u0259t<\/a>","rttpg_excerpt":"\u201cQ\u0259rbi Az\u0259rbaycan \u0130cmas\u0131 Amerika Birl\u0259\u015fmi\u015f \u015etatlar\u0131\u00a0(AB\u015e)\u00a0v\u0259 Avropa \u0130ttifaq\u0131n\u0131n\u00a0(A\u0130) 2023-c\u00fc il 20 oktyabrda ke\u00e7irdikl\u0259ri\u00a0zirv\u0259 g\u00f6r\u00fc\u015f\u00fcn\u00fcn Birg\u0259 B\u0259yanat\u0131nda Erm\u0259nistandan qovulmu\u015f az\u0259rbaycanl\u0131lara m\u00fcnasib\u0259td\u0259 yol verilmi\u015f ayr\u0131-se\u00e7kilikd\u0259n d\u0259rind\u0259n t\u0259\u0259ss\u00fcfl\u0259nir\u201d. Bu bar\u0259d\u0259 \u0130cman\u0131n yayd\u0131\u011f\u0131 m\u0259lumatda bildirilib. \u201cS\u0259n\u0259dd\u0259 Az\u0259rbaycan\u0131n Qaraba\u011f b\u00f6lg\u0259sinin erm\u0259nil\u0259rinin \u201ch\u00fcquq v\u0259 t\u0259hl\u00fck\u0259sizliyi\u201d, o c\u00fcml\u0259d\u0259n, onlar\u0131n geri qay\u0131tmas\u0131na d\u0259st\u0259k ifad\u0259 edils\u0259 d\u0259, Erm\u0259nistandan qovulmu\u015f az\u0259rbaycanl\u0131larla ba\u011fl\u0131 ox\u015far d\u0259st\u0259yin\u00a0ifad\u0259\u00a0edilm\u0259m\u0259si\u00a0etnik \u0259sasda&hellip;","_links":{"self":[{"href":"https:\/\/arantv.az\/index.php?rest_route=\/wp\/v2\/posts\/648495"}],"collection":[{"href":"https:\/\/arantv.az\/index.php?rest_route=\/wp\/v2\/posts"}],"about":[{"href":"https:\/\/arantv.az\/index.php?rest_route=\/wp\/v2\/types\/post"}],"author":[{"embeddable":true,"href":"https:\/\/arantv.az\/index.php?rest_route=\/wp\/v2\/users\/2"}],"replies":[{"embeddable":true,"href":"https:\/\/arantv.az\/index.php?rest_route=%2Fwp%2Fv2%2Fcomments&post=648495"}],"version-history":[{"count":0,"href":"https:\/\/arantv.az\/index.php?rest_route=\/wp\/v2\/posts\/648495\/revisions"}],"wp:featuredmedia":[{"embeddable":true,"href":"https:\/\/arantv.az\/index.php?rest_route=\/wp\/v2\/media\/648498"}],"wp:attachment":[{"href":"https:\/\/arantv.az\/index.php?rest_route=%2Fwp%2Fv2%2Fmedia&parent=648495"}],"wp:term":[{"taxonomy":"category","embeddable":true,"href":"https:\/\/arantv.az\/index.php?rest_route=%2Fwp%2Fv2%2Fcategories&post=648495"},{"taxonomy":"post_tag","embeddable":true,"href":"https:\/\/arantv.az\/index.php?rest_route=%2Fwp%2Fv2%2Ftags&post=648495"}],"curies":[{"name":"wp","href":"https:\/\/api.w.org\/{rel}","templated":true}]}}