{"id":648501,"date":"2023-10-22T15:30:36","date_gmt":"2023-10-22T11:30:36","guid":{"rendered":"https:\/\/arantv.az\/?p=648501"},"modified":"2023-10-22T15:30:36","modified_gmt":"2023-10-22T11:30:36","slug":"turkiy%c9%99n-mn-sabah-az%c9%99rbaycanda-t%c9%99lim%c9%99-baslanilacaq-video","status":"publish","type":"post","link":"https:\/\/arantv.az\/?p=648501","title":{"rendered":"T\u00fcrkiy\u0259n MN: \u201cSabah Az\u0259rbaycanda t\u0259lim\u0259 ba\u015flan\u0131lacaq\u201d &#8211; V\u0130DEO"},"content":{"rendered":"<p>T\u00fcrkiy\u0259 M\u00fcdafi\u0259 Nazirliyi respublikan\u0131n yaranmas\u0131n\u0131n y\u00fcz illiyi m\u00fcnasib\u0259til\u0259 Az\u0259rbaycanda ke\u00e7iril\u0259c\u0259k \u201cMustafa Kamal Atat\u00fcrk 2023\u201d t\u0259liminin sabah ba\u015flayaca\u011f\u0131n\u0131 a\u00e7\u0131qlay\u0131b.<\/p>\n<p>Bununla ba\u011fl\u0131 nazirliyin \u201cX\u201d sosial \u015f\u0259b\u0259k\u0259sind\u0259ki hesab\u0131nda bildirilib.<\/p>\n<p>\u201cT\u00fcrkiy\u0259 v\u0259 Az\u0259rbaycan quru qo\u015funlar\u0131 aras\u0131nda dostluq, \u0259m\u0259kda\u015fl\u0131q v\u0259 qar\u015f\u0131l\u0131ql\u0131 f\u0259aliyy\u0259tin g\u00fccl\u0259ndirilm\u0259si, bilik v\u0259 t\u0259cr\u00fcb\u0259 m\u00fcbadil\u0259si m\u0259qs\u0259di il\u0259 h\u0259yata ke\u00e7iril\u0259c\u0259k \u201cMustafa Kamal Atat\u00fcrk 2023\u201d t\u0259limi v\u0259 m\u00fc\u015ft\u0259r\u0259k \u0259m\u0259liyyatlar h\u0259yata ke\u00e7irm\u0259 qabiliyy\u0259tinin art\u0131r\u0131lmas\u0131na sabahdan start verilir. \u201cT\u0259limd\u0259 xidm\u0259t g\u00f6st\u0259r\u0259c\u0259k F-16 t\u0259yyar\u0259l\u0259rimiz Az\u0259rbaycana g\u0259lib\u201d, &#8211; nazirliyin sosial media hesab\u0131ndak\u0131 a\u00e7\u0131qlamada bildirilir.<\/p>\n<p>Xat\u0131rladaq ki, Az\u0259rbaycan\u0131n M\u00fcdafi\u0259 Nazirliyi \u00f6t\u0259n g\u00fcn iki \u00f6lk\u0259nin H\u0259rbi Hava Q\u00fcvv\u0259l\u0259rinin \u201cMustafa Kamal Atat\u00fcrk \u2013 2023\u201d birg\u0259 taktiki t\u0259limin\u0259 c\u0259lb edil\u0259n aviasiya vasit\u0259l\u0259ri il\u0259 m\u0259\u015fql\u0259rin ke\u00e7irildiyini bildirib. Oktyabr\u0131n 23-25-d\u0259 ke\u00e7iril\u0259c\u0259k t\u0259lim\u0259 h\u0259r iki qarda\u015f \u00f6lk\u0259nin m\u00fcxt\u0259lif qo\u015fun n\u00f6v\u00fcnd\u0259n xeyli sayda texnika, artilleriya v\u0259 aviasiya vasit\u0259l\u0259ri, el\u0259c\u0259 d\u0259 m\u00fch\u0259ndis texnikas\u0131 v\u0259 ki\u00e7ik botlar c\u0259lb olunub.<\/p>\n<div>\n<div class=\"twitter-tweet twitter-tweet-rendered\"><iframe id=\"twitter-widget-0\" class=\"\" title=\"Twitter Tweet\" src=\"https:\/\/platform.twitter.com\/embed\/Tweet.html?creatorScreenName=oxuaz&amp;dnt=false&amp;embedId=twitter-widget-0&amp;features=eyJ0ZndfdGltZWxpbmVfbGlzdCI6eyJidWNrZXQiOltdLCJ2ZXJzaW9uIjpudWxsfSwidGZ3X2ZvbGxvd2VyX2NvdW50X3N1bnNldCI6eyJidWNrZXQiOnRydWUsInZlcnNpb24iOm51bGx9LCJ0ZndfdHdlZXRfZWRpdF9iYWNrZW5kIjp7ImJ1Y2tldCI6Im9uIiwidmVyc2lvbiI6bnVsbH0sInRmd19yZWZzcmNfc2Vzc2lvbiI6eyJidWNrZXQiOiJvbiIsInZlcnNpb24iOm51bGx9LCJ0ZndfZm9zbnJfc29mdF9pbnRlcnZlbnRpb25zX2VuYWJsZWQiOnsiYnVja2V0Ijoib24iLCJ2ZXJzaW9uIjpudWxsfSwidGZ3X21peGVkX21lZGlhXzE1ODk3Ijp7ImJ1Y2tldCI6InRyZWF0bWVudCIsInZlcnNpb24iOm51bGx9LCJ0ZndfZXhwZXJpbWVudHNfY29va2llX2V4cGlyYXRpb24iOnsiYnVja2V0IjoxMjA5NjAwLCJ2ZXJzaW9uIjpudWxsfSwidGZ3X3Nob3dfYmlyZHdhdGNoX3Bpdm90c19lbmFibGVkIjp7ImJ1Y2tldCI6Im9uIiwidmVyc2lvbiI6bnVsbH0sInRmd19kdXBsaWNhdGVfc2NyaWJlc190b19zZXR0aW5ncyI6eyJidWNrZXQiOiJvbiIsInZlcnNpb24iOm51bGx9LCJ0ZndfdXNlX3Byb2ZpbGVfaW1hZ2Vfc2hhcGVfZW5hYmxlZCI6eyJidWNrZXQiOiJvbiIsInZlcnNpb24iOm51bGx9LCJ0ZndfdmlkZW9faGxzX2R5bmFtaWNfbWFuaWZlc3RzXzE1MDgyIjp7ImJ1Y2tldCI6InRydWVfYml0cmF0ZSIsInZlcnNpb24iOm51bGx9LCJ0ZndfbGVnYWN5X3RpbWVsaW5lX3N1bnNldCI6eyJidWNrZXQiOnRydWUsInZlcnNpb24iOm51bGx9LCJ0ZndfdHdlZXRfZWRpdF9mcm9udGVuZCI6eyJidWNrZXQiOiJvbiIsInZlcnNpb24iOm51bGx9fQ%3D%3D&amp;frame=false&amp;hideCard=false&amp;hideThread=false&amp;id=1715992396750541204&amp;lang=en&amp;origin=https%3A%2F%2Foxu.az%2Fpolitics%2F793432&amp;sessionId=ac3eadcec880972acd5613ee3fc05f62badec4cb&amp;siteScreenName=oxuaz&amp;theme=light&amp;widgetsVersion=01917f4d1d4cb%3A1696883169554&amp;width=550px\" frameborder=\"0\" scrolling=\"no\" allowfullscreen=\"allowfullscreen\" data-tweet-id=\"1715992396750541204\" data-mce-fragment=\"1\"><\/iframe><\/div>\n<\/div>\n<p>&nbsp;<\/p>\n","protected":false},"excerpt":{"rendered":"<p>T\u00fcrkiy\u0259 M\u00fcdafi\u0259 Nazirliyi respublikan\u0131n yaranmas\u0131n\u0131n y\u00fcz illiyi m\u00fcnasib\u0259til\u0259 Az\u0259rbaycanda ke\u00e7iril\u0259c\u0259k \u201cMustafa Kamal Atat\u00fcrk 2023\u201d t\u0259liminin sabah ba\u015flayaca\u011f\u0131n\u0131 a\u00e7\u0131qlay\u0131b. Bununla ba\u011fl\u0131 nazirliyin \u201cX\u201d sosial \u015f\u0259b\u0259k\u0259sind\u0259ki hesab\u0131nda bildirilib. \u201cT\u00fcrkiy\u0259 v\u0259 Az\u0259rbaycan quru qo\u015funlar\u0131 aras\u0131nda dostluq, \u0259m\u0259kda\u015fl\u0131q v\u0259 qar\u015f\u0131l\u0131ql\u0131 f\u0259aliyy\u0259tin g\u00fccl\u0259ndirilm\u0259si, bilik v\u0259 t\u0259cr\u00fcb\u0259 m\u00fcbadil\u0259si m\u0259qs\u0259di il\u0259 h\u0259yata ke\u00e7iril\u0259c\u0259k \u201cMustafa Kamal Atat\u00fcrk 2023\u201d t\u0259limi v\u0259 m\u00fc\u015ft\u0259r\u0259k \u0259m\u0259liyyatlar h\u0259yata ke\u00e7irm\u0259 qabiliyy\u0259tinin art\u0131r\u0131lmas\u0131na sabahdan start verilir. \u201cT\u0259limd\u0259 xidm\u0259t g\u00f6st\u0259r\u0259c\u0259k F-16 t\u0259yyar\u0259l\u0259rimiz Az\u0259rbaycana g\u0259lib\u201d, &#8211; nazirliyin sosial media hesab\u0131ndak\u0131 a\u00e7\u0131qlamada bildirilir. Xat\u0131rladaq ki, Az\u0259rbaycan\u0131n M\u00fcdafi\u0259 Nazirliyi \u00f6t\u0259n g\u00fcn iki \u00f6lk\u0259nin H\u0259rbi Hava Q\u00fcvv\u0259l\u0259rinin \u201cMustafa Kamal Atat\u00fcrk&hellip;<\/p>\n","protected":false},"author":2,"featured_media":648505,"comment_status":"closed","ping_status":"closed","sticky":false,"template":"","format":"standard","meta":{"om_disable_all_campaigns":false,"_monsterinsights_skip_tracking":false,"_monsterinsights_sitenote_active":false,"_monsterinsights_sitenote_note":"","_monsterinsights_sitenote_category":0},"categories":[4],"tags":[],"aioseo_notices":[],"gutentor_comment":0,"rttpg_featured_image_url":{"full":["https:\/\/arantv.az\/wp-content\/uploads\/2023\/10\/FotoJet-2022-05-25T153920.830.jpg",620,413,false],"landscape":["https:\/\/arantv.az\/wp-content\/uploads\/2023\/10\/FotoJet-2022-05-25T153920.830.jpg",620,413,false],"portraits":["https:\/\/arantv.az\/wp-content\/uploads\/2023\/10\/FotoJet-2022-05-25T153920.830.jpg",620,413,false],"thumbnail":["https:\/\/arantv.az\/wp-content\/uploads\/2023\/10\/FotoJet-2022-05-25T153920.830-500x280.jpg",500,280,true],"medium":["https:\/\/arantv.az\/wp-content\/uploads\/2023\/10\/FotoJet-2022-05-25T153920.830-548x365.jpg",548,365,true],"large":["https:\/\/arantv.az\/wp-content\/uploads\/2023\/10\/FotoJet-2022-05-25T153920.830.jpg",620,413,false],"1536x1536":["https:\/\/arantv.az\/wp-content\/uploads\/2023\/10\/FotoJet-2022-05-25T153920.830.jpg",620,413,false],"2048x2048":["https:\/\/arantv.az\/wp-content\/uploads\/2023\/10\/FotoJet-2022-05-25T153920.830.jpg",620,413,false],"post-thumbnail":["https:\/\/arantv.az\/wp-content\/uploads\/2023\/10\/FotoJet-2022-05-25T153920.830-240x172.jpg",240,172,true],"advps-thumb-one":["https:\/\/arantv.az\/wp-content\/uploads\/2023\/10\/FotoJet-2022-05-25T153920.830.jpg",620,413,false]},"rttpg_author":{"display_name":"V\u00fcsal Rafiqo\u011flu","author_link":"https:\/\/arantv.az\/?author=2"},"rttpg_comment":0,"rttpg_category":"<a href=\"https:\/\/arantv.az\/?cat=4\" rel=\"category\">Siyas\u0259t<\/a>","rttpg_excerpt":"T\u00fcrkiy\u0259 M\u00fcdafi\u0259 Nazirliyi respublikan\u0131n yaranmas\u0131n\u0131n y\u00fcz illiyi m\u00fcnasib\u0259til\u0259 Az\u0259rbaycanda ke\u00e7iril\u0259c\u0259k \u201cMustafa Kamal Atat\u00fcrk 2023\u201d t\u0259liminin sabah ba\u015flayaca\u011f\u0131n\u0131 a\u00e7\u0131qlay\u0131b. Bununla ba\u011fl\u0131 nazirliyin \u201cX\u201d sosial \u015f\u0259b\u0259k\u0259sind\u0259ki hesab\u0131nda bildirilib. \u201cT\u00fcrkiy\u0259 v\u0259 Az\u0259rbaycan quru qo\u015funlar\u0131 aras\u0131nda dostluq, \u0259m\u0259kda\u015fl\u0131q v\u0259 qar\u015f\u0131l\u0131ql\u0131 f\u0259aliyy\u0259tin g\u00fccl\u0259ndirilm\u0259si, bilik v\u0259 t\u0259cr\u00fcb\u0259 m\u00fcbadil\u0259si m\u0259qs\u0259di il\u0259 h\u0259yata ke\u00e7iril\u0259c\u0259k \u201cMustafa Kamal Atat\u00fcrk 2023\u201d t\u0259limi v\u0259 m\u00fc\u015ft\u0259r\u0259k \u0259m\u0259liyyatlar h\u0259yata&hellip;","_links":{"self":[{"href":"https:\/\/arantv.az\/index.php?rest_route=\/wp\/v2\/posts\/648501"}],"collection":[{"href":"https:\/\/arantv.az\/index.php?rest_route=\/wp\/v2\/posts"}],"about":[{"href":"https:\/\/arantv.az\/index.php?rest_route=\/wp\/v2\/types\/post"}],"author":[{"embeddable":true,"href":"https:\/\/arantv.az\/index.php?rest_route=\/wp\/v2\/users\/2"}],"replies":[{"embeddable":true,"href":"https:\/\/arantv.az\/index.php?rest_route=%2Fwp%2Fv2%2Fcomments&post=648501"}],"version-history":[{"count":0,"href":"https:\/\/arantv.az\/index.php?rest_route=\/wp\/v2\/posts\/648501\/revisions"}],"wp:featuredmedia":[{"embeddable":true,"href":"https:\/\/arantv.az\/index.php?rest_route=\/wp\/v2\/media\/648505"}],"wp:attachment":[{"href":"https:\/\/arantv.az\/index.php?rest_route=%2Fwp%2Fv2%2Fmedia&parent=648501"}],"wp:term":[{"taxonomy":"category","embeddable":true,"href":"https:\/\/arantv.az\/index.php?rest_route=%2Fwp%2Fv2%2Fcategories&post=648501"},{"taxonomy":"post_tag","embeddable":true,"href":"https:\/\/arantv.az\/index.php?rest_route=%2Fwp%2Fv2%2Ftags&post=648501"}],"curies":[{"name":"wp","href":"https:\/\/api.w.org\/{rel}","templated":true}]}}