{"id":648512,"date":"2023-10-22T18:33:09","date_gmt":"2023-10-22T14:33:09","guid":{"rendered":"https:\/\/arantv.az\/?p=648512"},"modified":"2023-10-22T18:33:09","modified_gmt":"2023-10-22T14:33:09","slug":"r%c9%99smi-baki-33-formatinda-gorusun-tarixini-aciqladi-yenil%c9%99nib","status":"publish","type":"post","link":"https:\/\/arantv.az\/?p=648512","title":{"rendered":"R\u0259smi Bak\u0131 \u201c3+3\u201d format\u0131nda g\u00f6r\u00fc\u015f\u00fcn tarixini A\u00c7IQLADI &#8211; YEN\u0130L\u018fN\u0130B"},"content":{"rendered":"<p>Sabah Tehranda \u201c3+3\u201d format\u0131nda X\u0130N ba\u015f\u00e7\u0131lar\u0131n\u0131n g\u00f6r\u00fc\u015f\u00fc ke\u00e7iril\u0259c\u0259k.<\/p>\n<p>Bunu Trend-in sor\u011fusuna cavab olaraq Az\u0259rbaycan Xarici \u0130\u015fl\u0259r Nazirliyinin s\u00f6z\u00e7\u00fcs\u00fc Ayxan Hac\u0131zad\u0259 bildirib.<\/p>\n<p>\u201cB\u0259li, sabah Tehranda \u201c3+3\u201d\u00a0format\u0131nda g\u00f6r\u00fc\u015f\u00fcn ke\u00e7irilm\u0259si n\u0259z\u0259rd\u0259 tutulub. T\u0259f\u0259rr\u00fcatlar\u0131 h\u0259l\u0259lik m\u0259lum deyil. \u018flav\u0259 m\u0259lumat veril\u0259c\u0259k\u201d, &#8211; dey\u0259 o bildirib.<\/p>\n<p>Qeyd ed\u0259k ki, Erm\u0259nistan X\u0130N-i d\u0259 bu g\u00f6r\u00fc\u015fd\u0259 i\u015ftiraka raz\u0131l\u0131q verib.<\/p>\n<p>Xarici i\u015fl\u0259r nazirl\u0259ri s\u0259viyy\u0259sind\u0259 ke\u00e7iril\u0259c\u0259k iclasda C\u0259nubi Qafqaz \u00fczr\u0259 m\u0259s\u0259l\u0259l\u0259rin ara\u015fd\u0131r\u0131lmas\u0131, regional \u0259m\u0259kda\u015fl\u0131\u011f\u0131n (siyasi, iqtisadi, t\u0259hl\u00fck\u0259sizlik, tranzit, enerji v\u0259 sair\u0259) inki\u015faf etdirilm\u0259si m\u00fczakir\u0259 olunacaq.<\/p>\n<p>\u201c3+3\u201d format\u0131nda ke\u00e7iril\u0259n iclas\u0131n \u0259sas m\u0259qs\u0259dl\u0259rind\u0259n region probleml\u0259rinin regiondan k\u0259nar \u00f6lk\u0259l\u0259rin i\u015ftirak\u0131 olmadan v\u0259 b\u00f6lg\u0259 \u00f6lk\u0259l\u0259rinin i\u015ftirak\u0131 il\u0259 h\u0259ll olunmas\u0131, Az\u0259rbaycan v\u0259 Erm\u0259nistan aras\u0131nda s\u00fclh dan\u0131\u015f\u0131qlar\u0131n\u0131n h\u0259yata ke\u00e7irilm\u0259sini x\u00fcsusi qeyd etm\u0259k olar.<\/p>\n<p>\u201c3+3\u201d format\u0131nda ilk iclas \u00f6t\u0259n il G\u00fcrc\u00fcstan\u0131n i\u015ftirak\u0131 olmadan xarici i\u015fl\u0259r nazirl\u0259rinin m\u00fcavinl\u0259ri s\u0259viyy\u0259sind\u0259 Moskvada ke\u00e7irilib.<\/p>\n<p><strong>13:10<\/strong><\/p>\n<p>Sabah \u0130ran\u0131n paytaxt\u0131 Tehranda xarici i\u015fl\u0259r nazirl\u0259rinin i\u015ftirak\u0131 il\u0259 \u201c3+3\u201d format\u0131nda ikinci g\u00f6r\u00fc\u015f ke\u00e7iril\u0259c\u0259k.<\/p>\n<p>Bu bar\u0259d\u0259 \u0130RNA m\u0259lumat yay\u0131b.<\/p>\n<p>M\u0259lumata g\u00f6r\u0259, g\u00f6r\u00fc\u015fd\u0259 siyasi, iqtisadi, t\u0259hl\u00fck\u0259sizlik, n\u0259qliyyat, enerji sah\u0259l\u0259rind\u0259 regional \u0259m\u0259kda\u015fl\u0131q m\u0259s\u0259l\u0259l\u0259ri m\u00fczakir\u0259 edil\u0259c\u0259k.<\/p>\n<p>N\u0259\u015fr qeyd edib ki, Az\u0259rbaycanla Erm\u0259nistan aras\u0131nda s\u00fclh v\u0259 normalla\u015fma prosesinin cari v\u0259ziyy\u0259tid\u0259n d\u0259 dan\u0131\u015f\u0131lacaq.<\/p>\n<p>Qeyd ed\u0259k ki, ilk d\u0259f\u0259 \u201c3+3\u201d format\u0131nda g\u00f6r\u00fc\u015f \u00f6t\u0259n il G\u00fcrc\u00fcstan\u0131n i\u015ftirak\u0131 olmadan Moskvada ba\u015f tutub. \u201c3+3\u201d format\u0131na G\u00fcrc\u00fcstan, Erm\u0259nistan, Az\u0259rbaycan, Rusiya, \u0130ran v\u0259 T\u00fcrkiy\u0259 daxildir.<\/p>\n","protected":false},"excerpt":{"rendered":"<p>Sabah Tehranda \u201c3+3\u201d format\u0131nda X\u0130N ba\u015f\u00e7\u0131lar\u0131n\u0131n g\u00f6r\u00fc\u015f\u00fc ke\u00e7iril\u0259c\u0259k. Bunu Trend-in sor\u011fusuna cavab olaraq Az\u0259rbaycan Xarici \u0130\u015fl\u0259r Nazirliyinin s\u00f6z\u00e7\u00fcs\u00fc Ayxan Hac\u0131zad\u0259 bildirib. \u201cB\u0259li, sabah Tehranda \u201c3+3\u201d\u00a0format\u0131nda g\u00f6r\u00fc\u015f\u00fcn ke\u00e7irilm\u0259si n\u0259z\u0259rd\u0259 tutulub. T\u0259f\u0259rr\u00fcatlar\u0131 h\u0259l\u0259lik m\u0259lum deyil. \u018flav\u0259 m\u0259lumat veril\u0259c\u0259k\u201d, &#8211; dey\u0259 o bildirib. Qeyd ed\u0259k ki, Erm\u0259nistan X\u0130N-i d\u0259 bu g\u00f6r\u00fc\u015fd\u0259 i\u015ftiraka raz\u0131l\u0131q verib. Xarici i\u015fl\u0259r nazirl\u0259ri s\u0259viyy\u0259sind\u0259 ke\u00e7iril\u0259c\u0259k iclasda C\u0259nubi Qafqaz \u00fczr\u0259 m\u0259s\u0259l\u0259l\u0259rin ara\u015fd\u0131r\u0131lmas\u0131, regional \u0259m\u0259kda\u015fl\u0131\u011f\u0131n (siyasi, iqtisadi, t\u0259hl\u00fck\u0259sizlik, tranzit, enerji v\u0259 sair\u0259) inki\u015faf etdirilm\u0259si m\u00fczakir\u0259 olunacaq. \u201c3+3\u201d format\u0131nda ke\u00e7iril\u0259n iclas\u0131n \u0259sas m\u0259qs\u0259dl\u0259rind\u0259n region probleml\u0259rinin regiondan k\u0259nar \u00f6lk\u0259l\u0259rin i\u015ftirak\u0131 olmadan v\u0259 b\u00f6lg\u0259&hellip;<\/p>\n","protected":false},"author":2,"featured_media":557829,"comment_status":"closed","ping_status":"closed","sticky":false,"template":"","format":"standard","meta":{"om_disable_all_campaigns":false,"_monsterinsights_skip_tracking":false,"_monsterinsights_sitenote_active":false,"_monsterinsights_sitenote_note":"","_monsterinsights_sitenote_category":0},"categories":[4],"tags":[],"aioseo_notices":[],"gutentor_comment":0,"rttpg_featured_image_url":{"full":["https:\/\/arantv.az\/wp-content\/uploads\/2023\/01\/XIN.jpg",975,540,false],"landscape":["https:\/\/arantv.az\/wp-content\/uploads\/2023\/01\/XIN.jpg",975,540,false],"portraits":["https:\/\/arantv.az\/wp-content\/uploads\/2023\/01\/XIN.jpg",975,540,false],"thumbnail":["https:\/\/arantv.az\/wp-content\/uploads\/2023\/01\/XIN-500x280.jpg",500,280,true],"medium":["https:\/\/arantv.az\/wp-content\/uploads\/2023\/01\/XIN-660x365.jpg",660,365,true],"large":["https:\/\/arantv.az\/wp-content\/uploads\/2023\/01\/XIN-840x465.jpg",640,354,true],"1536x1536":["https:\/\/arantv.az\/wp-content\/uploads\/2023\/01\/XIN.jpg",975,540,false],"2048x2048":["https:\/\/arantv.az\/wp-content\/uploads\/2023\/01\/XIN.jpg",975,540,false],"post-thumbnail":["https:\/\/arantv.az\/wp-content\/uploads\/2023\/01\/XIN-240x172.jpg",240,172,true],"advps-thumb-one":["https:\/\/arantv.az\/wp-content\/uploads\/2023\/01\/XIN.jpg",975,540,false]},"rttpg_author":{"display_name":"V\u00fcsal Rafiqo\u011flu","author_link":"https:\/\/arantv.az\/?author=2"},"rttpg_comment":0,"rttpg_category":"<a href=\"https:\/\/arantv.az\/?cat=4\" rel=\"category\">Siyas\u0259t<\/a>","rttpg_excerpt":"Sabah Tehranda \u201c3+3\u201d format\u0131nda X\u0130N ba\u015f\u00e7\u0131lar\u0131n\u0131n g\u00f6r\u00fc\u015f\u00fc ke\u00e7iril\u0259c\u0259k. Bunu Trend-in sor\u011fusuna cavab olaraq Az\u0259rbaycan Xarici \u0130\u015fl\u0259r Nazirliyinin s\u00f6z\u00e7\u00fcs\u00fc Ayxan Hac\u0131zad\u0259 bildirib. \u201cB\u0259li, sabah Tehranda \u201c3+3\u201d\u00a0format\u0131nda g\u00f6r\u00fc\u015f\u00fcn ke\u00e7irilm\u0259si n\u0259z\u0259rd\u0259 tutulub. T\u0259f\u0259rr\u00fcatlar\u0131 h\u0259l\u0259lik m\u0259lum deyil. \u018flav\u0259 m\u0259lumat veril\u0259c\u0259k\u201d, &#8211; dey\u0259 o bildirib. Qeyd ed\u0259k ki, Erm\u0259nistan X\u0130N-i d\u0259 bu g\u00f6r\u00fc\u015fd\u0259 i\u015ftiraka raz\u0131l\u0131q verib. Xarici i\u015fl\u0259r nazirl\u0259ri s\u0259viyy\u0259sind\u0259&hellip;","_links":{"self":[{"href":"https:\/\/arantv.az\/index.php?rest_route=\/wp\/v2\/posts\/648512"}],"collection":[{"href":"https:\/\/arantv.az\/index.php?rest_route=\/wp\/v2\/posts"}],"about":[{"href":"https:\/\/arantv.az\/index.php?rest_route=\/wp\/v2\/types\/post"}],"author":[{"embeddable":true,"href":"https:\/\/arantv.az\/index.php?rest_route=\/wp\/v2\/users\/2"}],"replies":[{"embeddable":true,"href":"https:\/\/arantv.az\/index.php?rest_route=%2Fwp%2Fv2%2Fcomments&post=648512"}],"version-history":[{"count":0,"href":"https:\/\/arantv.az\/index.php?rest_route=\/wp\/v2\/posts\/648512\/revisions"}],"wp:featuredmedia":[{"embeddable":true,"href":"https:\/\/arantv.az\/index.php?rest_route=\/wp\/v2\/media\/557829"}],"wp:attachment":[{"href":"https:\/\/arantv.az\/index.php?rest_route=%2Fwp%2Fv2%2Fmedia&parent=648512"}],"wp:term":[{"taxonomy":"category","embeddable":true,"href":"https:\/\/arantv.az\/index.php?rest_route=%2Fwp%2Fv2%2Fcategories&post=648512"},{"taxonomy":"post_tag","embeddable":true,"href":"https:\/\/arantv.az\/index.php?rest_route=%2Fwp%2Fv2%2Ftags&post=648512"}],"curies":[{"name":"wp","href":"https:\/\/api.w.org\/{rel}","templated":true}]}}