{"id":648534,"date":"2023-10-22T20:18:15","date_gmt":"2023-10-22T16:18:15","guid":{"rendered":"https:\/\/arantv.az\/?p=648534"},"modified":"2023-10-22T20:18:15","modified_gmt":"2023-10-22T16:18:15","slug":"mustafa-kamal-ataturk-2023-birg%c9%99-t%c9%99liminin-novb%c9%99ti-tapsiriqlari-m%c9%99sq-etdirilib-video","status":"publish","type":"post","link":"https:\/\/arantv.az\/?p=648534","title":{"rendered":"\u201cMustafa Kamal Atat\u00fcrk &#8211; 2023\u201d birg\u0259 t\u0259liminin n\u00f6vb\u0259ti tap\u015f\u0131r\u0131qlar\u0131 m\u0259\u015fq etdirilib &#8211; V\u0130DEO"},"content":{"rendered":"<article class=\"news\">\n<div class=\"news-inner\">\n<p>\u201cMustafa Kamal Atat\u00fcrk &#8211; 2023\u201d birg\u0259 taktiki t\u0259limi \u0259r\u0259f\u0259sind\u0259 Az\u0259rbaycan Ordusunun v\u0259 T\u00fcrkiy\u0259 Silahl\u0131 Q\u00fcvv\u0259l\u0259rinin komando b\u00f6lm\u0259l\u0259ri x\u00fcsusi tap\u015f\u0131r\u0131qlar\u0131n icras\u0131n\u0131 m\u0259\u015fq edibl\u0259r.<\/p>\n<p>Bu bar\u0259d\u0259 Az\u0259rbaycan M\u00fcdafi\u0259 Nazirliyind\u0259n bildirilib.<\/p>\n<p>Plana uy\u011fun olaraq \u0259m\u0259liyyat rayonunun d\u0259rinliyin\u0259 s\u0131zan komandolar \u015f\u0259rti d\u00fc\u015fm\u0259nin diversiya qrupunun ya\u015fay\u0131\u015f m\u0259nt\u0259q\u0259l\u0259rind\u0259 yerl\u0259\u015f\u0259n m\u00fcv\u0259qq\u0259ti s\u0131\u011f\u0131nacaqlar\u0131n\u0131n m\u00fc\u0259yy\u0259n edilm\u0259si v\u0259 m\u00fchasir\u0259y\u0259 al\u0131naraq z\u0259r\u0259rsizl\u0259\u015fdirilm\u0259si \u00fczr\u0259 tap\u015f\u0131r\u0131qlar\u0131 u\u011furla yerin\u0259 yetiribl\u0259r.<\/p>\n<p>Qeyd ed\u0259k ki, T\u00fcrkiy\u0259 Respublikas\u0131n\u0131n yarad\u0131lmas\u0131n\u0131n 100-c\u00fc ild\u00f6n\u00fcm\u00fcn\u0259 h\u0259sr olunmu\u015f birg\u0259 taktiki t\u0259lim 23-25 oktyabr tarixl\u0259rind\u0259 Bak\u0131 \u015f\u0259h\u0259ri, Nax\u00e7\u0131van Muxtar Respublikas\u0131 v\u0259 azad edilmi\u015f \u0259razil\u0259rimiz d\u0259 daxil olmaqla, bir ne\u00e7\u0259 istiqam\u0259td\u0259 ke\u00e7iril\u0259c\u0259k.<\/p>\n<div><iframe loading=\"lazy\" title=\"YouTube video player\" src=\"https:\/\/www.youtube.com\/embed\/EHTEMPMYhHM?si=EzUuDP5TFeD7ydJA\" width=\"560\" height=\"315\" frameborder=\"0\" allowfullscreen=\"allowfullscreen\" data-mce-fragment=\"1\"><\/iframe><\/div>\n<\/div>\n<\/article>\n","protected":false},"excerpt":{"rendered":"<p>\u201cMustafa Kamal Atat\u00fcrk &#8211; 2023\u201d birg\u0259 taktiki t\u0259limi \u0259r\u0259f\u0259sind\u0259 Az\u0259rbaycan Ordusunun v\u0259 T\u00fcrkiy\u0259 Silahl\u0131 Q\u00fcvv\u0259l\u0259rinin komando b\u00f6lm\u0259l\u0259ri x\u00fcsusi tap\u015f\u0131r\u0131qlar\u0131n icras\u0131n\u0131 m\u0259\u015fq edibl\u0259r. Bu bar\u0259d\u0259 Az\u0259rbaycan M\u00fcdafi\u0259 Nazirliyind\u0259n bildirilib. Plana uy\u011fun olaraq \u0259m\u0259liyyat rayonunun d\u0259rinliyin\u0259 s\u0131zan komandolar \u015f\u0259rti d\u00fc\u015fm\u0259nin diversiya qrupunun ya\u015fay\u0131\u015f m\u0259nt\u0259q\u0259l\u0259rind\u0259 yerl\u0259\u015f\u0259n m\u00fcv\u0259qq\u0259ti s\u0131\u011f\u0131nacaqlar\u0131n\u0131n m\u00fc\u0259yy\u0259n edilm\u0259si v\u0259 m\u00fchasir\u0259y\u0259 al\u0131naraq z\u0259r\u0259rsizl\u0259\u015fdirilm\u0259si \u00fczr\u0259 tap\u015f\u0131r\u0131qlar\u0131 u\u011furla yerin\u0259 yetiribl\u0259r. Qeyd ed\u0259k ki, T\u00fcrkiy\u0259 Respublikas\u0131n\u0131n yarad\u0131lmas\u0131n\u0131n 100-c\u00fc ild\u00f6n\u00fcm\u00fcn\u0259 h\u0259sr olunmu\u015f birg\u0259 taktiki t\u0259lim 23-25 oktyabr tarixl\u0259rind\u0259 Bak\u0131 \u015f\u0259h\u0259ri, Nax\u00e7\u0131van Muxtar Respublikas\u0131 v\u0259 azad edilmi\u015f \u0259razil\u0259rimiz d\u0259 daxil olmaqla, bir ne\u00e7\u0259 istiqam\u0259td\u0259 ke\u00e7iril\u0259c\u0259k.<\/p>\n","protected":false},"author":2,"featured_media":648538,"comment_status":"closed","ping_status":"closed","sticky":false,"template":"","format":"standard","meta":{"om_disable_all_campaigns":false,"_monsterinsights_skip_tracking":false,"_monsterinsights_sitenote_active":false,"_monsterinsights_sitenote_note":"","_monsterinsights_sitenote_category":0},"categories":[10],"tags":[],"aioseo_notices":[],"gutentor_comment":0,"rttpg_featured_image_url":{"full":["https:\/\/arantv.az\/wp-content\/uploads\/2023\/10\/aecebf85059322c43c0076069665743f.jpg",620,413,false],"landscape":["https:\/\/arantv.az\/wp-content\/uploads\/2023\/10\/aecebf85059322c43c0076069665743f.jpg",620,413,false],"portraits":["https:\/\/arantv.az\/wp-content\/uploads\/2023\/10\/aecebf85059322c43c0076069665743f.jpg",620,413,false],"thumbnail":["https:\/\/arantv.az\/wp-content\/uploads\/2023\/10\/aecebf85059322c43c0076069665743f-500x280.jpg",500,280,true],"medium":["https:\/\/arantv.az\/wp-content\/uploads\/2023\/10\/aecebf85059322c43c0076069665743f-548x365.jpg",548,365,true],"large":["https:\/\/arantv.az\/wp-content\/uploads\/2023\/10\/aecebf85059322c43c0076069665743f.jpg",620,413,false],"1536x1536":["https:\/\/arantv.az\/wp-content\/uploads\/2023\/10\/aecebf85059322c43c0076069665743f.jpg",620,413,false],"2048x2048":["https:\/\/arantv.az\/wp-content\/uploads\/2023\/10\/aecebf85059322c43c0076069665743f.jpg",620,413,false],"post-thumbnail":["https:\/\/arantv.az\/wp-content\/uploads\/2023\/10\/aecebf85059322c43c0076069665743f-240x172.jpg",240,172,true],"advps-thumb-one":["https:\/\/arantv.az\/wp-content\/uploads\/2023\/10\/aecebf85059322c43c0076069665743f.jpg",620,413,false]},"rttpg_author":{"display_name":"V\u00fcsal Rafiqo\u011flu","author_link":"https:\/\/arantv.az\/?author=2"},"rttpg_comment":0,"rttpg_category":"<a href=\"https:\/\/arantv.az\/?cat=10\" rel=\"category\">C\u0259bh\u0259d\u0259n X\u0259b\u0259r<\/a>","rttpg_excerpt":"\u201cMustafa Kamal Atat\u00fcrk &#8211; 2023\u201d birg\u0259 taktiki t\u0259limi \u0259r\u0259f\u0259sind\u0259 Az\u0259rbaycan Ordusunun v\u0259 T\u00fcrkiy\u0259 Silahl\u0131 Q\u00fcvv\u0259l\u0259rinin komando b\u00f6lm\u0259l\u0259ri x\u00fcsusi tap\u015f\u0131r\u0131qlar\u0131n icras\u0131n\u0131 m\u0259\u015fq edibl\u0259r. Bu bar\u0259d\u0259 Az\u0259rbaycan M\u00fcdafi\u0259 Nazirliyind\u0259n bildirilib. Plana uy\u011fun olaraq \u0259m\u0259liyyat rayonunun d\u0259rinliyin\u0259 s\u0131zan komandolar \u015f\u0259rti d\u00fc\u015fm\u0259nin diversiya qrupunun ya\u015fay\u0131\u015f m\u0259nt\u0259q\u0259l\u0259rind\u0259 yerl\u0259\u015f\u0259n m\u00fcv\u0259qq\u0259ti s\u0131\u011f\u0131nacaqlar\u0131n\u0131n m\u00fc\u0259yy\u0259n edilm\u0259si v\u0259 m\u00fchasir\u0259y\u0259 al\u0131naraq z\u0259r\u0259rsizl\u0259\u015fdirilm\u0259si \u00fczr\u0259 tap\u015f\u0131r\u0131qlar\u0131 u\u011furla yerin\u0259&hellip;","_links":{"self":[{"href":"https:\/\/arantv.az\/index.php?rest_route=\/wp\/v2\/posts\/648534"}],"collection":[{"href":"https:\/\/arantv.az\/index.php?rest_route=\/wp\/v2\/posts"}],"about":[{"href":"https:\/\/arantv.az\/index.php?rest_route=\/wp\/v2\/types\/post"}],"author":[{"embeddable":true,"href":"https:\/\/arantv.az\/index.php?rest_route=\/wp\/v2\/users\/2"}],"replies":[{"embeddable":true,"href":"https:\/\/arantv.az\/index.php?rest_route=%2Fwp%2Fv2%2Fcomments&post=648534"}],"version-history":[{"count":0,"href":"https:\/\/arantv.az\/index.php?rest_route=\/wp\/v2\/posts\/648534\/revisions"}],"wp:featuredmedia":[{"embeddable":true,"href":"https:\/\/arantv.az\/index.php?rest_route=\/wp\/v2\/media\/648538"}],"wp:attachment":[{"href":"https:\/\/arantv.az\/index.php?rest_route=%2Fwp%2Fv2%2Fmedia&parent=648534"}],"wp:term":[{"taxonomy":"category","embeddable":true,"href":"https:\/\/arantv.az\/index.php?rest_route=%2Fwp%2Fv2%2Fcategories&post=648534"},{"taxonomy":"post_tag","embeddable":true,"href":"https:\/\/arantv.az\/index.php?rest_route=%2Fwp%2Fv2%2Ftags&post=648534"}],"curies":[{"name":"wp","href":"https:\/\/api.w.org\/{rel}","templated":true}]}}