{"id":648658,"date":"2023-10-23T13:09:01","date_gmt":"2023-10-23T09:09:01","guid":{"rendered":"https:\/\/arantv.az\/?p=648658"},"modified":"2023-10-23T13:09:01","modified_gmt":"2023-10-23T09:09:01","slug":"az%c9%99rbaycanda-istismarina-icaz%c9%99-verilmis-obyektl%c9%99r%c9%99-cixarisin-verilm%c9%99sin%c9%99-baslanilib","status":"publish","type":"post","link":"https:\/\/arantv.az\/?p=648658","title":{"rendered":"Az\u0259rbaycanda istismar\u0131na icaz\u0259 verilmi\u015f obyektl\u0259r\u0259 \u00e7\u0131xar\u0131\u015f\u0131n verilm\u0259sin\u0259 ba\u015flan\u0131l\u0131b"},"content":{"rendered":"<p>\u0130qtisadiyyat Nazirliyi yan\u0131nda \u018fmlak M\u0259s\u0259l\u0259l\u0259ri D\u00f6vl\u0259t Xidm\u0259ti \u00f6lk\u0259 Prezidentinin \u201cQeyri-ya\u015fay\u0131\u015f t\u0259yinatl\u0131 b\u0259zi tikinti obyektl\u0259rinin istismar\u0131na icaz\u0259 verilm\u0259si il\u0259 ba\u011fl\u0131 \u0259lav\u0259 t\u0259dbirl\u0259r haqq\u0131nda\u201d 14 iyun 2023-c\u00fc il tarixli f\u0259rman\u0131 il\u0259 m\u00fc\u0259yy\u0259n edilmi\u015f, 2023-c\u00fc il iyunun 1-n\u0259 q\u0259d\u0259r tikilmi\u015f qeyri-ya\u015fay\u0131\u015f sah\u0259l\u0259rinin sahibl\u0259rin\u0259 m\u00fclkiyy\u0259t s\u0259n\u0259dl\u0259rinin t\u0259qdim edilm\u0259sin\u0259 ba\u015flay\u0131b.<\/p>\n<p>Bu bar\u0259d\u0259 D\u00f6vl\u0259t Xidm\u0259ti m\u0259lumat yay\u0131b.<\/p>\n<p>\u201cBu, sahibkarl\u0131q f\u0259aliyy\u0259tinin geni\u015fl\u0259ndirilm\u0259sin\u0259, da\u015f\u0131nmaz \u0259mlak bazar\u0131n\u0131n canlanmas\u0131na \u0259lav\u0259 imkanlar a\u00e7\u0131r, biznesin b\u00f6y\u00fck g\u00f6zl\u0259ntisin\u0259 cavab verm\u0259kl\u0259 yana\u015f\u0131, m\u00fclkiyy\u0259t h\u00fcquqlar\u0131n\u0131n yaranmas\u0131, sahibkarl\u0131q f\u0259aliyy\u0259tinin geni\u015fl\u0259ndirilm\u0259si, da\u015f\u0131nmaz \u0259mlak bazar\u0131n\u0131n canlanmas\u0131 \u00fc\u00e7\u00fcn \u0259lav\u0259 stimul verir. Bel\u0259 ki, sahibkarlar m\u00fclkiyy\u0259t h\u00fcququ t\u0259sdiq olunmu\u015f \u0259mlak\u0131n\u0131 girov, s\u0131\u011forta, alq\u0131-satq\u0131 v\u0259 dig\u0259r \u0259m\u0259liyyatlar \u00fc\u00e7\u00fcn istifad\u0259 etm\u0259k imkan\u0131 qazan\u0131rlar.<\/p>\n<p>F\u0259rman h\u0259m\u00e7inin, qeyri-ya\u015fay\u0131\u015f t\u0259yinatl\u0131 tikinti obyektl\u0259rinin t\u0259hl\u00fck\u0259siz istismar\u0131n\u0131n t\u0259min edilm\u0259si, tikinti sektorunun likvidliyinin y\u00fcks\u0259ldilm\u0259si bax\u0131m\u0131ndan olduqca \u0259h\u0259miyy\u0259tlidir, tikinti-qura\u015fd\u0131rma i\u015fl\u0259ri 2023-c\u00fc il iyunun 1-d\u0259k ba\u015fa \u00e7atm\u0131\u015f qeyri-ya\u015fay\u0131\u015f t\u0259yinatl\u0131 binalar\u0131 da \u0259hat\u0259 edir. Bu c\u00fcr obyekt sahibl\u0259ri 1 yanvar 2025-ci il\u0259 q\u0259d\u0259r qeyri-ya\u015fay\u0131\u015f binas\u0131n\u0131n layih\u0259si il\u0259 F\u00f6vq\u0259lad\u0259 Hallar Nazirliyinin regional m\u0259rk\u0259zl\u0259rin\u0259 m\u00fcraci\u0259t ed\u0259 bil\u0259rl\u0259r.<\/p>\n","protected":false},"excerpt":{"rendered":"<p>\u0130qtisadiyyat Nazirliyi yan\u0131nda \u018fmlak M\u0259s\u0259l\u0259l\u0259ri D\u00f6vl\u0259t Xidm\u0259ti \u00f6lk\u0259 Prezidentinin \u201cQeyri-ya\u015fay\u0131\u015f t\u0259yinatl\u0131 b\u0259zi tikinti obyektl\u0259rinin istismar\u0131na icaz\u0259 verilm\u0259si il\u0259 ba\u011fl\u0131 \u0259lav\u0259 t\u0259dbirl\u0259r haqq\u0131nda\u201d 14 iyun 2023-c\u00fc il tarixli f\u0259rman\u0131 il\u0259 m\u00fc\u0259yy\u0259n edilmi\u015f, 2023-c\u00fc il iyunun 1-n\u0259 q\u0259d\u0259r tikilmi\u015f qeyri-ya\u015fay\u0131\u015f sah\u0259l\u0259rinin sahibl\u0259rin\u0259 m\u00fclkiyy\u0259t s\u0259n\u0259dl\u0259rinin t\u0259qdim edilm\u0259sin\u0259 ba\u015flay\u0131b. Bu bar\u0259d\u0259 D\u00f6vl\u0259t Xidm\u0259ti m\u0259lumat yay\u0131b. \u201cBu, sahibkarl\u0131q f\u0259aliyy\u0259tinin geni\u015fl\u0259ndirilm\u0259sin\u0259, da\u015f\u0131nmaz \u0259mlak bazar\u0131n\u0131n canlanmas\u0131na \u0259lav\u0259 imkanlar a\u00e7\u0131r, biznesin b\u00f6y\u00fck g\u00f6zl\u0259ntisin\u0259 cavab verm\u0259kl\u0259 yana\u015f\u0131, m\u00fclkiyy\u0259t h\u00fcquqlar\u0131n\u0131n yaranmas\u0131, sahibkarl\u0131q f\u0259aliyy\u0259tinin geni\u015fl\u0259ndirilm\u0259si, da\u015f\u0131nmaz \u0259mlak bazar\u0131n\u0131n canlanmas\u0131 \u00fc\u00e7\u00fcn \u0259lav\u0259 stimul verir. Bel\u0259 ki, sahibkarlar m\u00fclkiyy\u0259t h\u00fcququ t\u0259sdiq olunmu\u015f \u0259mlak\u0131n\u0131&hellip;<\/p>\n","protected":false},"author":2,"featured_media":648660,"comment_status":"closed","ping_status":"closed","sticky":false,"template":"","format":"standard","meta":{"om_disable_all_campaigns":false,"_monsterinsights_skip_tracking":false,"_monsterinsights_sitenote_active":false,"_monsterinsights_sitenote_note":"","_monsterinsights_sitenote_category":0},"categories":[19],"tags":[],"aioseo_notices":[],"gutentor_comment":0,"rttpg_featured_image_url":{"full":["https:\/\/arantv.az\/wp-content\/uploads\/2023\/10\/sened-1575394217.jpg",620,413,false],"landscape":["https:\/\/arantv.az\/wp-content\/uploads\/2023\/10\/sened-1575394217.jpg",620,413,false],"portraits":["https:\/\/arantv.az\/wp-content\/uploads\/2023\/10\/sened-1575394217.jpg",620,413,false],"thumbnail":["https:\/\/arantv.az\/wp-content\/uploads\/2023\/10\/sened-1575394217-500x280.jpg",500,280,true],"medium":["https:\/\/arantv.az\/wp-content\/uploads\/2023\/10\/sened-1575394217-548x365.jpg",548,365,true],"large":["https:\/\/arantv.az\/wp-content\/uploads\/2023\/10\/sened-1575394217.jpg",620,413,false],"1536x1536":["https:\/\/arantv.az\/wp-content\/uploads\/2023\/10\/sened-1575394217.jpg",620,413,false],"2048x2048":["https:\/\/arantv.az\/wp-content\/uploads\/2023\/10\/sened-1575394217.jpg",620,413,false],"post-thumbnail":["https:\/\/arantv.az\/wp-content\/uploads\/2023\/10\/sened-1575394217-240x172.jpg",240,172,true],"advps-thumb-one":["https:\/\/arantv.az\/wp-content\/uploads\/2023\/10\/sened-1575394217.jpg",620,413,false]},"rttpg_author":{"display_name":"V\u00fcsal Rafiqo\u011flu","author_link":"https:\/\/arantv.az\/?author=2"},"rttpg_comment":0,"rttpg_category":"<a href=\"https:\/\/arantv.az\/?cat=19\" rel=\"category\">G\u00fcnd\u0259m<\/a>","rttpg_excerpt":"\u0130qtisadiyyat Nazirliyi yan\u0131nda \u018fmlak M\u0259s\u0259l\u0259l\u0259ri D\u00f6vl\u0259t Xidm\u0259ti \u00f6lk\u0259 Prezidentinin \u201cQeyri-ya\u015fay\u0131\u015f t\u0259yinatl\u0131 b\u0259zi tikinti obyektl\u0259rinin istismar\u0131na icaz\u0259 verilm\u0259si il\u0259 ba\u011fl\u0131 \u0259lav\u0259 t\u0259dbirl\u0259r haqq\u0131nda\u201d 14 iyun 2023-c\u00fc il tarixli f\u0259rman\u0131 il\u0259 m\u00fc\u0259yy\u0259n edilmi\u015f, 2023-c\u00fc il iyunun 1-n\u0259 q\u0259d\u0259r tikilmi\u015f qeyri-ya\u015fay\u0131\u015f sah\u0259l\u0259rinin sahibl\u0259rin\u0259 m\u00fclkiyy\u0259t s\u0259n\u0259dl\u0259rinin t\u0259qdim edilm\u0259sin\u0259 ba\u015flay\u0131b. Bu bar\u0259d\u0259 D\u00f6vl\u0259t Xidm\u0259ti m\u0259lumat yay\u0131b. \u201cBu, sahibkarl\u0131q f\u0259aliyy\u0259tinin geni\u015fl\u0259ndirilm\u0259sin\u0259,&hellip;","_links":{"self":[{"href":"https:\/\/arantv.az\/index.php?rest_route=\/wp\/v2\/posts\/648658"}],"collection":[{"href":"https:\/\/arantv.az\/index.php?rest_route=\/wp\/v2\/posts"}],"about":[{"href":"https:\/\/arantv.az\/index.php?rest_route=\/wp\/v2\/types\/post"}],"author":[{"embeddable":true,"href":"https:\/\/arantv.az\/index.php?rest_route=\/wp\/v2\/users\/2"}],"replies":[{"embeddable":true,"href":"https:\/\/arantv.az\/index.php?rest_route=%2Fwp%2Fv2%2Fcomments&post=648658"}],"version-history":[{"count":0,"href":"https:\/\/arantv.az\/index.php?rest_route=\/wp\/v2\/posts\/648658\/revisions"}],"wp:featuredmedia":[{"embeddable":true,"href":"https:\/\/arantv.az\/index.php?rest_route=\/wp\/v2\/media\/648660"}],"wp:attachment":[{"href":"https:\/\/arantv.az\/index.php?rest_route=%2Fwp%2Fv2%2Fmedia&parent=648658"}],"wp:term":[{"taxonomy":"category","embeddable":true,"href":"https:\/\/arantv.az\/index.php?rest_route=%2Fwp%2Fv2%2Fcategories&post=648658"},{"taxonomy":"post_tag","embeddable":true,"href":"https:\/\/arantv.az\/index.php?rest_route=%2Fwp%2Fv2%2Ftags&post=648658"}],"curies":[{"name":"wp","href":"https:\/\/api.w.org\/{rel}","templated":true}]}}