{"id":648673,"date":"2023-10-23T13:12:28","date_gmt":"2023-10-23T09:12:28","guid":{"rendered":"https:\/\/arantv.az\/?p=648673"},"modified":"2023-10-23T13:12:28","modified_gmt":"2023-10-23T09:12:28","slug":"bakida-s%c9%99hidl%c9%99rin-xatir%c9%99si-anilib-qurani-k%c9%99rim-tilav%c9%99ti-m%c9%99rasimi-t%c9%99skil-edilib","status":"publish","type":"post","link":"https:\/\/arantv.az\/?p=648673","title":{"rendered":"Bak\u0131da \u015f\u0259hidl\u0259rin xatir\u0259si an\u0131l\u0131b, Qurani-K\u0259rim tilav\u0259ti m\u0259rasimi t\u0259\u015fkil edilib"},"content":{"rendered":"<p>Bak\u0131da &#8220;\u015e\u0259hidl\u0259r&#8221; m\u0259scidind\u0259 \u015f\u0259hidl\u0259ri xatir\u0259sin\u0259 ehtiram \u0259lam\u0259ti olaraq Qurani-K\u0259rim tilav\u0259ti m\u0259rasimi t\u0259\u015fkil edilib.<\/p>\n<p><strong>ARANTV.AZ\u00a0 x\u0259b\u0259r verir ki,<\/strong>\u00a0t\u0259dbir T\u00fcrkiy\u0259nin Az\u0259rbaycandak\u0131 s\u0259firliyinin Dini \u0130\u015fl\u0259r \u00fczr\u0259 M\u00fc\u015favirliyi, Dini Qurumlarla \u0130\u015f \u00fczr\u0259 D\u00f6vl\u0259t Komit\u0259si v\u0259 Qafqaz M\u00fcs\u0259lmanlar\u0131 \u0130dar\u0259sinin birg\u0259 t\u0259\u015fkilat\u00e7\u0131l\u0131\u011f\u0131 il\u0259 ke\u00e7irilib.<\/p>\n<p>T\u0259dbiri T\u00fcrkiy\u0259 s\u0259firliyinin dini i\u015fl\u0259r \u00fczr\u0259 m\u00fc\u015faviri \u0130hsan A\u00e7\u0131k a\u00e7araq Qafqaz \u0130slam Ordusu, Qaraba\u011f, 20 Yanvar, Xocal\u0131 v\u0259 V\u0259t\u0259n m\u00fcharib\u0259si \u015f\u0259hidl\u0259rini r\u0259hm\u0259tl\u0259 an\u0131b. Art\u0131q d\u00f6rd\u00fcnc\u00fc Quran tilav\u0259ti m\u0259rasiminin ke\u00e7irildiyini, bu ay i\u00e7\u0259risind\u0259 \u015f\u0259hidl\u0259r \u00fc\u00e7\u00fcn x\u0259tml\u0259r oxundu\u011funu v\u0259 bu \u0259n\u0259n\u0259nin davam ed\u0259c\u0259yini vur\u011fulay\u0131b.<\/p>\n<p>Daha sonra Dini Qurumlarla \u0130\u015f \u00fczr\u0259 D\u00f6vl\u0259t Komit\u0259sinin \u015f\u00f6b\u0259 m\u00fcdiri Cahandar \u018flifzad\u0259 \u00e7\u0131x\u0131\u015f ed\u0259r\u0259k \u015f\u0259hidl\u0259ri r\u0259hm\u0259tl\u0259 an\u0131b.<\/p>\n<p>Qafqaz M\u00fcs\u0259lmanlar\u0131 \u0130dar\u0259sinin Suraxan\u0131 rayonu \u00fczr\u0259 s\u0259lahiyy\u0259tli n\u00fcmay\u0259nd\u0259si, Qara\u00e7uxur m\u0259scidinin imam\u0131 Qurban \u018fliyev is\u0259 \u00e7\u0131x\u0131\u015f\u0131nda tarix boyu xalq\u0131m\u0131z\u0131n ba\u015f\u0131na g\u0259tiril\u0259n m\u00fcsib\u0259tl\u0259rd\u0259n dan\u0131\u015f\u0131b. O, b\u00fct\u00fcn bu s\u0131naqlardan \u015f\u0259hidl\u0259r vasit\u0259sil\u0259 \u00fcz\u00fca\u011f \u00e7\u0131x\u0131ld\u0131\u011f\u0131n\u0131 qeyd edib.<\/p>\n<p>Sonda t\u0259dbir i\u015ftirak\u00e7\u0131lar\u0131na \u015f\u0259hidl\u0259r ad\u0131na ehsanlar paylan\u0131b v\u0259 Qurani-K\u0259rimin Az\u0259rbaycan dilin\u0259 t\u0259rc\u00fcm\u0259si h\u0259diyy\u0259 edilib.<\/p>\n","protected":false},"excerpt":{"rendered":"<p>Bak\u0131da &#8220;\u015e\u0259hidl\u0259r&#8221; m\u0259scidind\u0259 \u015f\u0259hidl\u0259ri xatir\u0259sin\u0259 ehtiram \u0259lam\u0259ti olaraq Qurani-K\u0259rim tilav\u0259ti m\u0259rasimi t\u0259\u015fkil edilib. ARANTV.AZ\u00a0 x\u0259b\u0259r verir ki,\u00a0t\u0259dbir T\u00fcrkiy\u0259nin Az\u0259rbaycandak\u0131 s\u0259firliyinin Dini \u0130\u015fl\u0259r \u00fczr\u0259 M\u00fc\u015favirliyi, Dini Qurumlarla \u0130\u015f \u00fczr\u0259 D\u00f6vl\u0259t Komit\u0259si v\u0259 Qafqaz M\u00fcs\u0259lmanlar\u0131 \u0130dar\u0259sinin birg\u0259 t\u0259\u015fkilat\u00e7\u0131l\u0131\u011f\u0131 il\u0259 ke\u00e7irilib. T\u0259dbiri T\u00fcrkiy\u0259 s\u0259firliyinin dini i\u015fl\u0259r \u00fczr\u0259 m\u00fc\u015faviri \u0130hsan A\u00e7\u0131k a\u00e7araq Qafqaz \u0130slam Ordusu, Qaraba\u011f, 20 Yanvar, Xocal\u0131 v\u0259 V\u0259t\u0259n m\u00fcharib\u0259si \u015f\u0259hidl\u0259rini r\u0259hm\u0259tl\u0259 an\u0131b. Art\u0131q d\u00f6rd\u00fcnc\u00fc Quran tilav\u0259ti m\u0259rasiminin ke\u00e7irildiyini, bu ay i\u00e7\u0259risind\u0259 \u015f\u0259hidl\u0259r \u00fc\u00e7\u00fcn x\u0259tml\u0259r oxundu\u011funu v\u0259 bu \u0259n\u0259n\u0259nin davam ed\u0259c\u0259yini vur\u011fulay\u0131b. Daha sonra Dini Qurumlarla \u0130\u015f \u00fczr\u0259 D\u00f6vl\u0259t Komit\u0259sinin \u015f\u00f6b\u0259 m\u00fcdiri&hellip;<\/p>\n","protected":false},"author":2,"featured_media":648674,"comment_status":"closed","ping_status":"closed","sticky":false,"template":"","format":"standard","meta":{"om_disable_all_campaigns":false,"_monsterinsights_skip_tracking":false,"_monsterinsights_sitenote_active":false,"_monsterinsights_sitenote_note":"","_monsterinsights_sitenote_category":0},"categories":[1],"tags":[],"aioseo_notices":[],"gutentor_comment":0,"rttpg_featured_image_url":{"full":["https:\/\/arantv.az\/wp-content\/uploads\/2023\/10\/856fc816165811784418787262610054545.jpg",975,540,false],"landscape":["https:\/\/arantv.az\/wp-content\/uploads\/2023\/10\/856fc816165811784418787262610054545.jpg",975,540,false],"portraits":["https:\/\/arantv.az\/wp-content\/uploads\/2023\/10\/856fc816165811784418787262610054545.jpg",975,540,false],"thumbnail":["https:\/\/arantv.az\/wp-content\/uploads\/2023\/10\/856fc816165811784418787262610054545-500x280.jpg",500,280,true],"medium":["https:\/\/arantv.az\/wp-content\/uploads\/2023\/10\/856fc816165811784418787262610054545-660x365.jpg",660,365,true],"large":["https:\/\/arantv.az\/wp-content\/uploads\/2023\/10\/856fc816165811784418787262610054545-840x465.jpg",640,354,true],"1536x1536":["https:\/\/arantv.az\/wp-content\/uploads\/2023\/10\/856fc816165811784418787262610054545.jpg",975,540,false],"2048x2048":["https:\/\/arantv.az\/wp-content\/uploads\/2023\/10\/856fc816165811784418787262610054545.jpg",975,540,false],"post-thumbnail":["https:\/\/arantv.az\/wp-content\/uploads\/2023\/10\/856fc816165811784418787262610054545-240x172.jpg",240,172,true],"advps-thumb-one":["https:\/\/arantv.az\/wp-content\/uploads\/2023\/10\/856fc816165811784418787262610054545.jpg",975,540,false]},"rttpg_author":{"display_name":"V\u00fcsal Rafiqo\u011flu","author_link":"https:\/\/arantv.az\/?author=2"},"rttpg_comment":0,"rttpg_category":"<a href=\"https:\/\/arantv.az\/?cat=1\" rel=\"category\">C\u0259miyy\u0259t<\/a>","rttpg_excerpt":"Bak\u0131da &#8220;\u015e\u0259hidl\u0259r&#8221; m\u0259scidind\u0259 \u015f\u0259hidl\u0259ri xatir\u0259sin\u0259 ehtiram \u0259lam\u0259ti olaraq Qurani-K\u0259rim tilav\u0259ti m\u0259rasimi t\u0259\u015fkil edilib. ARANTV.AZ\u00a0 x\u0259b\u0259r verir ki,\u00a0t\u0259dbir T\u00fcrkiy\u0259nin Az\u0259rbaycandak\u0131 s\u0259firliyinin Dini \u0130\u015fl\u0259r \u00fczr\u0259 M\u00fc\u015favirliyi, Dini Qurumlarla \u0130\u015f \u00fczr\u0259 D\u00f6vl\u0259t Komit\u0259si v\u0259 Qafqaz M\u00fcs\u0259lmanlar\u0131 \u0130dar\u0259sinin birg\u0259 t\u0259\u015fkilat\u00e7\u0131l\u0131\u011f\u0131 il\u0259 ke\u00e7irilib. T\u0259dbiri T\u00fcrkiy\u0259 s\u0259firliyinin dini i\u015fl\u0259r \u00fczr\u0259 m\u00fc\u015faviri \u0130hsan A\u00e7\u0131k a\u00e7araq Qafqaz \u0130slam Ordusu, Qaraba\u011f, 20 Yanvar, Xocal\u0131&hellip;","_links":{"self":[{"href":"https:\/\/arantv.az\/index.php?rest_route=\/wp\/v2\/posts\/648673"}],"collection":[{"href":"https:\/\/arantv.az\/index.php?rest_route=\/wp\/v2\/posts"}],"about":[{"href":"https:\/\/arantv.az\/index.php?rest_route=\/wp\/v2\/types\/post"}],"author":[{"embeddable":true,"href":"https:\/\/arantv.az\/index.php?rest_route=\/wp\/v2\/users\/2"}],"replies":[{"embeddable":true,"href":"https:\/\/arantv.az\/index.php?rest_route=%2Fwp%2Fv2%2Fcomments&post=648673"}],"version-history":[{"count":0,"href":"https:\/\/arantv.az\/index.php?rest_route=\/wp\/v2\/posts\/648673\/revisions"}],"wp:featuredmedia":[{"embeddable":true,"href":"https:\/\/arantv.az\/index.php?rest_route=\/wp\/v2\/media\/648674"}],"wp:attachment":[{"href":"https:\/\/arantv.az\/index.php?rest_route=%2Fwp%2Fv2%2Fmedia&parent=648673"}],"wp:term":[{"taxonomy":"category","embeddable":true,"href":"https:\/\/arantv.az\/index.php?rest_route=%2Fwp%2Fv2%2Fcategories&post=648673"},{"taxonomy":"post_tag","embeddable":true,"href":"https:\/\/arantv.az\/index.php?rest_route=%2Fwp%2Fv2%2Ftags&post=648673"}],"curies":[{"name":"wp","href":"https:\/\/api.w.org\/{rel}","templated":true}]}}