{"id":648703,"date":"2023-10-23T17:16:22","date_gmt":"2023-10-23T13:16:22","guid":{"rendered":"https:\/\/arantv.az\/?p=648703"},"modified":"2023-10-23T17:16:22","modified_gmt":"2023-10-23T13:16:22","slug":"ekspert-33-formati-az%c9%99rbaycan-erm%c9%99nistan-munasib%c9%99tl%c9%99rinin-normallasmasi-ucun-faydali-ola-bil%c9%99r","status":"publish","type":"post","link":"https:\/\/arantv.az\/?p=648703","title":{"rendered":"Ekspert: \u201c3+3\u201d format\u0131 Az\u0259rbaycan-Erm\u0259nistan m\u00fcnasib\u0259tl\u0259rinin normalla\u015fmas\u0131 \u00fc\u00e7\u00fcn faydal\u0131 ola bil\u0259r\u201d"},"content":{"rendered":"<p>\u201cAz\u0259rbaycan, T\u00fcrkiy\u0259, G\u00fcrc\u00fcstan, \u0130ran, Rusiya v\u0259 Erm\u0259nistan aras\u0131nda \u0259m\u0259kda\u015fl\u0131\u011f\u0131 n\u0259z\u0259rd\u0259 tutan \u201c3+3\u201d format\u0131 Bak\u0131 il\u0259 \u0130r\u0259van aras\u0131nda m\u00fcnasib\u0259tl\u0259rin normalla\u015fmas\u0131 \u00fc\u00e7\u00fcn faydal\u0131 ola bil\u0259r\u201d.<\/p>\n<p>Bunu\u00a0\u201cReport\u201da a\u00e7\u0131qlamas\u0131nda t\u00fcrkiy\u0259li politoloq Engin \u00d6zer deyib.<\/p>\n<p>Onun fikrinc\u0259, bu t\u0259\u015f\u0259bb\u00fcs C\u0259nubi Qafqaz regionunun bir \u00e7ox probleml\u0259rinin qon\u015fular\u0131n \u00f6zl\u0259ri t\u0259r\u0259find\u0259n h\u0259llin\u0259 t\u00f6hf\u0259 ver\u0259 bil\u0259r: \u201cDig\u0259r aktorlar v\u0259 \u00fc\u00e7\u00fcnc\u00fc \u00f6lk\u0259l\u0259r regionun i\u015fl\u0259rin\u0259 qar\u0131\u015fmamal\u0131d\u0131rlar\u201d.<\/p>\n<p>Politoloq qeyd edib ki, bu platforma h\u0259m d\u0259 n\u0259qliyyat kommunikasiyalar\u0131n\u0131n a\u00e7\u0131lmas\u0131 v\u0259 b\u00fct\u00fcn regionun iqtisadi inki\u015faf\u0131 m\u0259s\u0259l\u0259l\u0259rinin m\u00fczakir\u0259si \u00fc\u00e7\u00fcn \u00e7ox vacibdir.<\/p>\n<p>Xat\u0131rladaq ki, bu g\u00fcn \u0130ran\u0131n paytaxt\u0131 Tehranda xarici i\u015fl\u0259r nazirl\u0259rinin \u201c3+3\u201d format\u0131nda g\u00f6r\u00fc\u015f\u00fc ke\u00e7iril\u0259c\u0259k. G\u00fcrc\u00fcstan g\u00f6r\u00fc\u015fd\u0259 i\u015ftirak etm\u0259y\u0259c\u0259k.<\/p>\n","protected":false},"excerpt":{"rendered":"<p>\u201cAz\u0259rbaycan, T\u00fcrkiy\u0259, G\u00fcrc\u00fcstan, \u0130ran, Rusiya v\u0259 Erm\u0259nistan aras\u0131nda \u0259m\u0259kda\u015fl\u0131\u011f\u0131 n\u0259z\u0259rd\u0259 tutan \u201c3+3\u201d format\u0131 Bak\u0131 il\u0259 \u0130r\u0259van aras\u0131nda m\u00fcnasib\u0259tl\u0259rin normalla\u015fmas\u0131 \u00fc\u00e7\u00fcn faydal\u0131 ola bil\u0259r\u201d. Bunu\u00a0\u201cReport\u201da a\u00e7\u0131qlamas\u0131nda t\u00fcrkiy\u0259li politoloq Engin \u00d6zer deyib. Onun fikrinc\u0259, bu t\u0259\u015f\u0259bb\u00fcs C\u0259nubi Qafqaz regionunun bir \u00e7ox probleml\u0259rinin qon\u015fular\u0131n \u00f6zl\u0259ri t\u0259r\u0259find\u0259n h\u0259llin\u0259 t\u00f6hf\u0259 ver\u0259 bil\u0259r: \u201cDig\u0259r aktorlar v\u0259 \u00fc\u00e7\u00fcnc\u00fc \u00f6lk\u0259l\u0259r regionun i\u015fl\u0259rin\u0259 qar\u0131\u015fmamal\u0131d\u0131rlar\u201d. Politoloq qeyd edib ki, bu platforma h\u0259m d\u0259 n\u0259qliyyat kommunikasiyalar\u0131n\u0131n a\u00e7\u0131lmas\u0131 v\u0259 b\u00fct\u00fcn regionun iqtisadi inki\u015faf\u0131 m\u0259s\u0259l\u0259l\u0259rinin m\u00fczakir\u0259si \u00fc\u00e7\u00fcn \u00e7ox vacibdir. Xat\u0131rladaq ki, bu g\u00fcn \u0130ran\u0131n paytaxt\u0131 Tehranda xarici i\u015fl\u0259r nazirl\u0259rinin \u201c3+3\u201d format\u0131nda g\u00f6r\u00fc\u015f\u00fc ke\u00e7iril\u0259c\u0259k.&hellip;<\/p>\n","protected":false},"author":2,"featured_media":648707,"comment_status":"closed","ping_status":"closed","sticky":false,"template":"","format":"standard","meta":{"om_disable_all_campaigns":false,"_monsterinsights_skip_tracking":false,"_monsterinsights_sitenote_active":false,"_monsterinsights_sitenote_note":"","_monsterinsights_sitenote_category":0},"categories":[4],"tags":[],"aioseo_notices":[],"gutentor_comment":0,"rttpg_featured_image_url":{"full":["https:\/\/arantv.az\/wp-content\/uploads\/2023\/10\/2f3003f8-1223-3c3a-8f77-6d98fe898ddc_850-1.jpg",620,413,false],"landscape":["https:\/\/arantv.az\/wp-content\/uploads\/2023\/10\/2f3003f8-1223-3c3a-8f77-6d98fe898ddc_850-1.jpg",620,413,false],"portraits":["https:\/\/arantv.az\/wp-content\/uploads\/2023\/10\/2f3003f8-1223-3c3a-8f77-6d98fe898ddc_850-1.jpg",620,413,false],"thumbnail":["https:\/\/arantv.az\/wp-content\/uploads\/2023\/10\/2f3003f8-1223-3c3a-8f77-6d98fe898ddc_850-1-500x280.jpg",500,280,true],"medium":["https:\/\/arantv.az\/wp-content\/uploads\/2023\/10\/2f3003f8-1223-3c3a-8f77-6d98fe898ddc_850-1-548x365.jpg",548,365,true],"large":["https:\/\/arantv.az\/wp-content\/uploads\/2023\/10\/2f3003f8-1223-3c3a-8f77-6d98fe898ddc_850-1.jpg",620,413,false],"1536x1536":["https:\/\/arantv.az\/wp-content\/uploads\/2023\/10\/2f3003f8-1223-3c3a-8f77-6d98fe898ddc_850-1.jpg",620,413,false],"2048x2048":["https:\/\/arantv.az\/wp-content\/uploads\/2023\/10\/2f3003f8-1223-3c3a-8f77-6d98fe898ddc_850-1.jpg",620,413,false],"post-thumbnail":["https:\/\/arantv.az\/wp-content\/uploads\/2023\/10\/2f3003f8-1223-3c3a-8f77-6d98fe898ddc_850-1-240x172.jpg",240,172,true],"advps-thumb-one":["https:\/\/arantv.az\/wp-content\/uploads\/2023\/10\/2f3003f8-1223-3c3a-8f77-6d98fe898ddc_850-1.jpg",620,413,false]},"rttpg_author":{"display_name":"V\u00fcsal Rafiqo\u011flu","author_link":"https:\/\/arantv.az\/?author=2"},"rttpg_comment":0,"rttpg_category":"<a href=\"https:\/\/arantv.az\/?cat=4\" rel=\"category\">Siyas\u0259t<\/a>","rttpg_excerpt":"\u201cAz\u0259rbaycan, T\u00fcrkiy\u0259, G\u00fcrc\u00fcstan, \u0130ran, Rusiya v\u0259 Erm\u0259nistan aras\u0131nda \u0259m\u0259kda\u015fl\u0131\u011f\u0131 n\u0259z\u0259rd\u0259 tutan \u201c3+3\u201d format\u0131 Bak\u0131 il\u0259 \u0130r\u0259van aras\u0131nda m\u00fcnasib\u0259tl\u0259rin normalla\u015fmas\u0131 \u00fc\u00e7\u00fcn faydal\u0131 ola bil\u0259r\u201d. Bunu\u00a0\u201cReport\u201da a\u00e7\u0131qlamas\u0131nda t\u00fcrkiy\u0259li politoloq Engin \u00d6zer deyib. Onun fikrinc\u0259, bu t\u0259\u015f\u0259bb\u00fcs C\u0259nubi Qafqaz regionunun bir \u00e7ox probleml\u0259rinin qon\u015fular\u0131n \u00f6zl\u0259ri t\u0259r\u0259find\u0259n h\u0259llin\u0259 t\u00f6hf\u0259 ver\u0259 bil\u0259r: \u201cDig\u0259r aktorlar v\u0259 \u00fc\u00e7\u00fcnc\u00fc \u00f6lk\u0259l\u0259r regionun i\u015fl\u0259rin\u0259 qar\u0131\u015fmamal\u0131d\u0131rlar\u201d.&hellip;","_links":{"self":[{"href":"https:\/\/arantv.az\/index.php?rest_route=\/wp\/v2\/posts\/648703"}],"collection":[{"href":"https:\/\/arantv.az\/index.php?rest_route=\/wp\/v2\/posts"}],"about":[{"href":"https:\/\/arantv.az\/index.php?rest_route=\/wp\/v2\/types\/post"}],"author":[{"embeddable":true,"href":"https:\/\/arantv.az\/index.php?rest_route=\/wp\/v2\/users\/2"}],"replies":[{"embeddable":true,"href":"https:\/\/arantv.az\/index.php?rest_route=%2Fwp%2Fv2%2Fcomments&post=648703"}],"version-history":[{"count":0,"href":"https:\/\/arantv.az\/index.php?rest_route=\/wp\/v2\/posts\/648703\/revisions"}],"wp:featuredmedia":[{"embeddable":true,"href":"https:\/\/arantv.az\/index.php?rest_route=\/wp\/v2\/media\/648707"}],"wp:attachment":[{"href":"https:\/\/arantv.az\/index.php?rest_route=%2Fwp%2Fv2%2Fmedia&parent=648703"}],"wp:term":[{"taxonomy":"category","embeddable":true,"href":"https:\/\/arantv.az\/index.php?rest_route=%2Fwp%2Fv2%2Fcategories&post=648703"},{"taxonomy":"post_tag","embeddable":true,"href":"https:\/\/arantv.az\/index.php?rest_route=%2Fwp%2Fv2%2Ftags&post=648703"}],"curies":[{"name":"wp","href":"https:\/\/api.w.org\/{rel}","templated":true}]}}