{"id":64877,"date":"2019-06-08T08:40:20","date_gmt":"2019-06-08T05:40:20","guid":{"rendered":"http:\/\/arantv.az\/?p=64877"},"modified":"2019-06-08T08:40:20","modified_gmt":"2019-06-08T05:40:20","slug":"avro-2020-h%c9%99y%c9%99cani-az%c9%99rbaycan-macaristana-qarsi","status":"publish","type":"post","link":"https:\/\/arantv.az\/?p=64877","title":{"rendered":"Avro-2020 h\u0259y\u0259can\u0131: Az\u0259rbaycan Macar\u0131stana qar\u015f\u0131"},"content":{"rendered":"<p>Bu g\u00fcn Az\u0259rbaycan millisi 2020-ci il futbol \u00fczr\u0259 Avropa \u00e7empionat\u0131n\u0131n se\u00e7m\u0259 m\u0259rh\u0259l\u0259sind\u0259 ikinci oyununa \u00e7\u0131xacaq.<\/p>\n<p><strong>ARANTV.AZ\u00a0\u00a0<\/strong>x\u0259b\u0259r verir ki, E qrupunda m\u00fcbariz\u0259 aparan y\u0131\u011fmam\u0131z saat 20:00-da \u201cBakcell Arena\u201dda Macar\u0131stan komandas\u0131n\u0131 q\u0259bul ed\u0259c\u0259k.<\/p>\n<p>Mat\u00e7\u0131 Niderlanddan olan hakiml\u0259r briqadas\u0131 idar\u0259 ed\u0259c\u0259k.<\/p>\n<div id=\"AdviadNativeVideo0\" class=\"AdviadNativeVideo\"><\/div>\n<p>Qrupun dig\u0259r oyunu Xorvatiya v\u0259 Uels y\u0131\u011fmalar\u0131 aras\u0131nda ke\u00e7iril\u0259c\u0259k.<\/p>\n<p>Millimizin ba\u015f m\u0259\u015fq\u00e7isi Nikola Yur\u00e7evi\u00e7 bug\u00fcnk\u00fc oyunla ba\u011fl\u0131 nikbin oldu\u011funu qeyd etmi\u015fdi.<\/p>\n<p>Xat\u0131rladaq ki, Az\u0259rbaycan y\u0131\u011fmas\u0131 ilk mat\u00e7da s\u0259f\u0259rd\u0259 Xorvatiyaya 1:2 hesab\u0131 il\u0259 m\u0259\u011flub olub.oxu.az<\/p>\n","protected":false},"excerpt":{"rendered":"<p>Bu g\u00fcn Az\u0259rbaycan millisi 2020-ci il futbol \u00fczr\u0259 Avropa \u00e7empionat\u0131n\u0131n se\u00e7m\u0259 m\u0259rh\u0259l\u0259sind\u0259 ikinci oyununa \u00e7\u0131xacaq. ARANTV.AZ\u00a0\u00a0x\u0259b\u0259r verir ki, E qrupunda m\u00fcbariz\u0259 aparan y\u0131\u011fmam\u0131z saat 20:00-da \u201cBakcell Arena\u201dda Macar\u0131stan komandas\u0131n\u0131 q\u0259bul ed\u0259c\u0259k. Mat\u00e7\u0131 Niderlanddan olan hakiml\u0259r briqadas\u0131 idar\u0259 ed\u0259c\u0259k. Qrupun dig\u0259r oyunu Xorvatiya v\u0259 Uels y\u0131\u011fmalar\u0131 aras\u0131nda ke\u00e7iril\u0259c\u0259k. Millimizin ba\u015f m\u0259\u015fq\u00e7isi Nikola Yur\u00e7evi\u00e7 bug\u00fcnk\u00fc oyunla ba\u011fl\u0131 nikbin oldu\u011funu qeyd etmi\u015fdi. Xat\u0131rladaq ki, Az\u0259rbaycan y\u0131\u011fmas\u0131 ilk mat\u00e7da s\u0259f\u0259rd\u0259 Xorvatiyaya 1:2 hesab\u0131 il\u0259 m\u0259\u011flub olub.oxu.az<\/p>\n","protected":false},"author":2,"featured_media":64878,"comment_status":"closed","ping_status":"closed","sticky":false,"template":"","format":"standard","meta":{"om_disable_all_campaigns":false,"_monsterinsights_skip_tracking":false,"_monsterinsights_sitenote_active":false,"_monsterinsights_sitenote_note":"","_monsterinsights_sitenote_category":0},"categories":[6],"tags":[],"aioseo_notices":[],"gutentor_comment":0,"rttpg_featured_image_url":{"full":["https:\/\/arantv.az\/wp-content\/uploads\/2019\/06\/1d8c7c99-cc07-46d4-8d5a-e5be393d669a.jpg",620,413,false],"landscape":["https:\/\/arantv.az\/wp-content\/uploads\/2019\/06\/1d8c7c99-cc07-46d4-8d5a-e5be393d669a.jpg",620,413,false],"portraits":["https:\/\/arantv.az\/wp-content\/uploads\/2019\/06\/1d8c7c99-cc07-46d4-8d5a-e5be393d669a.jpg",620,413,false],"thumbnail":["https:\/\/arantv.az\/wp-content\/uploads\/2019\/06\/1d8c7c99-cc07-46d4-8d5a-e5be393d669a-150x150.jpg",150,150,true],"medium":["https:\/\/arantv.az\/wp-content\/uploads\/2019\/06\/1d8c7c99-cc07-46d4-8d5a-e5be393d669a-300x200.jpg",300,200,true],"large":["https:\/\/arantv.az\/wp-content\/uploads\/2019\/06\/1d8c7c99-cc07-46d4-8d5a-e5be393d669a.jpg",620,413,false],"1536x1536":["https:\/\/arantv.az\/wp-content\/uploads\/2019\/06\/1d8c7c99-cc07-46d4-8d5a-e5be393d669a.jpg",620,413,false],"2048x2048":["https:\/\/arantv.az\/wp-content\/uploads\/2019\/06\/1d8c7c99-cc07-46d4-8d5a-e5be393d669a.jpg",620,413,false],"post-thumbnail":["https:\/\/arantv.az\/wp-content\/uploads\/2019\/06\/1d8c7c99-cc07-46d4-8d5a-e5be393d669a-240x172.jpg",240,172,true],"advps-thumb-one":["https:\/\/arantv.az\/wp-content\/uploads\/2019\/06\/1d8c7c99-cc07-46d4-8d5a-e5be393d669a.jpg",620,413,false]},"rttpg_author":{"display_name":"V\u00fcsal Rafiqo\u011flu","author_link":"https:\/\/arantv.az\/?author=2"},"rttpg_comment":0,"rttpg_category":"<a href=\"https:\/\/arantv.az\/?cat=6\" rel=\"category\">\u0130dman<\/a>","rttpg_excerpt":"Bu g\u00fcn Az\u0259rbaycan millisi 2020-ci il futbol \u00fczr\u0259 Avropa \u00e7empionat\u0131n\u0131n se\u00e7m\u0259 m\u0259rh\u0259l\u0259sind\u0259 ikinci oyununa \u00e7\u0131xacaq. ARANTV.AZ\u00a0\u00a0x\u0259b\u0259r verir ki, E qrupunda m\u00fcbariz\u0259 aparan y\u0131\u011fmam\u0131z saat 20:00-da \u201cBakcell Arena\u201dda Macar\u0131stan komandas\u0131n\u0131 q\u0259bul ed\u0259c\u0259k. Mat\u00e7\u0131 Niderlanddan olan hakiml\u0259r briqadas\u0131 idar\u0259 ed\u0259c\u0259k. Qrupun dig\u0259r oyunu Xorvatiya v\u0259 Uels y\u0131\u011fmalar\u0131 aras\u0131nda ke\u00e7iril\u0259c\u0259k. Millimizin ba\u015f m\u0259\u015fq\u00e7isi Nikola Yur\u00e7evi\u00e7 bug\u00fcnk\u00fc oyunla ba\u011fl\u0131&hellip;","_links":{"self":[{"href":"https:\/\/arantv.az\/index.php?rest_route=\/wp\/v2\/posts\/64877"}],"collection":[{"href":"https:\/\/arantv.az\/index.php?rest_route=\/wp\/v2\/posts"}],"about":[{"href":"https:\/\/arantv.az\/index.php?rest_route=\/wp\/v2\/types\/post"}],"author":[{"embeddable":true,"href":"https:\/\/arantv.az\/index.php?rest_route=\/wp\/v2\/users\/2"}],"replies":[{"embeddable":true,"href":"https:\/\/arantv.az\/index.php?rest_route=%2Fwp%2Fv2%2Fcomments&post=64877"}],"version-history":[{"count":0,"href":"https:\/\/arantv.az\/index.php?rest_route=\/wp\/v2\/posts\/64877\/revisions"}],"wp:featuredmedia":[{"embeddable":true,"href":"https:\/\/arantv.az\/index.php?rest_route=\/wp\/v2\/media\/64878"}],"wp:attachment":[{"href":"https:\/\/arantv.az\/index.php?rest_route=%2Fwp%2Fv2%2Fmedia&parent=64877"}],"wp:term":[{"taxonomy":"category","embeddable":true,"href":"https:\/\/arantv.az\/index.php?rest_route=%2Fwp%2Fv2%2Fcategories&post=64877"},{"taxonomy":"post_tag","embeddable":true,"href":"https:\/\/arantv.az\/index.php?rest_route=%2Fwp%2Fv2%2Ftags&post=64877"}],"curies":[{"name":"wp","href":"https:\/\/api.w.org\/{rel}","templated":true}]}}