{"id":649031,"date":"2023-10-24T13:44:40","date_gmt":"2023-10-24T09:44:40","guid":{"rendered":"https:\/\/arantv.az\/?p=649031"},"modified":"2023-10-24T13:44:40","modified_gmt":"2023-10-24T09:44:40","slug":"avropa-%c9%99dal%c9%99t-muhakim%c9%99si-gunun%c9%99-h%c9%99sr-olunan-%c9%99dal%c9%99t-muhakim%c9%99si-r%c9%99mzl%c9%99rinin-s%c9%99rgisi-keciril%c9%99c%c9%99k","status":"publish","type":"post","link":"https:\/\/arantv.az\/?p=649031","title":{"rendered":"\u201cAvropa \u018fdal\u0259t M\u00fchakim\u0259si G\u00fcn\u00fc\u201dn\u0259 h\u0259sr olunan \u0259dal\u0259t m\u00fchakim\u0259si r\u0259mzl\u0259rinin s\u0259rgisi ke\u00e7iril\u0259c\u0259k"},"content":{"rendered":"<p>Oktyabr\u0131n 25-d\u0259 Az\u0259rbaycan Respublikas\u0131n\u0131n V\u0259kill\u0259r Kollegiyas\u0131 v\u0259 Az\u0259rbaycan Respublikas\u0131n\u0131n Ali M\u0259hk\u0259m\u0259sinin birg\u0259 t\u0259\u015fkilat\u00e7\u0131l\u0131\u011f\u0131 il\u0259 \u201cAvropa \u018fdal\u0259t M\u00fchakim\u0259si G\u00fcn\u00fc\u201dn\u0259 h\u0259sr olunan \u0259dal\u0259t m\u00fchakim\u0259si r\u0259mzl\u0259rinin s\u0259rgisi ke\u00e7iril\u0259c\u0259k.<\/p>\n<p>Ali M\u0259hk\u0259m\u0259nin inzibati binas\u0131nda t\u0259\u015fkil olunacaq s\u0259rgid\u0259 V\u0259kill\u0259r Kollegiyas\u0131n\u0131n \u00fczv\u00fc Kamandar N\u0259sibovun \u015f\u0259xsi kolleksiyas\u0131nda yer alan d\u00fcnyan\u0131n m\u00fcxt\u0259lif \u00f6lk\u0259l\u0259rind\u0259n g\u0259tirilmi\u015f 100-d\u0259n \u00e7ox v\u0259kil, hakim c\u00fcbb\u0259si, atributlar, X\u0259tai Rayon M\u0259hk\u0259m\u0259sinin s\u0259dri R\u0259\u015fid Rzayevin \u015f\u0259xsi kolleksiyas\u0131na aid olan v\u0259killik v\u0259 \u0259dliyy\u0259 tarixin\u0259 dair medallar, ordenl\u0259r, d\u00f6\u015f ni\u015fanlar\u0131, markalar v\u0259 pul \u0259sginaslar\u0131 n\u00fcmayi\u015f olunacaq.<\/p>\n<p>Qeyd ed\u0259k ki, 25-27 oktyabr tarixl\u0259rind\u0259 t\u0259\u015fkil edil\u0259c\u0259k s\u0259rgid\u0259 i\u015ftirak \u00f6d\u0259ni\u015fsizdir. Arzu ed\u0259n h\u0259r k\u0259s qeyd edil\u0259n tarixl\u0259rd\u0259 10:00-dan 13:00-d\u0259k v\u0259 14:00-dan 17:00-d\u0259k \u015f\u0259xsiyy\u0259ti v\u0259siq\u0259si il\u0259 Ali M\u0259hk\u0259m\u0259nin inzibati binas\u0131na yax\u0131nla\u015fa bil\u0259r.<\/p>\n","protected":false},"excerpt":{"rendered":"<p>Oktyabr\u0131n 25-d\u0259 Az\u0259rbaycan Respublikas\u0131n\u0131n V\u0259kill\u0259r Kollegiyas\u0131 v\u0259 Az\u0259rbaycan Respublikas\u0131n\u0131n Ali M\u0259hk\u0259m\u0259sinin birg\u0259 t\u0259\u015fkilat\u00e7\u0131l\u0131\u011f\u0131 il\u0259 \u201cAvropa \u018fdal\u0259t M\u00fchakim\u0259si G\u00fcn\u00fc\u201dn\u0259 h\u0259sr olunan \u0259dal\u0259t m\u00fchakim\u0259si r\u0259mzl\u0259rinin s\u0259rgisi ke\u00e7iril\u0259c\u0259k. Ali M\u0259hk\u0259m\u0259nin inzibati binas\u0131nda t\u0259\u015fkil olunacaq s\u0259rgid\u0259 V\u0259kill\u0259r Kollegiyas\u0131n\u0131n \u00fczv\u00fc Kamandar N\u0259sibovun \u015f\u0259xsi kolleksiyas\u0131nda yer alan d\u00fcnyan\u0131n m\u00fcxt\u0259lif \u00f6lk\u0259l\u0259rind\u0259n g\u0259tirilmi\u015f 100-d\u0259n \u00e7ox v\u0259kil, hakim c\u00fcbb\u0259si, atributlar, X\u0259tai Rayon M\u0259hk\u0259m\u0259sinin s\u0259dri R\u0259\u015fid Rzayevin \u015f\u0259xsi kolleksiyas\u0131na aid olan v\u0259killik v\u0259 \u0259dliyy\u0259 tarixin\u0259 dair medallar, ordenl\u0259r, d\u00f6\u015f ni\u015fanlar\u0131, markalar v\u0259 pul \u0259sginaslar\u0131 n\u00fcmayi\u015f olunacaq. Qeyd ed\u0259k ki, 25-27 oktyabr tarixl\u0259rind\u0259 t\u0259\u015fkil edil\u0259c\u0259k s\u0259rgid\u0259 i\u015ftirak \u00f6d\u0259ni\u015fsizdir. Arzu ed\u0259n h\u0259r&hellip;<\/p>\n","protected":false},"author":2,"featured_media":649033,"comment_status":"closed","ping_status":"closed","sticky":false,"template":"","format":"standard","meta":{"om_disable_all_campaigns":false,"_monsterinsights_skip_tracking":false,"_monsterinsights_sitenote_active":false,"_monsterinsights_sitenote_note":"","_monsterinsights_sitenote_category":0},"categories":[1],"tags":[],"aioseo_notices":[],"gutentor_comment":0,"rttpg_featured_image_url":{"full":["https:\/\/arantv.az\/wp-content\/uploads\/2023\/10\/FotoJet-4-11.jpg",620,413,false],"landscape":["https:\/\/arantv.az\/wp-content\/uploads\/2023\/10\/FotoJet-4-11.jpg",620,413,false],"portraits":["https:\/\/arantv.az\/wp-content\/uploads\/2023\/10\/FotoJet-4-11.jpg",620,413,false],"thumbnail":["https:\/\/arantv.az\/wp-content\/uploads\/2023\/10\/FotoJet-4-11-500x280.jpg",500,280,true],"medium":["https:\/\/arantv.az\/wp-content\/uploads\/2023\/10\/FotoJet-4-11-548x365.jpg",548,365,true],"large":["https:\/\/arantv.az\/wp-content\/uploads\/2023\/10\/FotoJet-4-11.jpg",620,413,false],"1536x1536":["https:\/\/arantv.az\/wp-content\/uploads\/2023\/10\/FotoJet-4-11.jpg",620,413,false],"2048x2048":["https:\/\/arantv.az\/wp-content\/uploads\/2023\/10\/FotoJet-4-11.jpg",620,413,false],"post-thumbnail":["https:\/\/arantv.az\/wp-content\/uploads\/2023\/10\/FotoJet-4-11-240x172.jpg",240,172,true],"advps-thumb-one":["https:\/\/arantv.az\/wp-content\/uploads\/2023\/10\/FotoJet-4-11.jpg",620,413,false]},"rttpg_author":{"display_name":"V\u00fcsal Rafiqo\u011flu","author_link":"https:\/\/arantv.az\/?author=2"},"rttpg_comment":0,"rttpg_category":"<a href=\"https:\/\/arantv.az\/?cat=1\" rel=\"category\">C\u0259miyy\u0259t<\/a>","rttpg_excerpt":"Oktyabr\u0131n 25-d\u0259 Az\u0259rbaycan Respublikas\u0131n\u0131n V\u0259kill\u0259r Kollegiyas\u0131 v\u0259 Az\u0259rbaycan Respublikas\u0131n\u0131n Ali M\u0259hk\u0259m\u0259sinin birg\u0259 t\u0259\u015fkilat\u00e7\u0131l\u0131\u011f\u0131 il\u0259 \u201cAvropa \u018fdal\u0259t M\u00fchakim\u0259si G\u00fcn\u00fc\u201dn\u0259 h\u0259sr olunan \u0259dal\u0259t m\u00fchakim\u0259si r\u0259mzl\u0259rinin s\u0259rgisi ke\u00e7iril\u0259c\u0259k. Ali M\u0259hk\u0259m\u0259nin inzibati binas\u0131nda t\u0259\u015fkil olunacaq s\u0259rgid\u0259 V\u0259kill\u0259r Kollegiyas\u0131n\u0131n \u00fczv\u00fc Kamandar N\u0259sibovun \u015f\u0259xsi kolleksiyas\u0131nda yer alan d\u00fcnyan\u0131n m\u00fcxt\u0259lif \u00f6lk\u0259l\u0259rind\u0259n g\u0259tirilmi\u015f 100-d\u0259n \u00e7ox v\u0259kil, hakim c\u00fcbb\u0259si, atributlar, X\u0259tai Rayon M\u0259hk\u0259m\u0259sinin s\u0259dri&hellip;","_links":{"self":[{"href":"https:\/\/arantv.az\/index.php?rest_route=\/wp\/v2\/posts\/649031"}],"collection":[{"href":"https:\/\/arantv.az\/index.php?rest_route=\/wp\/v2\/posts"}],"about":[{"href":"https:\/\/arantv.az\/index.php?rest_route=\/wp\/v2\/types\/post"}],"author":[{"embeddable":true,"href":"https:\/\/arantv.az\/index.php?rest_route=\/wp\/v2\/users\/2"}],"replies":[{"embeddable":true,"href":"https:\/\/arantv.az\/index.php?rest_route=%2Fwp%2Fv2%2Fcomments&post=649031"}],"version-history":[{"count":0,"href":"https:\/\/arantv.az\/index.php?rest_route=\/wp\/v2\/posts\/649031\/revisions"}],"wp:featuredmedia":[{"embeddable":true,"href":"https:\/\/arantv.az\/index.php?rest_route=\/wp\/v2\/media\/649033"}],"wp:attachment":[{"href":"https:\/\/arantv.az\/index.php?rest_route=%2Fwp%2Fv2%2Fmedia&parent=649031"}],"wp:term":[{"taxonomy":"category","embeddable":true,"href":"https:\/\/arantv.az\/index.php?rest_route=%2Fwp%2Fv2%2Fcategories&post=649031"},{"taxonomy":"post_tag","embeddable":true,"href":"https:\/\/arantv.az\/index.php?rest_route=%2Fwp%2Fv2%2Ftags&post=649031"}],"curies":[{"name":"wp","href":"https:\/\/api.w.org\/{rel}","templated":true}]}}