{"id":649034,"date":"2023-10-24T13:47:00","date_gmt":"2023-10-24T09:47:00","guid":{"rendered":"https:\/\/arantv.az\/?p=649034"},"modified":"2023-10-24T13:47:00","modified_gmt":"2023-10-24T09:47:00","slug":"general-turkiy%c9%99-ordusu-nato-da-ikinci-az%c9%99rbaycan-sq-is%c9%99-c%c9%99nubi-qafqazda-birincidir","status":"publish","type":"post","link":"https:\/\/arantv.az\/?p=649034","title":{"rendered":"General: \u201cT\u00fcrkiy\u0259 Ordusu NATO-da ikinci, Az\u0259rbaycan SQ is\u0259 C\u0259nubi Qafqazda birincidir\u201d"},"content":{"rendered":"<p>\u201cT\u00fcrkiy\u0259 Ordusu NATO-nun ikinci, Az\u0259rbaycan Ordusu is\u0259 C\u0259nubi Qafqaz\u0131n birinci \u0259n g\u00fccl\u00fc ordusudur\u201d.<\/p>\n<p>Bunu\u00a0\u201cReport\u201da a\u00e7\u0131qlamas\u0131nda T\u00fcrkiy\u0259nin Az\u0259rbaycandak\u0131 sabiq h\u0259rbi atta\u015fesi, ehtiyatda olan general Y\u00fccel Karauz deyib.<\/p>\n<p>Onun s\u00f6zl\u0259rin\u0259 g\u00f6r\u0259, bu il Az\u0259rbaycanla h\u0259rbi \u0259laq\u0259l\u0259rin qurulmas\u0131ndan 32 il \u00f6t\u00fcr:<\/p>\n<p>\u201c\u00dcmumilikd\u0259 il \u0259rzind\u0259 T\u00fcrkiy\u0259 v\u0259 Az\u0259rbaycan aras\u0131nda 20-y\u0259 yax\u0131n birg\u0259 h\u0259rbi t\u0259lim ke\u00e7irilir. Bunlar havada, suda v\u0259 quruda, h\u0259m\u00e7inin X\u00fcsusi T\u0259yinatl\u0131 Q\u00fcvv\u0259l\u0259rl\u0259 birg\u0259 ke\u00e7iril\u0259n t\u0259liml\u0259rdir. Bug\u00fcnk\u00fc t\u0259liml\u0259r h\u0259m vaxt, h\u0259m d\u0259 ad etibar\u0131 il\u0259 \u00e7ox b\u00f6y\u00fck \u00f6n\u0259m da\u015f\u0131y\u0131r. D\u00fcnyada haz\u0131rda qeyri-sabitlik h\u00f6km s\u00fcr\u00fcr v\u0259 g\u00fcnb\u0259g\u00fcn yeni m\u00fcnaqi\u015f\u0259 ocaqlar\u0131 yaranmaqdad\u0131r\u201d.<\/p>\n<p>General qeyd edib ki, C\u0259nubi Qafqaza s\u00fclh v\u0259 sabitliyi g\u0259tir\u0259n Az\u0259rbaycan d\u00f6vl\u0259ti v\u0259 ordusunun yaratd\u0131\u011f\u0131 yeni reall\u0131qlarla bar\u0131\u015fmaq ist\u0259m\u0259y\u0259n q\u00fcvv\u0259l\u0259r b\u00f6lg\u0259ni qar\u0131\u015fd\u0131rmaq \u00fc\u00e7\u00fcn kilometrl\u0259rl\u0259 uzaqdan nifaq toxumlar\u0131 s\u0259pm\u0259y\u0259 \u00e7al\u0131\u015f\u0131rlar. Bu bax\u0131mdan, \u201cMustafa Kamal Atat\u00fcrk-2023\u201d birg\u0259 taktiki t\u0259limi h\u0259m b\u00f6lg\u0259, h\u0259m d\u0259 d\u00fcnya \u00f6lk\u0259l\u0259rin\u0259 veril\u0259n mesajlar n\u00f6qteyi-n\u0259z\u0259rind\u0259n vacibdir.<\/p>\n<p>Y.Karauz vur\u011fulay\u0131b ki, bu t\u0259liml\u0259rd\u0259 ordular\u0131m\u0131z h\u0259m havada, h\u0259m d\u0259 quruda d\u00fcnyan\u0131n \u0259n \u00e7\u0259tin manevrl\u0259rini n\u00fcmayi\u015f etdirirl\u0259r:<\/p>\n<p>\u201cT\u00fcrkiy\u0259 NATO-nun ikinci \u0259n b\u00f6y\u00fck, Az\u0259rbaycan Ordusu is\u0259 C\u0259nubi Qafqaz\u0131n \u0259n g\u00fccl\u00fc ordusudur. Bu bax\u0131mdan iki b\u00f6y\u00fck ordunun ke\u00e7irdiyi t\u0259liml\u0259rinin T\u00fcrkiy\u0259nin 100 illiyin\u0259 h\u0259sr olunmas\u0131 Az\u0259rbaycan\u0131n nec\u0259 q\u0259dirbil\u0259n d\u00f6vl\u0259t oldu\u011funun g\u00f6st\u0259ricisidir\u201d.<\/p>\n","protected":false},"excerpt":{"rendered":"<p>\u201cT\u00fcrkiy\u0259 Ordusu NATO-nun ikinci, Az\u0259rbaycan Ordusu is\u0259 C\u0259nubi Qafqaz\u0131n birinci \u0259n g\u00fccl\u00fc ordusudur\u201d. Bunu\u00a0\u201cReport\u201da a\u00e7\u0131qlamas\u0131nda T\u00fcrkiy\u0259nin Az\u0259rbaycandak\u0131 sabiq h\u0259rbi atta\u015fesi, ehtiyatda olan general Y\u00fccel Karauz deyib. Onun s\u00f6zl\u0259rin\u0259 g\u00f6r\u0259, bu il Az\u0259rbaycanla h\u0259rbi \u0259laq\u0259l\u0259rin qurulmas\u0131ndan 32 il \u00f6t\u00fcr: \u201c\u00dcmumilikd\u0259 il \u0259rzind\u0259 T\u00fcrkiy\u0259 v\u0259 Az\u0259rbaycan aras\u0131nda 20-y\u0259 yax\u0131n birg\u0259 h\u0259rbi t\u0259lim ke\u00e7irilir. Bunlar havada, suda v\u0259 quruda, h\u0259m\u00e7inin X\u00fcsusi T\u0259yinatl\u0131 Q\u00fcvv\u0259l\u0259rl\u0259 birg\u0259 ke\u00e7iril\u0259n t\u0259liml\u0259rdir. Bug\u00fcnk\u00fc t\u0259liml\u0259r h\u0259m vaxt, h\u0259m d\u0259 ad etibar\u0131 il\u0259 \u00e7ox b\u00f6y\u00fck \u00f6n\u0259m da\u015f\u0131y\u0131r. D\u00fcnyada haz\u0131rda qeyri-sabitlik h\u00f6km s\u00fcr\u00fcr v\u0259 g\u00fcnb\u0259g\u00fcn yeni m\u00fcnaqi\u015f\u0259 ocaqlar\u0131 yaranmaqdad\u0131r\u201d. General qeyd edib&hellip;<\/p>\n","protected":false},"author":2,"featured_media":649037,"comment_status":"closed","ping_status":"closed","sticky":false,"template":"","format":"standard","meta":{"om_disable_all_campaigns":false,"_monsterinsights_skip_tracking":false,"_monsterinsights_sitenote_active":false,"_monsterinsights_sitenote_note":"","_monsterinsights_sitenote_category":0},"categories":[4],"tags":[],"aioseo_notices":[],"gutentor_comment":0,"rttpg_featured_image_url":{"full":["https:\/\/arantv.az\/wp-content\/uploads\/2023\/10\/d4bfb33d-c5a3-35e5-af0d-5663328cbf18_850.jpg",620,413,false],"landscape":["https:\/\/arantv.az\/wp-content\/uploads\/2023\/10\/d4bfb33d-c5a3-35e5-af0d-5663328cbf18_850.jpg",620,413,false],"portraits":["https:\/\/arantv.az\/wp-content\/uploads\/2023\/10\/d4bfb33d-c5a3-35e5-af0d-5663328cbf18_850.jpg",620,413,false],"thumbnail":["https:\/\/arantv.az\/wp-content\/uploads\/2023\/10\/d4bfb33d-c5a3-35e5-af0d-5663328cbf18_850-500x280.jpg",500,280,true],"medium":["https:\/\/arantv.az\/wp-content\/uploads\/2023\/10\/d4bfb33d-c5a3-35e5-af0d-5663328cbf18_850-548x365.jpg",548,365,true],"large":["https:\/\/arantv.az\/wp-content\/uploads\/2023\/10\/d4bfb33d-c5a3-35e5-af0d-5663328cbf18_850.jpg",620,413,false],"1536x1536":["https:\/\/arantv.az\/wp-content\/uploads\/2023\/10\/d4bfb33d-c5a3-35e5-af0d-5663328cbf18_850.jpg",620,413,false],"2048x2048":["https:\/\/arantv.az\/wp-content\/uploads\/2023\/10\/d4bfb33d-c5a3-35e5-af0d-5663328cbf18_850.jpg",620,413,false],"post-thumbnail":["https:\/\/arantv.az\/wp-content\/uploads\/2023\/10\/d4bfb33d-c5a3-35e5-af0d-5663328cbf18_850-240x172.jpg",240,172,true],"advps-thumb-one":["https:\/\/arantv.az\/wp-content\/uploads\/2023\/10\/d4bfb33d-c5a3-35e5-af0d-5663328cbf18_850.jpg",620,413,false]},"rttpg_author":{"display_name":"V\u00fcsal Rafiqo\u011flu","author_link":"https:\/\/arantv.az\/?author=2"},"rttpg_comment":0,"rttpg_category":"<a href=\"https:\/\/arantv.az\/?cat=4\" rel=\"category\">Siyas\u0259t<\/a>","rttpg_excerpt":"\u201cT\u00fcrkiy\u0259 Ordusu NATO-nun ikinci, Az\u0259rbaycan Ordusu is\u0259 C\u0259nubi Qafqaz\u0131n birinci \u0259n g\u00fccl\u00fc ordusudur\u201d. Bunu\u00a0\u201cReport\u201da a\u00e7\u0131qlamas\u0131nda T\u00fcrkiy\u0259nin Az\u0259rbaycandak\u0131 sabiq h\u0259rbi atta\u015fesi, ehtiyatda olan general Y\u00fccel Karauz deyib. Onun s\u00f6zl\u0259rin\u0259 g\u00f6r\u0259, bu il Az\u0259rbaycanla h\u0259rbi \u0259laq\u0259l\u0259rin qurulmas\u0131ndan 32 il \u00f6t\u00fcr: \u201c\u00dcmumilikd\u0259 il \u0259rzind\u0259 T\u00fcrkiy\u0259 v\u0259 Az\u0259rbaycan aras\u0131nda 20-y\u0259 yax\u0131n birg\u0259 h\u0259rbi t\u0259lim ke\u00e7irilir. Bunlar havada, suda v\u0259&hellip;","_links":{"self":[{"href":"https:\/\/arantv.az\/index.php?rest_route=\/wp\/v2\/posts\/649034"}],"collection":[{"href":"https:\/\/arantv.az\/index.php?rest_route=\/wp\/v2\/posts"}],"about":[{"href":"https:\/\/arantv.az\/index.php?rest_route=\/wp\/v2\/types\/post"}],"author":[{"embeddable":true,"href":"https:\/\/arantv.az\/index.php?rest_route=\/wp\/v2\/users\/2"}],"replies":[{"embeddable":true,"href":"https:\/\/arantv.az\/index.php?rest_route=%2Fwp%2Fv2%2Fcomments&post=649034"}],"version-history":[{"count":0,"href":"https:\/\/arantv.az\/index.php?rest_route=\/wp\/v2\/posts\/649034\/revisions"}],"wp:featuredmedia":[{"embeddable":true,"href":"https:\/\/arantv.az\/index.php?rest_route=\/wp\/v2\/media\/649037"}],"wp:attachment":[{"href":"https:\/\/arantv.az\/index.php?rest_route=%2Fwp%2Fv2%2Fmedia&parent=649034"}],"wp:term":[{"taxonomy":"category","embeddable":true,"href":"https:\/\/arantv.az\/index.php?rest_route=%2Fwp%2Fv2%2Fcategories&post=649034"},{"taxonomy":"post_tag","embeddable":true,"href":"https:\/\/arantv.az\/index.php?rest_route=%2Fwp%2Fv2%2Ftags&post=649034"}],"curies":[{"name":"wp","href":"https:\/\/api.w.org\/{rel}","templated":true}]}}