{"id":649042,"date":"2023-10-24T14:25:23","date_gmt":"2023-10-24T10:25:23","guid":{"rendered":"https:\/\/arantv.az\/?p=649042"},"modified":"2023-10-24T14:25:23","modified_gmt":"2023-10-24T10:25:23","slug":"ust-dunyada-pandemiyanin-yaranmasinin-qarsisini-almagi-qeyri-mumkun-hesab-edir","status":"publish","type":"post","link":"https:\/\/arantv.az\/?p=649042","title":{"rendered":"\u00dcST d\u00fcnyada pandemiyan\u0131n yaranmas\u0131n\u0131n qar\u015f\u0131s\u0131n\u0131 alma\u011f\u0131 qeyri-m\u00fcmk\u00fcn hesab edir"},"content":{"rendered":"<p>\u00dcmumd\u00fcnya S\u0259hiyy\u0259 T\u0259\u015fkilat\u0131n\u0131n (\u00dcST) Avropa \u00fczr\u0259 regional direktoru Hans Kl\u00fcge COVID-19 da daxil olmaqla pandemiyalar\u0131 tamamil\u0259 dayand\u0131rma\u011f\u0131n m\u00fcmk\u00fcn olmad\u0131\u011f\u0131n\u0131 bildirib.<\/p>\n<p>Astanada ke\u00e7iril\u0259n \u00dcST Avropa Regional Komit\u0259sinin 73-c\u00fc sessiyas\u0131nda Kl\u00fcge qloballa\u015fan d\u00fcnyada ba\u015fqa pandemiyalar\u0131n da olma ehtimal\u0131n\u0131 qeyd edib. O, COVID-19 pandemiyas\u0131ndan \u00e7oxlu d\u0259rsl\u0259rin al\u0131nd\u0131\u011f\u0131n\u0131 vur\u011fulay\u0131b.<\/p>\n<p>Kl\u00fcgenin s\u00f6zl\u0259rin\u0259 g\u00f6r\u0259, pandemiyalar\u0131 dayand\u0131rmaq m\u00fcmk\u00fcn olmasa da, onlara daha yax\u015f\u0131 haz\u0131rla\u015fmaq m\u00fcmk\u00fcnd\u00fcr.<\/p>\n<p>M\u0259nb\u0259: TASS<\/p>\n","protected":false},"excerpt":{"rendered":"<p>\u00dcmumd\u00fcnya S\u0259hiyy\u0259 T\u0259\u015fkilat\u0131n\u0131n (\u00dcST) Avropa \u00fczr\u0259 regional direktoru Hans Kl\u00fcge COVID-19 da daxil olmaqla pandemiyalar\u0131 tamamil\u0259 dayand\u0131rma\u011f\u0131n m\u00fcmk\u00fcn olmad\u0131\u011f\u0131n\u0131 bildirib. Astanada ke\u00e7iril\u0259n \u00dcST Avropa Regional Komit\u0259sinin 73-c\u00fc sessiyas\u0131nda Kl\u00fcge qloballa\u015fan d\u00fcnyada ba\u015fqa pandemiyalar\u0131n da olma ehtimal\u0131n\u0131 qeyd edib. O, COVID-19 pandemiyas\u0131ndan \u00e7oxlu d\u0259rsl\u0259rin al\u0131nd\u0131\u011f\u0131n\u0131 vur\u011fulay\u0131b. Kl\u00fcgenin s\u00f6zl\u0259rin\u0259 g\u00f6r\u0259, pandemiyalar\u0131 dayand\u0131rmaq m\u00fcmk\u00fcn olmasa da, onlara daha yax\u015f\u0131 haz\u0131rla\u015fmaq m\u00fcmk\u00fcnd\u00fcr. M\u0259nb\u0259: TASS<\/p>\n","protected":false},"author":2,"featured_media":649043,"comment_status":"closed","ping_status":"closed","sticky":false,"template":"","format":"standard","meta":{"om_disable_all_campaigns":false,"_monsterinsights_skip_tracking":false,"_monsterinsights_sitenote_active":false,"_monsterinsights_sitenote_note":"","_monsterinsights_sitenote_category":0},"categories":[7],"tags":[],"aioseo_notices":[],"gutentor_comment":0,"rttpg_featured_image_url":{"full":["https:\/\/arantv.az\/wp-content\/uploads\/2023\/10\/FotoJet-2023-08-21T170230.832.jpg",620,413,false],"landscape":["https:\/\/arantv.az\/wp-content\/uploads\/2023\/10\/FotoJet-2023-08-21T170230.832.jpg",620,413,false],"portraits":["https:\/\/arantv.az\/wp-content\/uploads\/2023\/10\/FotoJet-2023-08-21T170230.832.jpg",620,413,false],"thumbnail":["https:\/\/arantv.az\/wp-content\/uploads\/2023\/10\/FotoJet-2023-08-21T170230.832-500x280.jpg",500,280,true],"medium":["https:\/\/arantv.az\/wp-content\/uploads\/2023\/10\/FotoJet-2023-08-21T170230.832-548x365.jpg",548,365,true],"large":["https:\/\/arantv.az\/wp-content\/uploads\/2023\/10\/FotoJet-2023-08-21T170230.832.jpg",620,413,false],"1536x1536":["https:\/\/arantv.az\/wp-content\/uploads\/2023\/10\/FotoJet-2023-08-21T170230.832.jpg",620,413,false],"2048x2048":["https:\/\/arantv.az\/wp-content\/uploads\/2023\/10\/FotoJet-2023-08-21T170230.832.jpg",620,413,false],"post-thumbnail":["https:\/\/arantv.az\/wp-content\/uploads\/2023\/10\/FotoJet-2023-08-21T170230.832-240x172.jpg",240,172,true],"advps-thumb-one":["https:\/\/arantv.az\/wp-content\/uploads\/2023\/10\/FotoJet-2023-08-21T170230.832.jpg",620,413,false]},"rttpg_author":{"display_name":"V\u00fcsal Rafiqo\u011flu","author_link":"https:\/\/arantv.az\/?author=2"},"rttpg_comment":0,"rttpg_category":"<a href=\"https:\/\/arantv.az\/?cat=7\" rel=\"category\">D\u00fcnya<\/a>","rttpg_excerpt":"\u00dcmumd\u00fcnya S\u0259hiyy\u0259 T\u0259\u015fkilat\u0131n\u0131n (\u00dcST) Avropa \u00fczr\u0259 regional direktoru Hans Kl\u00fcge COVID-19 da daxil olmaqla pandemiyalar\u0131 tamamil\u0259 dayand\u0131rma\u011f\u0131n m\u00fcmk\u00fcn olmad\u0131\u011f\u0131n\u0131 bildirib. Astanada ke\u00e7iril\u0259n \u00dcST Avropa Regional Komit\u0259sinin 73-c\u00fc sessiyas\u0131nda Kl\u00fcge qloballa\u015fan d\u00fcnyada ba\u015fqa pandemiyalar\u0131n da olma ehtimal\u0131n\u0131 qeyd edib. O, COVID-19 pandemiyas\u0131ndan \u00e7oxlu d\u0259rsl\u0259rin al\u0131nd\u0131\u011f\u0131n\u0131 vur\u011fulay\u0131b. Kl\u00fcgenin s\u00f6zl\u0259rin\u0259 g\u00f6r\u0259, pandemiyalar\u0131 dayand\u0131rmaq m\u00fcmk\u00fcn olmasa da, onlara daha&hellip;","_links":{"self":[{"href":"https:\/\/arantv.az\/index.php?rest_route=\/wp\/v2\/posts\/649042"}],"collection":[{"href":"https:\/\/arantv.az\/index.php?rest_route=\/wp\/v2\/posts"}],"about":[{"href":"https:\/\/arantv.az\/index.php?rest_route=\/wp\/v2\/types\/post"}],"author":[{"embeddable":true,"href":"https:\/\/arantv.az\/index.php?rest_route=\/wp\/v2\/users\/2"}],"replies":[{"embeddable":true,"href":"https:\/\/arantv.az\/index.php?rest_route=%2Fwp%2Fv2%2Fcomments&post=649042"}],"version-history":[{"count":0,"href":"https:\/\/arantv.az\/index.php?rest_route=\/wp\/v2\/posts\/649042\/revisions"}],"wp:featuredmedia":[{"embeddable":true,"href":"https:\/\/arantv.az\/index.php?rest_route=\/wp\/v2\/media\/649043"}],"wp:attachment":[{"href":"https:\/\/arantv.az\/index.php?rest_route=%2Fwp%2Fv2%2Fmedia&parent=649042"}],"wp:term":[{"taxonomy":"category","embeddable":true,"href":"https:\/\/arantv.az\/index.php?rest_route=%2Fwp%2Fv2%2Fcategories&post=649042"},{"taxonomy":"post_tag","embeddable":true,"href":"https:\/\/arantv.az\/index.php?rest_route=%2Fwp%2Fv2%2Ftags&post=649042"}],"curies":[{"name":"wp","href":"https:\/\/api.w.org\/{rel}","templated":true}]}}