{"id":649046,"date":"2023-10-24T14:26:30","date_gmt":"2023-10-24T10:26:30","guid":{"rendered":"https:\/\/arantv.az\/?p=649046"},"modified":"2023-10-24T14:26:30","modified_gmt":"2023-10-24T10:26:30","slug":"britaniyali-politoloq-ai-nin-anti-az%c9%99rbaycan-b%c9%99yanatlari-erm%c9%99ni-diasporunun-s%c9%99yl%c9%99rinin-n%c9%99tic%c9%99sidir","status":"publish","type":"post","link":"https:\/\/arantv.az\/?p=649046","title":{"rendered":"Britaniyal\u0131 politoloq: \u201cA\u0130-nin anti-Az\u0259rbaycan b\u0259yanatlar\u0131 erm\u0259ni diasporunun s\u0259yl\u0259rinin n\u0259tic\u0259sidir\u201d"},"content":{"rendered":"<p>\u201cAvropa \u0130ttifaq\u0131n\u0131n (A\u0130) Az\u0259rbaycana qar\u015f\u0131 ayr\u0131-se\u00e7kiliyi Qaraba\u011f regionunun bir zamanlar Erm\u0259nistan\u0131n i\u015f\u011fal\u0131 alt\u0131nda qalmas\u0131 il\u0259 ba\u011fl\u0131 m\u0259s\u0259l\u0259ni v\u0259 bunun tarixini d\u0259rk etm\u0259m\u0259si il\u0259 ba\u011fl\u0131d\u0131r\u201d.<\/p>\n<p>Bunu\u00a0\u201cReport\u201da a\u00e7\u0131qlamas\u0131nda britaniyal\u0131 politoloq v\u0259 jurnalist Nil Vatson deyib.<\/p>\n<p>Politoloqun fikrinc\u0259, Avropa \u015euras\u0131 Nazirl\u0259r Komit\u0259sinin v\u0259 A\u0130 n\u00fcmay\u0259nd\u0259 hey\u0259tinin oktyabr\u0131n 18-d\u0259 verdiyi b\u0259yanata erm\u0259ni lobbisi v\u0259 onlar\u0131n guya tarix boyu \u201c\u00f6zl\u0259rini qurban ver\u0259n\u201d erm\u0259nil\u0259rl\u0259 ba\u011fl\u0131 mifl\u0259ri g\u00fccl\u00fc t\u0259sir edib:<\/p>\n<p>\u201cErm\u0259ni diasporu bu m\u0259nada A\u0130-d\u0259 b\u00f6y\u00fck u\u011fur qazan\u0131b v\u0259 onun yalan b\u0259yanatlar\u0131na istinad olunur. Odur ki, Erm\u0259nistan t\u0259r\u0259find\u0259n az\u0259rbaycanl\u0131lar\u0131n h\u00fcquqlar\u0131n\u0131n pozuldu\u011funu, onlar\u0131n m\u0259d\u0259ni irsinin da\u011f\u0131d\u0131ld\u0131\u011f\u0131n\u0131 g\u00f6st\u0259rm\u0259k \u00fc\u00e7\u00fcn Q\u0259rb siyas\u0259t\u00e7il\u0259ri v\u0259 media n\u00fcmay\u0259nd\u0259l\u0259rinin Az\u0259rbaycan\u0131n azad edilmi\u015f \u0259razil\u0259rin\u0259 daha da \u00e7ox s\u0259f\u0259rl\u0259r t\u0259\u015fkil etm\u0259k laz\u0131md\u0131r. Bu, onlara n\u0259inki da\u011f\u0131nt\u0131lar\u0131 g\u00f6zl\u0259ri il\u0259 g\u00f6rm\u0259y\u0259 imkan yaradacaq, h\u0259m d\u0259 Az\u0259rbaycan\u0131n Qaraba\u011f b\u00f6lg\u0259sinin v\u0259 ona biti\u015fik 7 rayonun Erm\u0259nistan t\u0259r\u0259find\u0259n i\u015f\u011fal\u0131n\u0131n tarixini daha yax\u015f\u0131 anlama\u011fa k\u00f6m\u0259k ed\u0259c\u0259k\u201d.<\/p>\n","protected":false},"excerpt":{"rendered":"<p>\u201cAvropa \u0130ttifaq\u0131n\u0131n (A\u0130) Az\u0259rbaycana qar\u015f\u0131 ayr\u0131-se\u00e7kiliyi Qaraba\u011f regionunun bir zamanlar Erm\u0259nistan\u0131n i\u015f\u011fal\u0131 alt\u0131nda qalmas\u0131 il\u0259 ba\u011fl\u0131 m\u0259s\u0259l\u0259ni v\u0259 bunun tarixini d\u0259rk etm\u0259m\u0259si il\u0259 ba\u011fl\u0131d\u0131r\u201d. Bunu\u00a0\u201cReport\u201da a\u00e7\u0131qlamas\u0131nda britaniyal\u0131 politoloq v\u0259 jurnalist Nil Vatson deyib. Politoloqun fikrinc\u0259, Avropa \u015euras\u0131 Nazirl\u0259r Komit\u0259sinin v\u0259 A\u0130 n\u00fcmay\u0259nd\u0259 hey\u0259tinin oktyabr\u0131n 18-d\u0259 verdiyi b\u0259yanata erm\u0259ni lobbisi v\u0259 onlar\u0131n guya tarix boyu \u201c\u00f6zl\u0259rini qurban ver\u0259n\u201d erm\u0259nil\u0259rl\u0259 ba\u011fl\u0131 mifl\u0259ri g\u00fccl\u00fc t\u0259sir edib: \u201cErm\u0259ni diasporu bu m\u0259nada A\u0130-d\u0259 b\u00f6y\u00fck u\u011fur qazan\u0131b v\u0259 onun yalan b\u0259yanatlar\u0131na istinad olunur. Odur ki, Erm\u0259nistan t\u0259r\u0259find\u0259n az\u0259rbaycanl\u0131lar\u0131n h\u00fcquqlar\u0131n\u0131n pozuldu\u011funu, onlar\u0131n m\u0259d\u0259ni irsinin da\u011f\u0131d\u0131ld\u0131\u011f\u0131n\u0131 g\u00f6st\u0259rm\u0259k \u00fc\u00e7\u00fcn&hellip;<\/p>\n","protected":false},"author":2,"featured_media":649049,"comment_status":"closed","ping_status":"closed","sticky":false,"template":"","format":"standard","meta":{"om_disable_all_campaigns":false,"_monsterinsights_skip_tracking":false,"_monsterinsights_sitenote_active":false,"_monsterinsights_sitenote_note":"","_monsterinsights_sitenote_category":0},"categories":[4],"tags":[],"aioseo_notices":[],"gutentor_comment":0,"rttpg_featured_image_url":{"full":["https:\/\/arantv.az\/wp-content\/uploads\/2023\/10\/b56e9d75-e894-33a3-bdac-811b90187686_850.jpg",620,413,false],"landscape":["https:\/\/arantv.az\/wp-content\/uploads\/2023\/10\/b56e9d75-e894-33a3-bdac-811b90187686_850.jpg",620,413,false],"portraits":["https:\/\/arantv.az\/wp-content\/uploads\/2023\/10\/b56e9d75-e894-33a3-bdac-811b90187686_850.jpg",620,413,false],"thumbnail":["https:\/\/arantv.az\/wp-content\/uploads\/2023\/10\/b56e9d75-e894-33a3-bdac-811b90187686_850-500x280.jpg",500,280,true],"medium":["https:\/\/arantv.az\/wp-content\/uploads\/2023\/10\/b56e9d75-e894-33a3-bdac-811b90187686_850-548x365.jpg",548,365,true],"large":["https:\/\/arantv.az\/wp-content\/uploads\/2023\/10\/b56e9d75-e894-33a3-bdac-811b90187686_850.jpg",620,413,false],"1536x1536":["https:\/\/arantv.az\/wp-content\/uploads\/2023\/10\/b56e9d75-e894-33a3-bdac-811b90187686_850.jpg",620,413,false],"2048x2048":["https:\/\/arantv.az\/wp-content\/uploads\/2023\/10\/b56e9d75-e894-33a3-bdac-811b90187686_850.jpg",620,413,false],"post-thumbnail":["https:\/\/arantv.az\/wp-content\/uploads\/2023\/10\/b56e9d75-e894-33a3-bdac-811b90187686_850-240x172.jpg",240,172,true],"advps-thumb-one":["https:\/\/arantv.az\/wp-content\/uploads\/2023\/10\/b56e9d75-e894-33a3-bdac-811b90187686_850.jpg",620,413,false]},"rttpg_author":{"display_name":"V\u00fcsal Rafiqo\u011flu","author_link":"https:\/\/arantv.az\/?author=2"},"rttpg_comment":0,"rttpg_category":"<a href=\"https:\/\/arantv.az\/?cat=4\" rel=\"category\">Siyas\u0259t<\/a>","rttpg_excerpt":"\u201cAvropa \u0130ttifaq\u0131n\u0131n (A\u0130) Az\u0259rbaycana qar\u015f\u0131 ayr\u0131-se\u00e7kiliyi Qaraba\u011f regionunun bir zamanlar Erm\u0259nistan\u0131n i\u015f\u011fal\u0131 alt\u0131nda qalmas\u0131 il\u0259 ba\u011fl\u0131 m\u0259s\u0259l\u0259ni v\u0259 bunun tarixini d\u0259rk etm\u0259m\u0259si il\u0259 ba\u011fl\u0131d\u0131r\u201d. Bunu\u00a0\u201cReport\u201da a\u00e7\u0131qlamas\u0131nda britaniyal\u0131 politoloq v\u0259 jurnalist Nil Vatson deyib. Politoloqun fikrinc\u0259, Avropa \u015euras\u0131 Nazirl\u0259r Komit\u0259sinin v\u0259 A\u0130 n\u00fcmay\u0259nd\u0259 hey\u0259tinin oktyabr\u0131n 18-d\u0259 verdiyi b\u0259yanata erm\u0259ni lobbisi v\u0259 onlar\u0131n guya tarix boyu \u201c\u00f6zl\u0259rini&hellip;","_links":{"self":[{"href":"https:\/\/arantv.az\/index.php?rest_route=\/wp\/v2\/posts\/649046"}],"collection":[{"href":"https:\/\/arantv.az\/index.php?rest_route=\/wp\/v2\/posts"}],"about":[{"href":"https:\/\/arantv.az\/index.php?rest_route=\/wp\/v2\/types\/post"}],"author":[{"embeddable":true,"href":"https:\/\/arantv.az\/index.php?rest_route=\/wp\/v2\/users\/2"}],"replies":[{"embeddable":true,"href":"https:\/\/arantv.az\/index.php?rest_route=%2Fwp%2Fv2%2Fcomments&post=649046"}],"version-history":[{"count":0,"href":"https:\/\/arantv.az\/index.php?rest_route=\/wp\/v2\/posts\/649046\/revisions"}],"wp:featuredmedia":[{"embeddable":true,"href":"https:\/\/arantv.az\/index.php?rest_route=\/wp\/v2\/media\/649049"}],"wp:attachment":[{"href":"https:\/\/arantv.az\/index.php?rest_route=%2Fwp%2Fv2%2Fmedia&parent=649046"}],"wp:term":[{"taxonomy":"category","embeddable":true,"href":"https:\/\/arantv.az\/index.php?rest_route=%2Fwp%2Fv2%2Fcategories&post=649046"},{"taxonomy":"post_tag","embeddable":true,"href":"https:\/\/arantv.az\/index.php?rest_route=%2Fwp%2Fv2%2Ftags&post=649046"}],"curies":[{"name":"wp","href":"https:\/\/api.w.org\/{rel}","templated":true}]}}