{"id":649059,"date":"2023-10-24T14:56:21","date_gmt":"2023-10-24T10:56:21","guid":{"rendered":"https:\/\/arantv.az\/?p=649059"},"modified":"2023-10-24T14:56:21","modified_gmt":"2023-10-24T10:56:21","slug":"teymur-musayevl%c9%99-umumdunya-s%c9%99hiyy%c9%99-t%c9%99skilatinin-bas-direktoru-arasinda-gorus-kecirilib","status":"publish","type":"post","link":"https:\/\/arantv.az\/?p=649059","title":{"rendered":"Teymur Musayevl\u0259 \u00dcmumd\u00fcnya S\u0259hiyy\u0259 T\u0259\u015fkilat\u0131n\u0131n ba\u015f direktoru aras\u0131nda g\u00f6r\u00fc\u015f ke\u00e7irilib"},"content":{"rendered":"<p>Astanada ke\u00e7iril\u0259n \u00dcmumd\u00fcnya S\u0259hiyy\u0259 T\u0259\u015fkilat\u0131n\u0131n Avropa Regional Komit\u0259sinin 73-c\u00fc sessiyas\u0131 \u00e7\u0259r\u00e7iv\u0259sind\u0259 Az\u0259rbaycan\u0131n s\u0259hiyy\u0259 naziri Teymur Musayevl\u0259 \u00dcmumd\u00fcnya S\u0259hiyy\u0259 T\u0259\u015fkilat\u0131n\u0131n (\u00dcST) Ba\u015f direktoru Tedros Adhanom Qebreyesus aras\u0131nda g\u00f6r\u00fc\u015f ke\u00e7irilib.<\/p>\n<p>G\u00f6r\u00fc\u015fd\u0259 Teymur Musayev \u00dcST il\u0259 s\u0131x \u0259m\u0259kda\u015fl\u0131\u011fa b\u00f6y\u00fck \u00f6n\u0259m verildiyini diqq\u0259t\u0259 \u00e7atd\u0131r\u0131b v\u0259 \u00f6t\u0259n m\u00fcdd\u0259t \u0259rzind\u0259 t\u0259\u015fkilat\u0131n Az\u0259rbaycana g\u00f6st\u0259rdiyi d\u0259st\u0259yin\u0259 g\u00f6r\u0259 t\u0259\u015f\u0259kk\u00fcr\u00fcn\u00fc bildirib.<\/p>\n<p>\u201cPrezident<strong>\u00a0\u0130lham \u018fliyevin<\/strong>\u00a0r\u0259hb\u0259rliyi alt\u0131nda \u00f6lk\u0259 s\u0259hiyy\u0259sind\u0259 h\u0259yata ke\u00e7iril\u0259n k\u00f6kl\u00fc islahatlar n\u0259tic\u0259sind\u0259 bu sah\u0259nin yeni m\u00fcasir konsepsiyalara uy\u011fun modernl\u0259\u015fdirilm\u0259si, r\u0259q\u0259msalla\u015fd\u0131rma, u\u011furlu beyn\u0259lxalq t\u0259cr\u00fcb\u0259d\u0259n istifad\u0259, ilkin s\u0259hiyy\u0259nin v\u0259 tibb t\u0259hsilinin inki\u015faf\u0131, u\u015faqlar\u0131n peyv\u0259ndl\u0259nm\u0259si istiqam\u0259tl\u0259rind\u0259 bir \u00e7ox m\u00fch\u00fcm i\u015fl\u0259r h\u0259yata ke\u00e7irilib, yeni qanunvericilik s\u0259n\u0259dl\u0259ri haz\u0131rlan\u0131b\u201d, &#8211; dey\u0259 nazir vur\u011fulay\u0131b.<\/p>\n<p>\u0130\u015f\u011faldan azad edilmi\u015f \u0259razil\u0259rd\u0259 s\u0259hiyy\u0259 sisteminin yenid\u0259n qurulmas\u0131na ba\u015fland\u0131\u011f\u0131n\u0131 dey\u0259n Teymur Musayev bildirib:<\/p>\n<p>\u201cQaraba\u011fda ya\u015fayan \u0259halinin m\u00fcayin\u0259 v\u0259 m\u00fcalic\u0259si art\u0131q d\u00f6vl\u0259timiz t\u0259r\u0259find\u0259n qar\u015f\u0131lan\u0131r. \u00d6t\u0259n ay h\u0259yata ke\u00e7iril\u0259n lokal antiterror t\u0259dbirl\u0259ri n\u0259tic\u0259sind\u0259 m\u00fclki \u0259haliy\u0259 z\u0259r\u0259r d\u0259ym\u0259yib, yaln\u0131z legitim h\u0259rbi infrastruktur h\u0259d\u0259f\u0259 al\u0131n\u0131b\u201d.<\/p>\n<p>H\u0259m\u00e7inin, nazir BMT-nin n\u00fcmay\u0259nd\u0259l\u0259rinin Az\u0259rbaycan\u0131n Qaraba\u011f regionuna s\u0259f\u0259ri \u00e7\u0259r\u00e7iv\u0259sind\u0259 m\u00f6vcud v\u0259ziyy\u0259tin m\u00fcsb\u0259t qar\u015f\u0131lad\u0131\u011f\u0131n\u0131 qeyd edib:<\/p>\n<p>\u201cH\u0259min b\u00f6lg\u0259d\u0259 ya\u015fayan \u0259hali d\u0259rhal qida v\u0259 d\u0259rman preparatlar\u0131 il\u0259 t\u0259min edilib. Xank\u0259ndid\u0259 yanacaqdoldurma m\u0259nt\u0259q\u0259sind\u0259 ba\u015f ver\u0259n partlay\u0131\u015f n\u0259tic\u0259sind\u0259 Az\u0259rbaycan\u0131n F\u00f6vq\u0259lad\u0259 Hallar Nazirliyinin \u0259m\u0259kda\u015flar\u0131 t\u0259r\u0259find\u0259n yan\u011f\u0131n\u0131n s\u00f6nd\u00fcr\u00fclm\u0259si v\u0259 z\u0259r\u0259r \u00e7\u0259kmi\u015f \u015f\u0259xsl\u0259r\u0259 t\u0259cili tibbi yard\u0131m\u0131n g\u00f6st\u0259rilm\u0259si t\u0259\u015fkil edilib\u201d.<\/p>\n<p>Teymur Musayev bildirib ki, Az\u0259rbaycan d\u00fcnyada \u0259n \u00e7ox mina il\u0259 \u00e7irkl\u0259nmi\u015f \u00f6lk\u0259l\u0259r s\u0131ras\u0131ndad\u0131r:<\/p>\n<p>\u201cAz\u0259rbaycan\u0131n Erm\u0259nistan t\u0259r\u0259find\u0259n minalanm\u0131\u015f \u0259razil\u0259rind\u0259 m\u00fclki \u015f\u0259xsl\u0259r bu g\u00fcn d\u0259 h\u0259yatlar\u0131n\u0131 v\u0259 sa\u011flaml\u0131qlar\u0131n\u0131 itirirl\u0259r. D\u00f6vl\u0259timizin minalardan t\u0259mizl\u0259nm\u0259si \u00fczr\u0259 atd\u0131\u011f\u0131 bir \u00e7ox add\u0131mlara baxmayaraq, Erm\u0259nistan 30 il \u0259rzind\u0259 yerl\u0259\u015fdirdiyi minalar\u0131 t\u0259mizl\u0259m\u0259k uzun bir prosesdir\u201d.<\/p>\n<p>Tedros Adhanom Qebreyesus Az\u0259rbaycan Prezidenti \u0130lham \u018fliyevin \u00dcST il\u0259 \u0259m\u0259kda\u015fl\u0131\u011fa verdiyi \u00f6n\u0259mi y\u00fcks\u0259k qiym\u0259tl\u0259ndirib.<\/p>\n<p>H\u0259m\u00e7inin, bu yax\u0131nlarda t\u0259\u015fkilat\u0131n Avropa Regional direktoru Hans Henri Kl\u00fcgenin Az\u0259rbaycana s\u0259f\u0259rinin y\u00fcks\u0259k s\u0259viyy\u0259d\u0259 t\u0259\u015fkilin\u0259 g\u00f6r\u0259 Az\u0259rbaycan d\u00f6vl\u0259tin\u0259 minn\u0259tdarl\u0131\u011f\u0131n\u0131 bildirib. Eyni zamanda, Az\u0259rbaycan\u0131n Qaraba\u011f regionu haqq\u0131nda \u0259trafl\u0131 m\u0259lumata v\u0259 bu b\u00f6lg\u0259d\u0259 ya\u015fayan insanlar\u0131n sa\u011flaml\u0131\u011f\u0131n\u0131n qorunmas\u0131 sah\u0259sind\u0259 g\u00f6r\u00fcl\u0259n i\u015fl\u0259r\u0259 g\u00f6r\u0259 t\u0259\u015f\u0259kk\u00fcr\u00fcn\u00fc \u00e7atd\u0131r\u0131b.<\/p>\n<p>Tedros Adhanom Qebreyesus, x\u00fcsus\u0259n, Qo\u015fulmama H\u0259r\u0259kat\u0131na Az\u0259rbaycan\u0131n s\u0259drliyini, pandemiya d\u00f6vr\u00fcnd\u0259 \u00f6lk\u0259mizin t\u0259\u015fkilata etdiyi humanitar yard\u0131mlar\u0131, eyni zamanda, x\u0259st\u0259liyin aradan qald\u0131r\u0131lmas\u0131 m\u0259qs\u0259dil\u0259 \u00f6lk\u0259l\u0259ri birg\u0259 \u0259m\u0259kda\u015fl\u0131\u011fa s\u0259sl\u0259y\u0259n qlobal \u00e7a\u011f\u0131r\u0131\u015flar\u0131 y\u00fcks\u0259k qiym\u0259tl\u0259ndirib. O, \u00dcST-nin Az\u0259rbaycan s\u0259hiyy\u0259sind\u0259 apar\u0131lan islahatlar\u0131 m\u00fcsb\u0259t qarsaland\u0131\u011f\u0131n\u0131 v\u0259 d\u0259st\u0259kl\u0259diyini vur\u011fulay\u0131b.<\/p>\n<p>Sonda t\u0259r\u0259fl\u0259r aras\u0131nda t\u0259\u015fkilat\u0131n s\u0259hiyy\u0259 b\u00f6hranlar\u0131na haz\u0131rl\u0131q v\u0259 cavab t\u0259dbirl\u0259rinin g\u00fccl\u0259ndirilm\u0259si, akademik f\u0259aliyy\u0259tin geni\u015fl\u0259ndirilm\u0259si, el\u0259c\u0259 d\u0259 dig\u0259r qar\u015f\u0131l\u0131ql\u0131 maraq k\u0259sb ed\u0259n m\u0259s\u0259l\u0259l\u0259r\u0259 dair fikir m\u00fcbadil\u0259si apar\u0131l\u0131b.<\/p>\n","protected":false},"excerpt":{"rendered":"<p>Astanada ke\u00e7iril\u0259n \u00dcmumd\u00fcnya S\u0259hiyy\u0259 T\u0259\u015fkilat\u0131n\u0131n Avropa Regional Komit\u0259sinin 73-c\u00fc sessiyas\u0131 \u00e7\u0259r\u00e7iv\u0259sind\u0259 Az\u0259rbaycan\u0131n s\u0259hiyy\u0259 naziri Teymur Musayevl\u0259 \u00dcmumd\u00fcnya S\u0259hiyy\u0259 T\u0259\u015fkilat\u0131n\u0131n (\u00dcST) Ba\u015f direktoru Tedros Adhanom Qebreyesus aras\u0131nda g\u00f6r\u00fc\u015f ke\u00e7irilib. G\u00f6r\u00fc\u015fd\u0259 Teymur Musayev \u00dcST il\u0259 s\u0131x \u0259m\u0259kda\u015fl\u0131\u011fa b\u00f6y\u00fck \u00f6n\u0259m verildiyini diqq\u0259t\u0259 \u00e7atd\u0131r\u0131b v\u0259 \u00f6t\u0259n m\u00fcdd\u0259t \u0259rzind\u0259 t\u0259\u015fkilat\u0131n Az\u0259rbaycana g\u00f6st\u0259rdiyi d\u0259st\u0259yin\u0259 g\u00f6r\u0259 t\u0259\u015f\u0259kk\u00fcr\u00fcn\u00fc bildirib. \u201cPrezident\u00a0\u0130lham \u018fliyevin\u00a0r\u0259hb\u0259rliyi alt\u0131nda \u00f6lk\u0259 s\u0259hiyy\u0259sind\u0259 h\u0259yata ke\u00e7iril\u0259n k\u00f6kl\u00fc islahatlar n\u0259tic\u0259sind\u0259 bu sah\u0259nin yeni m\u00fcasir konsepsiyalara uy\u011fun modernl\u0259\u015fdirilm\u0259si, r\u0259q\u0259msalla\u015fd\u0131rma, u\u011furlu beyn\u0259lxalq t\u0259cr\u00fcb\u0259d\u0259n istifad\u0259, ilkin s\u0259hiyy\u0259nin v\u0259 tibb t\u0259hsilinin inki\u015faf\u0131, u\u015faqlar\u0131n peyv\u0259ndl\u0259nm\u0259si istiqam\u0259tl\u0259rind\u0259 bir \u00e7ox m\u00fch\u00fcm i\u015fl\u0259r h\u0259yata ke\u00e7irilib, yeni qanunvericilik&hellip;<\/p>\n","protected":false},"author":2,"featured_media":649061,"comment_status":"closed","ping_status":"closed","sticky":false,"template":"","format":"standard","meta":{"om_disable_all_campaigns":false,"_monsterinsights_skip_tracking":false,"_monsterinsights_sitenote_active":false,"_monsterinsights_sitenote_note":"","_monsterinsights_sitenote_category":0},"categories":[4],"tags":[],"aioseo_notices":[],"gutentor_comment":0,"rttpg_featured_image_url":{"full":["https:\/\/arantv.az\/wp-content\/uploads\/2023\/10\/gorus_2.jpg",620,413,false],"landscape":["https:\/\/arantv.az\/wp-content\/uploads\/2023\/10\/gorus_2.jpg",620,413,false],"portraits":["https:\/\/arantv.az\/wp-content\/uploads\/2023\/10\/gorus_2.jpg",620,413,false],"thumbnail":["https:\/\/arantv.az\/wp-content\/uploads\/2023\/10\/gorus_2-500x280.jpg",500,280,true],"medium":["https:\/\/arantv.az\/wp-content\/uploads\/2023\/10\/gorus_2-548x365.jpg",548,365,true],"large":["https:\/\/arantv.az\/wp-content\/uploads\/2023\/10\/gorus_2.jpg",620,413,false],"1536x1536":["https:\/\/arantv.az\/wp-content\/uploads\/2023\/10\/gorus_2.jpg",620,413,false],"2048x2048":["https:\/\/arantv.az\/wp-content\/uploads\/2023\/10\/gorus_2.jpg",620,413,false],"post-thumbnail":["https:\/\/arantv.az\/wp-content\/uploads\/2023\/10\/gorus_2-240x172.jpg",240,172,true],"advps-thumb-one":["https:\/\/arantv.az\/wp-content\/uploads\/2023\/10\/gorus_2.jpg",620,413,false]},"rttpg_author":{"display_name":"V\u00fcsal Rafiqo\u011flu","author_link":"https:\/\/arantv.az\/?author=2"},"rttpg_comment":0,"rttpg_category":"<a href=\"https:\/\/arantv.az\/?cat=4\" rel=\"category\">Siyas\u0259t<\/a>","rttpg_excerpt":"Astanada ke\u00e7iril\u0259n \u00dcmumd\u00fcnya S\u0259hiyy\u0259 T\u0259\u015fkilat\u0131n\u0131n Avropa Regional Komit\u0259sinin 73-c\u00fc sessiyas\u0131 \u00e7\u0259r\u00e7iv\u0259sind\u0259 Az\u0259rbaycan\u0131n s\u0259hiyy\u0259 naziri Teymur Musayevl\u0259 \u00dcmumd\u00fcnya S\u0259hiyy\u0259 T\u0259\u015fkilat\u0131n\u0131n (\u00dcST) Ba\u015f direktoru Tedros Adhanom Qebreyesus aras\u0131nda g\u00f6r\u00fc\u015f ke\u00e7irilib. G\u00f6r\u00fc\u015fd\u0259 Teymur Musayev \u00dcST il\u0259 s\u0131x \u0259m\u0259kda\u015fl\u0131\u011fa b\u00f6y\u00fck \u00f6n\u0259m verildiyini diqq\u0259t\u0259 \u00e7atd\u0131r\u0131b v\u0259 \u00f6t\u0259n m\u00fcdd\u0259t \u0259rzind\u0259 t\u0259\u015fkilat\u0131n Az\u0259rbaycana g\u00f6st\u0259rdiyi d\u0259st\u0259yin\u0259 g\u00f6r\u0259 t\u0259\u015f\u0259kk\u00fcr\u00fcn\u00fc bildirib. \u201cPrezident\u00a0\u0130lham \u018fliyevin\u00a0r\u0259hb\u0259rliyi alt\u0131nda \u00f6lk\u0259&hellip;","_links":{"self":[{"href":"https:\/\/arantv.az\/index.php?rest_route=\/wp\/v2\/posts\/649059"}],"collection":[{"href":"https:\/\/arantv.az\/index.php?rest_route=\/wp\/v2\/posts"}],"about":[{"href":"https:\/\/arantv.az\/index.php?rest_route=\/wp\/v2\/types\/post"}],"author":[{"embeddable":true,"href":"https:\/\/arantv.az\/index.php?rest_route=\/wp\/v2\/users\/2"}],"replies":[{"embeddable":true,"href":"https:\/\/arantv.az\/index.php?rest_route=%2Fwp%2Fv2%2Fcomments&post=649059"}],"version-history":[{"count":0,"href":"https:\/\/arantv.az\/index.php?rest_route=\/wp\/v2\/posts\/649059\/revisions"}],"wp:featuredmedia":[{"embeddable":true,"href":"https:\/\/arantv.az\/index.php?rest_route=\/wp\/v2\/media\/649061"}],"wp:attachment":[{"href":"https:\/\/arantv.az\/index.php?rest_route=%2Fwp%2Fv2%2Fmedia&parent=649059"}],"wp:term":[{"taxonomy":"category","embeddable":true,"href":"https:\/\/arantv.az\/index.php?rest_route=%2Fwp%2Fv2%2Fcategories&post=649059"},{"taxonomy":"post_tag","embeddable":true,"href":"https:\/\/arantv.az\/index.php?rest_route=%2Fwp%2Fv2%2Ftags&post=649059"}],"curies":[{"name":"wp","href":"https:\/\/api.w.org\/{rel}","templated":true}]}}