{"id":649066,"date":"2023-10-24T14:58:27","date_gmt":"2023-10-24T10:58:27","guid":{"rendered":"https:\/\/arantv.az\/?p=649066"},"modified":"2023-10-24T14:58:27","modified_gmt":"2023-10-24T10:58:27","slug":"qazaxistanli-politoloq-orta-d%c9%99hliz-baki-il%c9%99-astana-arasinda-munasib%c9%99tl%c9%99r%c9%99-yeni-t%c9%99kan-verib","status":"publish","type":"post","link":"https:\/\/arantv.az\/?p=649066","title":{"rendered":"Qazax\u0131stanl\u0131 politoloq: \u201cOrta D\u0259hliz Bak\u0131 il\u0259 Astana aras\u0131nda m\u00fcnasib\u0259tl\u0259r\u0259 yeni t\u0259kan verib\u201d"},"content":{"rendered":"<p>\u201cTransx\u0259z\u0259r Beyn\u0259lxalq N\u0259qliyyat Mar\u015frutunun (Orta D\u0259hliz) i\u015f\u0259 sal\u0131nmas\u0131 Az\u0259rbaycan v\u0259 Qazax\u0131stan aras\u0131nda \u0259laq\u0259l\u0259rin inki\u015faf\u0131na t\u0259kan ver\u0259n vacib hadis\u0259 idi\u201d.<\/p>\n<p>Bunu\u00a0\u201cReport\u201da a\u00e7\u0131qlamas\u0131nda politoloq, Qazax\u0131stan T\u0259tbiqi Etnosiyasi Ara\u015fd\u0131rmalar \u0130nstitutunun direktoru Talqat Kaliyev deyib.<\/p>\n<p>Politoloqun s\u00f6zl\u0259rin\u0259 g\u00f6r\u0259, iki \u00f6lk\u0259nin m\u00fcst\u0259qillik \u0259ld\u0259 etdiyi ilk g\u00fcnd\u0259n \u0259laq\u0259l\u0259r dinamik v\u0259 m\u00fct\u0259r\u0259qqi \u015f\u0259kild\u0259 inki\u015faf edir.<\/p>\n<p>Ekspert qeyd edib ki, xalqlar aras\u0131nda etimad\u0131n y\u00fcks\u0259k s\u0259viyy\u0259si, Az\u0259rbaycan v\u0259 Qazax\u0131stan prezidentl\u0259rinin bu m\u00fcnasib\u0259tl\u0259ri inki\u015faf etdirm\u0259k \u00fc\u00e7\u00fcn qar\u015f\u0131l\u0131ql\u0131 siyasi irad\u0259si bax\u0131m\u0131ndan Bak\u0131 il\u0259 Astana aras\u0131nda m\u00fcnasib\u0259tl\u0259ri n\u00fcmun\u0259vi adland\u0131rmaq olar.<\/p>\n<p>O vur\u011fulay\u0131b ki, Orta D\u0259hlizin inki\u015faf\u0131 h\u0259m t\u00fcrk \u00f6lk\u0259l\u0259rinin daha da yax\u0131nla\u015fmas\u0131na t\u00f6hf\u0259 ver\u0259c\u0259k, h\u0259m d\u0259 \u00fcmumilikd\u0259 T\u00fcrk D\u00f6vl\u0259tl\u0259ri T\u0259\u015fkilat\u0131na \u00fczv olan h\u0259r bir \u00f6lk\u0259nin subyektivliyini art\u0131racaq, \u00e7\u00fcnki mar\u015frut \u00c7in v\u0259 Avropa \u0130ttifaq\u0131n\u0131n \u0259n b\u00f6y\u00fck iqtisadiyyatlar\u0131n\u0131 birl\u0259\u015fdir\u0259c\u0259k.<\/p>\n<p>\u00c7inin M\u0259rk\u0259zi Asiyada artan n\u00fcfuzundan dan\u0131\u015fark\u0259n T.Kaliyev bildirib ki, bu, m\u00f6vcud narahatl\u0131qlara baxmayaraq m\u00fcsb\u0259t hald\u0131r:<\/p>\n<p>\u201c\u00c7inin bizim regionda n\u00fcfuzu \u0259n\u0259n\u0259vi olaraq y\u00fcks\u0259kdir. Bu M\u0259rk\u0259zi Asiya \u00f6lk\u0259l\u0259rinin iqtisadiyyat\u0131na faydal\u0131 t\u0259sir g\u00f6st\u0259r\u0259 bil\u0259r. Bu g\u00fcn d\u00fcnyan\u0131n ikinci iqtisadiyyat\u0131na yax\u0131n olma\u011f\u0131m\u0131z\u0131n yaratd\u0131\u011f\u0131 imkanlardan yararlanmaq bizim \u00fc\u00e7\u00fcn vacibdir\u201d.<\/p>\n<p>Politoloq bildirib ki, Qazax\u0131stan v\u0259 \u00c7in aras\u0131nda viza siyas\u0259tind\u0259 bir s\u0131ra d\u0259yi\u015fiklikl\u0259r\u0259 baxmayaraq, iqtisadi \u0259laq\u0259l\u0259rd\u0259 s\u00fcr\u0259tli d\u0259yi\u015fiklikl\u0259r g\u00f6zl\u0259m\u0259k laz\u0131m deyil:<\/p>\n<p>\u201c\u018fvv\u0259ll\u0259r \u00e7inlil\u0259r \u00fc\u00e7\u00fcn vizas\u0131z giri\u015f h\u00fcququ m\u00f6vcud idi. \u0130ndi is\u0259 qazax\u0131stanl\u0131lar\u0131n \u00c7in\u0259 q\u0131sam\u00fcdd\u0259tli s\u0259f\u0259rl\u0259ri \u00fc\u00e7\u00fcn imkan a\u00e7\u0131l\u0131b. \u00dcmumiyy\u0259tl\u0259, bu, q\u0131sam\u00fcdd\u0259tli perspektivd\u0259 b\u00f6y\u00fck d\u0259yi\u015fiklikl\u0259r\u0259 s\u0259b\u0259b olmayacaq. Lakin bu layih\u0259 ortam\u00fcdd\u0259tli perspektivd\u0259 i\u015fg\u00fczar \u0259laq\u0259l\u0259rin intensivliyinin, ticar\u0259t d\u00f6vriyy\u0259sinin artmas\u0131, qar\u015f\u0131l\u0131ql\u0131 olaraq iqtisadi m\u0259nf\u0259\u0259tin \u0259ld\u0259 edilm\u0259si il\u0259 n\u0259tic\u0259l\u0259n\u0259c\u0259k\u201d.<\/p>\n","protected":false},"excerpt":{"rendered":"<p>\u201cTransx\u0259z\u0259r Beyn\u0259lxalq N\u0259qliyyat Mar\u015frutunun (Orta D\u0259hliz) i\u015f\u0259 sal\u0131nmas\u0131 Az\u0259rbaycan v\u0259 Qazax\u0131stan aras\u0131nda \u0259laq\u0259l\u0259rin inki\u015faf\u0131na t\u0259kan ver\u0259n vacib hadis\u0259 idi\u201d. Bunu\u00a0\u201cReport\u201da a\u00e7\u0131qlamas\u0131nda politoloq, Qazax\u0131stan T\u0259tbiqi Etnosiyasi Ara\u015fd\u0131rmalar \u0130nstitutunun direktoru Talqat Kaliyev deyib. Politoloqun s\u00f6zl\u0259rin\u0259 g\u00f6r\u0259, iki \u00f6lk\u0259nin m\u00fcst\u0259qillik \u0259ld\u0259 etdiyi ilk g\u00fcnd\u0259n \u0259laq\u0259l\u0259r dinamik v\u0259 m\u00fct\u0259r\u0259qqi \u015f\u0259kild\u0259 inki\u015faf edir. Ekspert qeyd edib ki, xalqlar aras\u0131nda etimad\u0131n y\u00fcks\u0259k s\u0259viyy\u0259si, Az\u0259rbaycan v\u0259 Qazax\u0131stan prezidentl\u0259rinin bu m\u00fcnasib\u0259tl\u0259ri inki\u015faf etdirm\u0259k \u00fc\u00e7\u00fcn qar\u015f\u0131l\u0131ql\u0131 siyasi irad\u0259si bax\u0131m\u0131ndan Bak\u0131 il\u0259 Astana aras\u0131nda m\u00fcnasib\u0259tl\u0259ri n\u00fcmun\u0259vi adland\u0131rmaq olar. O vur\u011fulay\u0131b ki, Orta D\u0259hlizin inki\u015faf\u0131 h\u0259m t\u00fcrk \u00f6lk\u0259l\u0259rinin daha da yax\u0131nla\u015fmas\u0131na&hellip;<\/p>\n","protected":false},"author":2,"featured_media":649070,"comment_status":"closed","ping_status":"closed","sticky":false,"template":"","format":"standard","meta":{"om_disable_all_campaigns":false,"_monsterinsights_skip_tracking":false,"_monsterinsights_sitenote_active":false,"_monsterinsights_sitenote_note":"","_monsterinsights_sitenote_category":0},"categories":[4],"tags":[],"aioseo_notices":[],"gutentor_comment":0,"rttpg_featured_image_url":{"full":["https:\/\/arantv.az\/wp-content\/uploads\/2023\/10\/c86de948-ea47-3f41-888d-650d610ca4ed_850.jpg",620,413,false],"landscape":["https:\/\/arantv.az\/wp-content\/uploads\/2023\/10\/c86de948-ea47-3f41-888d-650d610ca4ed_850.jpg",620,413,false],"portraits":["https:\/\/arantv.az\/wp-content\/uploads\/2023\/10\/c86de948-ea47-3f41-888d-650d610ca4ed_850.jpg",620,413,false],"thumbnail":["https:\/\/arantv.az\/wp-content\/uploads\/2023\/10\/c86de948-ea47-3f41-888d-650d610ca4ed_850-500x280.jpg",500,280,true],"medium":["https:\/\/arantv.az\/wp-content\/uploads\/2023\/10\/c86de948-ea47-3f41-888d-650d610ca4ed_850-548x365.jpg",548,365,true],"large":["https:\/\/arantv.az\/wp-content\/uploads\/2023\/10\/c86de948-ea47-3f41-888d-650d610ca4ed_850.jpg",620,413,false],"1536x1536":["https:\/\/arantv.az\/wp-content\/uploads\/2023\/10\/c86de948-ea47-3f41-888d-650d610ca4ed_850.jpg",620,413,false],"2048x2048":["https:\/\/arantv.az\/wp-content\/uploads\/2023\/10\/c86de948-ea47-3f41-888d-650d610ca4ed_850.jpg",620,413,false],"post-thumbnail":["https:\/\/arantv.az\/wp-content\/uploads\/2023\/10\/c86de948-ea47-3f41-888d-650d610ca4ed_850-240x172.jpg",240,172,true],"advps-thumb-one":["https:\/\/arantv.az\/wp-content\/uploads\/2023\/10\/c86de948-ea47-3f41-888d-650d610ca4ed_850.jpg",620,413,false]},"rttpg_author":{"display_name":"V\u00fcsal Rafiqo\u011flu","author_link":"https:\/\/arantv.az\/?author=2"},"rttpg_comment":0,"rttpg_category":"<a href=\"https:\/\/arantv.az\/?cat=4\" rel=\"category\">Siyas\u0259t<\/a>","rttpg_excerpt":"\u201cTransx\u0259z\u0259r Beyn\u0259lxalq N\u0259qliyyat Mar\u015frutunun (Orta D\u0259hliz) i\u015f\u0259 sal\u0131nmas\u0131 Az\u0259rbaycan v\u0259 Qazax\u0131stan aras\u0131nda \u0259laq\u0259l\u0259rin inki\u015faf\u0131na t\u0259kan ver\u0259n vacib hadis\u0259 idi\u201d. Bunu\u00a0\u201cReport\u201da a\u00e7\u0131qlamas\u0131nda politoloq, Qazax\u0131stan T\u0259tbiqi Etnosiyasi Ara\u015fd\u0131rmalar \u0130nstitutunun direktoru Talqat Kaliyev deyib. Politoloqun s\u00f6zl\u0259rin\u0259 g\u00f6r\u0259, iki \u00f6lk\u0259nin m\u00fcst\u0259qillik \u0259ld\u0259 etdiyi ilk g\u00fcnd\u0259n \u0259laq\u0259l\u0259r dinamik v\u0259 m\u00fct\u0259r\u0259qqi \u015f\u0259kild\u0259 inki\u015faf edir. Ekspert qeyd edib ki, xalqlar aras\u0131nda etimad\u0131n&hellip;","_links":{"self":[{"href":"https:\/\/arantv.az\/index.php?rest_route=\/wp\/v2\/posts\/649066"}],"collection":[{"href":"https:\/\/arantv.az\/index.php?rest_route=\/wp\/v2\/posts"}],"about":[{"href":"https:\/\/arantv.az\/index.php?rest_route=\/wp\/v2\/types\/post"}],"author":[{"embeddable":true,"href":"https:\/\/arantv.az\/index.php?rest_route=\/wp\/v2\/users\/2"}],"replies":[{"embeddable":true,"href":"https:\/\/arantv.az\/index.php?rest_route=%2Fwp%2Fv2%2Fcomments&post=649066"}],"version-history":[{"count":0,"href":"https:\/\/arantv.az\/index.php?rest_route=\/wp\/v2\/posts\/649066\/revisions"}],"wp:featuredmedia":[{"embeddable":true,"href":"https:\/\/arantv.az\/index.php?rest_route=\/wp\/v2\/media\/649070"}],"wp:attachment":[{"href":"https:\/\/arantv.az\/index.php?rest_route=%2Fwp%2Fv2%2Fmedia&parent=649066"}],"wp:term":[{"taxonomy":"category","embeddable":true,"href":"https:\/\/arantv.az\/index.php?rest_route=%2Fwp%2Fv2%2Fcategories&post=649066"},{"taxonomy":"post_tag","embeddable":true,"href":"https:\/\/arantv.az\/index.php?rest_route=%2Fwp%2Fv2%2Ftags&post=649066"}],"curies":[{"name":"wp","href":"https:\/\/api.w.org\/{rel}","templated":true}]}}