{"id":649069,"date":"2023-10-24T14:59:21","date_gmt":"2023-10-24T10:59:21","guid":{"rendered":"https:\/\/arantv.az\/?p=649069"},"modified":"2023-10-24T14:59:21","modified_gmt":"2023-10-24T10:59:21","slug":"kremld%c9%99n-rusiyada-prezident-seckisi-il%c9%99-bagli-aciqlama","status":"publish","type":"post","link":"https:\/\/arantv.az\/?p=649069","title":{"rendered":"Kremld\u0259n Rusiyada prezident se\u00e7kisi il\u0259 ba\u011fl\u0131 A\u00c7IQLAMA"},"content":{"rendered":"<p>\u201cRusiyada prezident se\u00e7kisi\u00a0ist\u0259nil\u0259n halda ke\u00e7iril\u0259c\u0259k\u201d.<\/p>\n<p>Bu s\u00f6zl\u0259ri Kremlin s\u00f6z\u00e7\u00fcs\u00fc Dmitri Peskov jurnalistl\u0259r\u0259 a\u00e7\u0131qlamas\u0131nda deyib.<\/p>\n<p>\u201cSe\u00e7ki h\u0259l\u0259 t\u0259yin edilm\u0259yib, lakin zaman\u0131 yax\u0131nla\u015f\u0131r v\u0259 ist\u0259nil\u0259n halda ke\u00e7iril\u0259c\u0259k. Biz bundan ir\u0259li g\u0259l\u0259r\u0259k \u00e7\u0131x\u0131\u015f edirik\u201d, &#8211; dey\u0259 D.Peskov vur\u011fulay\u0131b.<\/p>\n<p>Se\u00e7kinin ke\u00e7irilm\u0259 vaxt\u0131 n\u0259 zaman elan olunacaq sual\u0131na is\u0259 D.Peskov q\u0131sa cavab verib: \u201cSe\u00e7kini Kreml elan etmir\u201d.<\/p>\n","protected":false},"excerpt":{"rendered":"<p>\u201cRusiyada prezident se\u00e7kisi\u00a0ist\u0259nil\u0259n halda ke\u00e7iril\u0259c\u0259k\u201d. Bu s\u00f6zl\u0259ri Kremlin s\u00f6z\u00e7\u00fcs\u00fc Dmitri Peskov jurnalistl\u0259r\u0259 a\u00e7\u0131qlamas\u0131nda deyib. \u201cSe\u00e7ki h\u0259l\u0259 t\u0259yin edilm\u0259yib, lakin zaman\u0131 yax\u0131nla\u015f\u0131r v\u0259 ist\u0259nil\u0259n halda ke\u00e7iril\u0259c\u0259k. Biz bundan ir\u0259li g\u0259l\u0259r\u0259k \u00e7\u0131x\u0131\u015f edirik\u201d, &#8211; dey\u0259 D.Peskov vur\u011fulay\u0131b. Se\u00e7kinin ke\u00e7irilm\u0259 vaxt\u0131 n\u0259 zaman elan olunacaq sual\u0131na is\u0259 D.Peskov q\u0131sa cavab verib: \u201cSe\u00e7kini Kreml elan etmir\u201d.<\/p>\n","protected":false},"author":2,"featured_media":649073,"comment_status":"closed","ping_status":"closed","sticky":false,"template":"","format":"standard","meta":{"om_disable_all_campaigns":false,"_monsterinsights_skip_tracking":false,"_monsterinsights_sitenote_active":false,"_monsterinsights_sitenote_note":"","_monsterinsights_sitenote_category":0},"categories":[7],"tags":[],"aioseo_notices":[],"gutentor_comment":0,"rttpg_featured_image_url":{"full":["https:\/\/arantv.az\/wp-content\/uploads\/2023\/10\/FotoJet-2023-10-24T142056.433.jpg",620,413,false],"landscape":["https:\/\/arantv.az\/wp-content\/uploads\/2023\/10\/FotoJet-2023-10-24T142056.433.jpg",620,413,false],"portraits":["https:\/\/arantv.az\/wp-content\/uploads\/2023\/10\/FotoJet-2023-10-24T142056.433.jpg",620,413,false],"thumbnail":["https:\/\/arantv.az\/wp-content\/uploads\/2023\/10\/FotoJet-2023-10-24T142056.433-500x280.jpg",500,280,true],"medium":["https:\/\/arantv.az\/wp-content\/uploads\/2023\/10\/FotoJet-2023-10-24T142056.433-548x365.jpg",548,365,true],"large":["https:\/\/arantv.az\/wp-content\/uploads\/2023\/10\/FotoJet-2023-10-24T142056.433.jpg",620,413,false],"1536x1536":["https:\/\/arantv.az\/wp-content\/uploads\/2023\/10\/FotoJet-2023-10-24T142056.433.jpg",620,413,false],"2048x2048":["https:\/\/arantv.az\/wp-content\/uploads\/2023\/10\/FotoJet-2023-10-24T142056.433.jpg",620,413,false],"post-thumbnail":["https:\/\/arantv.az\/wp-content\/uploads\/2023\/10\/FotoJet-2023-10-24T142056.433-240x172.jpg",240,172,true],"advps-thumb-one":["https:\/\/arantv.az\/wp-content\/uploads\/2023\/10\/FotoJet-2023-10-24T142056.433.jpg",620,413,false]},"rttpg_author":{"display_name":"V\u00fcsal Rafiqo\u011flu","author_link":"https:\/\/arantv.az\/?author=2"},"rttpg_comment":0,"rttpg_category":"<a href=\"https:\/\/arantv.az\/?cat=7\" rel=\"category\">D\u00fcnya<\/a>","rttpg_excerpt":"\u201cRusiyada prezident se\u00e7kisi\u00a0ist\u0259nil\u0259n halda ke\u00e7iril\u0259c\u0259k\u201d. Bu s\u00f6zl\u0259ri Kremlin s\u00f6z\u00e7\u00fcs\u00fc Dmitri Peskov jurnalistl\u0259r\u0259 a\u00e7\u0131qlamas\u0131nda deyib. \u201cSe\u00e7ki h\u0259l\u0259 t\u0259yin edilm\u0259yib, lakin zaman\u0131 yax\u0131nla\u015f\u0131r v\u0259 ist\u0259nil\u0259n halda ke\u00e7iril\u0259c\u0259k. Biz bundan ir\u0259li g\u0259l\u0259r\u0259k \u00e7\u0131x\u0131\u015f edirik\u201d, &#8211; dey\u0259 D.Peskov vur\u011fulay\u0131b. Se\u00e7kinin ke\u00e7irilm\u0259 vaxt\u0131 n\u0259 zaman elan olunacaq sual\u0131na is\u0259 D.Peskov q\u0131sa cavab verib: \u201cSe\u00e7kini Kreml elan etmir\u201d.","_links":{"self":[{"href":"https:\/\/arantv.az\/index.php?rest_route=\/wp\/v2\/posts\/649069"}],"collection":[{"href":"https:\/\/arantv.az\/index.php?rest_route=\/wp\/v2\/posts"}],"about":[{"href":"https:\/\/arantv.az\/index.php?rest_route=\/wp\/v2\/types\/post"}],"author":[{"embeddable":true,"href":"https:\/\/arantv.az\/index.php?rest_route=\/wp\/v2\/users\/2"}],"replies":[{"embeddable":true,"href":"https:\/\/arantv.az\/index.php?rest_route=%2Fwp%2Fv2%2Fcomments&post=649069"}],"version-history":[{"count":0,"href":"https:\/\/arantv.az\/index.php?rest_route=\/wp\/v2\/posts\/649069\/revisions"}],"wp:featuredmedia":[{"embeddable":true,"href":"https:\/\/arantv.az\/index.php?rest_route=\/wp\/v2\/media\/649073"}],"wp:attachment":[{"href":"https:\/\/arantv.az\/index.php?rest_route=%2Fwp%2Fv2%2Fmedia&parent=649069"}],"wp:term":[{"taxonomy":"category","embeddable":true,"href":"https:\/\/arantv.az\/index.php?rest_route=%2Fwp%2Fv2%2Fcategories&post=649069"},{"taxonomy":"post_tag","embeddable":true,"href":"https:\/\/arantv.az\/index.php?rest_route=%2Fwp%2Fv2%2Ftags&post=649069"}],"curies":[{"name":"wp","href":"https:\/\/api.w.org\/{rel}","templated":true}]}}