{"id":649081,"date":"2023-10-24T15:10:32","date_gmt":"2023-10-24T11:10:32","guid":{"rendered":"https:\/\/arantv.az\/?p=649081"},"modified":"2023-10-24T15:10:32","modified_gmt":"2023-10-24T11:10:32","slug":"fransa-erm%c9%99nistana-h%c9%99rbi-musavir-gond%c9%99r%c9%99c%c9%99k-v%c9%99-erm%c9%99ni-xususi-t%c9%99yinatlilarina-t%c9%99lim-kecil%c9%99c%c9%99k","status":"publish","type":"post","link":"https:\/\/arantv.az\/?p=649081","title":{"rendered":"Fransa Erm\u0259nistana h\u0259rbi m\u00fc\u015favir g\u00f6nd\u0259r\u0259c\u0259k v\u0259 erm\u0259ni x\u00fcsusi t\u0259yinatl\u0131lar\u0131na t\u0259lim ke\u00e7il\u0259c\u0259k"},"content":{"rendered":"<p>Fransa Erm\u0259nistana h\u0259rbi m\u00fc\u015favir g\u00f6nd\u0259r\u0259c\u0259k, h\u0259m\u00e7inin erm\u0259ni x\u00fcsusi t\u0259yinatl\u0131lar\u0131na t\u0259lim ke\u00e7il\u0259c\u0259k.<\/p>\n<p><strong>ARANTV.AZ<\/strong>-\u0131n m\u0259lumat\u0131na g\u00f6r\u0259, bu bar\u0259d\u0259 Fransa Respublikas\u0131n\u0131n M\u00fcdafi\u0259 Nazirliyinin r\u0259hb\u0259ri Sebastyan Lekornyu \u00f6z\u00fcn\u00fcn \u201cX\u201d hesab\u0131nda bildirib.<\/p>\n<p>Nazir, x\u00fcsusil\u0259\u00a0t\u0259r\u0259fl\u0259rin art\u0131q \u0259m\u0259kda\u015fl\u0131\u011fa ba\u015flad\u0131qlar\u0131, yaxud da ba\u015flamaq niyy\u0259tind\u0259 olduqlar\u0131 proqram v\u0259 sah\u0259l\u0259ri sadalay\u0131b.<\/p>\n<p>O, 2023-c\u00fc ilin yanvar\u0131nda Fransan\u0131n Erm\u0259nistandak\u0131 s\u0259firliyin\u0259 h\u0259rbi atta\u015fe t\u0259yin edildiyini xat\u0131rlad\u0131b v\u0259 qar\u015f\u0131dak\u0131 \u00e7oxsayl\u0131 i\u015fg\u00fczar g\u00f6r\u00fc\u015f,\u00a0h\u0259rbi s\u0259f\u0259r\u00a0bar\u0259d\u0259 m\u0259lumat verib, h\u0259m\u00e7inin \u00e7avu\u015f v\u0259 zabit kadrlar\u0131 haz\u0131rlayan h\u0259rbi t\u0259hsil m\u00fc\u0259ssis\u0259l\u0259ri il\u0259 qar\u015f\u0131l\u0131ql\u0131 f\u0259aliyy\u0259tl\u0259rd\u0259n s\u00f6z a\u00e7\u0131b.<\/p>\n<p>Lekornyu payla\u015f\u0131m\u0131nda Erm\u0259nistan Silahl\u0131 Q\u00fcvv\u0259l\u0259rinin x\u00fcsusi t\u0259yinatl\u0131 d\u0259st\u0259l\u0259rinin haz\u0131rl\u0131\u011f\u0131na, x\u00fcsus\u0259n d\u0259 y\u00fcks\u0259k da\u011fl\u0131q \u015f\u0259raitd\u0259 d\u00f6y\u00fc\u015f \u0259m\u0259liyyatlar\u0131n\u0131n apar\u0131lmas\u0131na x\u00fcsusi diqq\u0259t yetirib. Erm\u0259ni snayperl\u0259ri d\u0259 haz\u0131rl\u0131q ke\u00e7\u0259c\u0259kl\u0259r.<\/p>\n<p>Fransal\u0131 nazir, h\u0259m\u00e7inin Erm\u0259nistana \u00fc\u00e7 \u201cGM200\u201d radar\u0131n\u0131n t\u0259dar\u00fck edildiyini v\u0259 \u201cMistral\u201d zenit raket kompleksl\u0259rinin g\u0259l\u0259c\u0259k t\u0259dar\u00fck\u00fc il\u0259 ba\u011fl\u0131 anla\u015fma memorandumunun imzaland\u0131\u011f\u0131n\u0131 da a\u00e7\u0131qlay\u0131b.<\/p>\n<p>Fransa t\u0259r\u0259fi Erm\u0259nistan Silahl\u0131 Q\u00fcvv\u0259l\u0259rinin yer\u00fcst\u00fc hava h\u00fccumundan m\u00fcdafi\u0259 vasit\u0259l\u0259rinin auditini d\u0259 aparmaq niyy\u0259tind\u0259dir.<\/p>\n","protected":false},"excerpt":{"rendered":"<p>Fransa Erm\u0259nistana h\u0259rbi m\u00fc\u015favir g\u00f6nd\u0259r\u0259c\u0259k, h\u0259m\u00e7inin erm\u0259ni x\u00fcsusi t\u0259yinatl\u0131lar\u0131na t\u0259lim ke\u00e7il\u0259c\u0259k. ARANTV.AZ-\u0131n m\u0259lumat\u0131na g\u00f6r\u0259, bu bar\u0259d\u0259 Fransa Respublikas\u0131n\u0131n M\u00fcdafi\u0259 Nazirliyinin r\u0259hb\u0259ri Sebastyan Lekornyu \u00f6z\u00fcn\u00fcn \u201cX\u201d hesab\u0131nda bildirib. Nazir, x\u00fcsusil\u0259\u00a0t\u0259r\u0259fl\u0259rin art\u0131q \u0259m\u0259kda\u015fl\u0131\u011fa ba\u015flad\u0131qlar\u0131, yaxud da ba\u015flamaq niyy\u0259tind\u0259 olduqlar\u0131 proqram v\u0259 sah\u0259l\u0259ri sadalay\u0131b. O, 2023-c\u00fc ilin yanvar\u0131nda Fransan\u0131n Erm\u0259nistandak\u0131 s\u0259firliyin\u0259 h\u0259rbi atta\u015fe t\u0259yin edildiyini xat\u0131rlad\u0131b v\u0259 qar\u015f\u0131dak\u0131 \u00e7oxsayl\u0131 i\u015fg\u00fczar g\u00f6r\u00fc\u015f,\u00a0h\u0259rbi s\u0259f\u0259r\u00a0bar\u0259d\u0259 m\u0259lumat verib, h\u0259m\u00e7inin \u00e7avu\u015f v\u0259 zabit kadrlar\u0131 haz\u0131rlayan h\u0259rbi t\u0259hsil m\u00fc\u0259ssis\u0259l\u0259ri il\u0259 qar\u015f\u0131l\u0131ql\u0131 f\u0259aliyy\u0259tl\u0259rd\u0259n s\u00f6z a\u00e7\u0131b. Lekornyu payla\u015f\u0131m\u0131nda Erm\u0259nistan Silahl\u0131 Q\u00fcvv\u0259l\u0259rinin x\u00fcsusi t\u0259yinatl\u0131 d\u0259st\u0259l\u0259rinin haz\u0131rl\u0131\u011f\u0131na, x\u00fcsus\u0259n d\u0259 y\u00fcks\u0259k da\u011fl\u0131q \u015f\u0259raitd\u0259 d\u00f6y\u00fc\u015f&hellip;<\/p>\n","protected":false},"author":2,"featured_media":649083,"comment_status":"closed","ping_status":"closed","sticky":false,"template":"","format":"standard","meta":{"om_disable_all_campaigns":false,"_monsterinsights_skip_tracking":false,"_monsterinsights_sitenote_active":false,"_monsterinsights_sitenote_note":"","_monsterinsights_sitenote_category":0},"categories":[7],"tags":[],"aioseo_notices":[],"gutentor_comment":0,"rttpg_featured_image_url":{"full":["https:\/\/arantv.az\/wp-content\/uploads\/2023\/10\/9.jpg",620,413,false],"landscape":["https:\/\/arantv.az\/wp-content\/uploads\/2023\/10\/9.jpg",620,413,false],"portraits":["https:\/\/arantv.az\/wp-content\/uploads\/2023\/10\/9.jpg",620,413,false],"thumbnail":["https:\/\/arantv.az\/wp-content\/uploads\/2023\/10\/9-500x280.jpg",500,280,true],"medium":["https:\/\/arantv.az\/wp-content\/uploads\/2023\/10\/9-548x365.jpg",548,365,true],"large":["https:\/\/arantv.az\/wp-content\/uploads\/2023\/10\/9.jpg",620,413,false],"1536x1536":["https:\/\/arantv.az\/wp-content\/uploads\/2023\/10\/9.jpg",620,413,false],"2048x2048":["https:\/\/arantv.az\/wp-content\/uploads\/2023\/10\/9.jpg",620,413,false],"post-thumbnail":["https:\/\/arantv.az\/wp-content\/uploads\/2023\/10\/9-240x172.jpg",240,172,true],"advps-thumb-one":["https:\/\/arantv.az\/wp-content\/uploads\/2023\/10\/9.jpg",620,413,false]},"rttpg_author":{"display_name":"V\u00fcsal Rafiqo\u011flu","author_link":"https:\/\/arantv.az\/?author=2"},"rttpg_comment":0,"rttpg_category":"<a href=\"https:\/\/arantv.az\/?cat=7\" rel=\"category\">D\u00fcnya<\/a>","rttpg_excerpt":"Fransa Erm\u0259nistana h\u0259rbi m\u00fc\u015favir g\u00f6nd\u0259r\u0259c\u0259k, h\u0259m\u00e7inin erm\u0259ni x\u00fcsusi t\u0259yinatl\u0131lar\u0131na t\u0259lim ke\u00e7il\u0259c\u0259k. ARANTV.AZ-\u0131n m\u0259lumat\u0131na g\u00f6r\u0259, bu bar\u0259d\u0259 Fransa Respublikas\u0131n\u0131n M\u00fcdafi\u0259 Nazirliyinin r\u0259hb\u0259ri Sebastyan Lekornyu \u00f6z\u00fcn\u00fcn \u201cX\u201d hesab\u0131nda bildirib. Nazir, x\u00fcsusil\u0259\u00a0t\u0259r\u0259fl\u0259rin art\u0131q \u0259m\u0259kda\u015fl\u0131\u011fa ba\u015flad\u0131qlar\u0131, yaxud da ba\u015flamaq niyy\u0259tind\u0259 olduqlar\u0131 proqram v\u0259 sah\u0259l\u0259ri sadalay\u0131b. O, 2023-c\u00fc ilin yanvar\u0131nda Fransan\u0131n Erm\u0259nistandak\u0131 s\u0259firliyin\u0259 h\u0259rbi atta\u015fe t\u0259yin edildiyini xat\u0131rlad\u0131b v\u0259 qar\u015f\u0131dak\u0131&hellip;","_links":{"self":[{"href":"https:\/\/arantv.az\/index.php?rest_route=\/wp\/v2\/posts\/649081"}],"collection":[{"href":"https:\/\/arantv.az\/index.php?rest_route=\/wp\/v2\/posts"}],"about":[{"href":"https:\/\/arantv.az\/index.php?rest_route=\/wp\/v2\/types\/post"}],"author":[{"embeddable":true,"href":"https:\/\/arantv.az\/index.php?rest_route=\/wp\/v2\/users\/2"}],"replies":[{"embeddable":true,"href":"https:\/\/arantv.az\/index.php?rest_route=%2Fwp%2Fv2%2Fcomments&post=649081"}],"version-history":[{"count":0,"href":"https:\/\/arantv.az\/index.php?rest_route=\/wp\/v2\/posts\/649081\/revisions"}],"wp:featuredmedia":[{"embeddable":true,"href":"https:\/\/arantv.az\/index.php?rest_route=\/wp\/v2\/media\/649083"}],"wp:attachment":[{"href":"https:\/\/arantv.az\/index.php?rest_route=%2Fwp%2Fv2%2Fmedia&parent=649081"}],"wp:term":[{"taxonomy":"category","embeddable":true,"href":"https:\/\/arantv.az\/index.php?rest_route=%2Fwp%2Fv2%2Fcategories&post=649081"},{"taxonomy":"post_tag","embeddable":true,"href":"https:\/\/arantv.az\/index.php?rest_route=%2Fwp%2Fv2%2Ftags&post=649081"}],"curies":[{"name":"wp","href":"https:\/\/api.w.org\/{rel}","templated":true}]}}