{"id":649205,"date":"2023-10-24T21:30:21","date_gmt":"2023-10-24T17:30:21","guid":{"rendered":"https:\/\/arantv.az\/?p=649205"},"modified":"2023-10-24T21:30:21","modified_gmt":"2023-10-24T17:30:21","slug":"azal-in-vitse-prezidenti-isd%c9%99n-cixarilib","status":"publish","type":"post","link":"https:\/\/arantv.az\/?p=649205","title":{"rendered":"AZAL-\u0131n vitse-prezidenti i\u015fd\u0259n \u00e7\u0131xar\u0131l\u0131b"},"content":{"rendered":"<p>\u201cAz\u0259rbaycan Hava Yollar\u0131\u201d (AZAL) QSC-d\u0259 kadr islahatlar\u0131 davam edir.<\/p>\n<p>Qaynarinfo-nun \u0259ld\u0259 etdiyi m\u0259lumata g\u00f6r\u0259, QSC-nin vitse-prezidenti Eldar Hac\u0131yev d\u0259 v\u0259zif\u0259sind\u0259n azad olunub.<\/p>\n<p>O, 2015-ci ild\u0259n bu v\u0259zif\u0259ni tuturdu. Eldar Hac\u0131yev AZAL-\u0131n r\u0259hb\u0259rliyin\u0259 t\u0259yinat almazdan \u0259vv\u0259l \u201cSilk Way\u201d \u015firk\u0259tinin vitse-prezidenti, eyni zamanda AZAL s\u0259rni\u015finda\u015f\u0131ma \u015firk\u0259tinin icra\u00e7\u0131 direktoru v\u0259zif\u0259sind\u0259 \u00e7al\u015f\u0131b.<\/p>\n<p>AZAL-\u0131n r\u0259smi veb-s\u0259hif\u0259sind\u0259 d\u0259 Eldar Hac\u0131yevin ad\u0131 r\u0259hb\u0259rliyin siyah\u0131s\u0131ndan \u00e7\u0131xar\u0131l\u0131b.<\/p>\n<div id=\"22889818619\"><\/div>\n<p>QSC-nin M\u0259tbuat Xidm\u0259tind\u0259n bildirilib ki, Eldar Hac\u0131yev \u00f6z ist\u0259yi il\u0259 bir ne\u00e7\u0259 ayd\u0131r qurumdan ayr\u0131l\u0131b.<\/p>\n<p>Xat\u0131rladaq ki, cari ilin sentyabr ay\u0131n\u0131n 1-d\u0259 Cahangir \u018fsg\u0259rov AZAL-\u0131n prezidenti v\u0259zif\u0259sind\u0259n azad edilib. O, bu v\u0259zif\u0259y\u0259 2008-ci ild\u0259 t\u0259yin olunmu\u015fdu. Ondan \u0259vv\u0259l &#8211; 1996-2008-ci ill\u0259rd\u0259 is\u0259 Az\u0259rbaycan Hava Yollar\u0131 D\u00f6vl\u0259t Konserninin ba\u015f direktoru olub.<\/p>\n<p>Cahangir \u018fsg\u0259rovun i\u015fd\u0259n \u00e7\u0131xar\u0131lmas\u0131ndan sonra AZAL-da kadr islahatlar\u0131na start verilib.<\/p>\n","protected":false},"excerpt":{"rendered":"<p>\u201cAz\u0259rbaycan Hava Yollar\u0131\u201d (AZAL) QSC-d\u0259 kadr islahatlar\u0131 davam edir. Qaynarinfo-nun \u0259ld\u0259 etdiyi m\u0259lumata g\u00f6r\u0259, QSC-nin vitse-prezidenti Eldar Hac\u0131yev d\u0259 v\u0259zif\u0259sind\u0259n azad olunub. O, 2015-ci ild\u0259n bu v\u0259zif\u0259ni tuturdu. Eldar Hac\u0131yev AZAL-\u0131n r\u0259hb\u0259rliyin\u0259 t\u0259yinat almazdan \u0259vv\u0259l \u201cSilk Way\u201d \u015firk\u0259tinin vitse-prezidenti, eyni zamanda AZAL s\u0259rni\u015finda\u015f\u0131ma \u015firk\u0259tinin icra\u00e7\u0131 direktoru v\u0259zif\u0259sind\u0259 \u00e7al\u015f\u0131b. AZAL-\u0131n r\u0259smi veb-s\u0259hif\u0259sind\u0259 d\u0259 Eldar Hac\u0131yevin ad\u0131 r\u0259hb\u0259rliyin siyah\u0131s\u0131ndan \u00e7\u0131xar\u0131l\u0131b. QSC-nin M\u0259tbuat Xidm\u0259tind\u0259n bildirilib ki, Eldar Hac\u0131yev \u00f6z ist\u0259yi il\u0259 bir ne\u00e7\u0259 ayd\u0131r qurumdan ayr\u0131l\u0131b. Xat\u0131rladaq ki, cari ilin sentyabr ay\u0131n\u0131n 1-d\u0259 Cahangir \u018fsg\u0259rov AZAL-\u0131n prezidenti v\u0259zif\u0259sind\u0259n azad edilib. O, bu v\u0259zif\u0259y\u0259&hellip;<\/p>\n","protected":false},"author":2,"featured_media":649209,"comment_status":"closed","ping_status":"closed","sticky":false,"template":"","format":"standard","meta":{"om_disable_all_campaigns":false,"_monsterinsights_skip_tracking":false,"_monsterinsights_sitenote_active":false,"_monsterinsights_sitenote_note":"","_monsterinsights_sitenote_category":0},"categories":[19],"tags":[],"aioseo_notices":[],"gutentor_comment":0,"rttpg_featured_image_url":{"full":["https:\/\/arantv.az\/wp-content\/uploads\/2023\/10\/1698155970_646e2033733e9f821c1e4e41d27002d6untitled-1-jpg.jpg",620,413,false],"landscape":["https:\/\/arantv.az\/wp-content\/uploads\/2023\/10\/1698155970_646e2033733e9f821c1e4e41d27002d6untitled-1-jpg.jpg",620,413,false],"portraits":["https:\/\/arantv.az\/wp-content\/uploads\/2023\/10\/1698155970_646e2033733e9f821c1e4e41d27002d6untitled-1-jpg.jpg",620,413,false],"thumbnail":["https:\/\/arantv.az\/wp-content\/uploads\/2023\/10\/1698155970_646e2033733e9f821c1e4e41d27002d6untitled-1-jpg-500x280.jpg",500,280,true],"medium":["https:\/\/arantv.az\/wp-content\/uploads\/2023\/10\/1698155970_646e2033733e9f821c1e4e41d27002d6untitled-1-jpg-548x365.jpg",548,365,true],"large":["https:\/\/arantv.az\/wp-content\/uploads\/2023\/10\/1698155970_646e2033733e9f821c1e4e41d27002d6untitled-1-jpg.jpg",620,413,false],"1536x1536":["https:\/\/arantv.az\/wp-content\/uploads\/2023\/10\/1698155970_646e2033733e9f821c1e4e41d27002d6untitled-1-jpg.jpg",620,413,false],"2048x2048":["https:\/\/arantv.az\/wp-content\/uploads\/2023\/10\/1698155970_646e2033733e9f821c1e4e41d27002d6untitled-1-jpg.jpg",620,413,false],"post-thumbnail":["https:\/\/arantv.az\/wp-content\/uploads\/2023\/10\/1698155970_646e2033733e9f821c1e4e41d27002d6untitled-1-jpg-240x172.jpg",240,172,true],"advps-thumb-one":["https:\/\/arantv.az\/wp-content\/uploads\/2023\/10\/1698155970_646e2033733e9f821c1e4e41d27002d6untitled-1-jpg.jpg",620,413,false]},"rttpg_author":{"display_name":"V\u00fcsal Rafiqo\u011flu","author_link":"https:\/\/arantv.az\/?author=2"},"rttpg_comment":0,"rttpg_category":"<a href=\"https:\/\/arantv.az\/?cat=19\" rel=\"category\">G\u00fcnd\u0259m<\/a>","rttpg_excerpt":"\u201cAz\u0259rbaycan Hava Yollar\u0131\u201d (AZAL) QSC-d\u0259 kadr islahatlar\u0131 davam edir. Qaynarinfo-nun \u0259ld\u0259 etdiyi m\u0259lumata g\u00f6r\u0259, QSC-nin vitse-prezidenti Eldar Hac\u0131yev d\u0259 v\u0259zif\u0259sind\u0259n azad olunub. O, 2015-ci ild\u0259n bu v\u0259zif\u0259ni tuturdu. Eldar Hac\u0131yev AZAL-\u0131n r\u0259hb\u0259rliyin\u0259 t\u0259yinat almazdan \u0259vv\u0259l \u201cSilk Way\u201d \u015firk\u0259tinin vitse-prezidenti, eyni zamanda AZAL s\u0259rni\u015finda\u015f\u0131ma \u015firk\u0259tinin icra\u00e7\u0131 direktoru v\u0259zif\u0259sind\u0259 \u00e7al\u015f\u0131b. AZAL-\u0131n r\u0259smi veb-s\u0259hif\u0259sind\u0259 d\u0259 Eldar Hac\u0131yevin ad\u0131&hellip;","_links":{"self":[{"href":"https:\/\/arantv.az\/index.php?rest_route=\/wp\/v2\/posts\/649205"}],"collection":[{"href":"https:\/\/arantv.az\/index.php?rest_route=\/wp\/v2\/posts"}],"about":[{"href":"https:\/\/arantv.az\/index.php?rest_route=\/wp\/v2\/types\/post"}],"author":[{"embeddable":true,"href":"https:\/\/arantv.az\/index.php?rest_route=\/wp\/v2\/users\/2"}],"replies":[{"embeddable":true,"href":"https:\/\/arantv.az\/index.php?rest_route=%2Fwp%2Fv2%2Fcomments&post=649205"}],"version-history":[{"count":0,"href":"https:\/\/arantv.az\/index.php?rest_route=\/wp\/v2\/posts\/649205\/revisions"}],"wp:featuredmedia":[{"embeddable":true,"href":"https:\/\/arantv.az\/index.php?rest_route=\/wp\/v2\/media\/649209"}],"wp:attachment":[{"href":"https:\/\/arantv.az\/index.php?rest_route=%2Fwp%2Fv2%2Fmedia&parent=649205"}],"wp:term":[{"taxonomy":"category","embeddable":true,"href":"https:\/\/arantv.az\/index.php?rest_route=%2Fwp%2Fv2%2Fcategories&post=649205"},{"taxonomy":"post_tag","embeddable":true,"href":"https:\/\/arantv.az\/index.php?rest_route=%2Fwp%2Fv2%2Ftags&post=649205"}],"curies":[{"name":"wp","href":"https:\/\/api.w.org\/{rel}","templated":true}]}}