{"id":649213,"date":"2023-10-24T21:31:19","date_gmt":"2023-10-24T17:31:19","guid":{"rendered":"https:\/\/arantv.az\/?p=649213"},"modified":"2023-10-24T21:31:19","modified_gmt":"2023-10-24T17:31:19","slug":"ucuncu-dayaniqli-inkisaf-m%c9%99qs%c9%99dl%c9%99ri-dialoqu-kecirildi-foto","status":"publish","type":"post","link":"https:\/\/arantv.az\/?p=649213","title":{"rendered":"\u00dc\u00e7\u00fcnc\u00fc Dayan\u0131ql\u0131 \u0130nki\u015faf M\u0259qs\u0259dl\u0259ri Dialoqu ke\u00e7irildi &#8211; FOTO"},"content":{"rendered":"<p>Bak\u0131da ke\u00e7iril\u0259n 3-c\u00fc Dayan\u0131ql\u0131 \u0130nki\u015faf M\u0259qs\u0259dl\u0259ri (D\u0130M) Dialoqunda 2023-c\u00fc il Qlobal D\u0130M Sammitinin n\u0259tic\u0259l\u0259ri v\u0259 D\u0130M-l\u0259rin h\u0259yata ke\u00e7irilm\u0259sind\u0259 ali audit qurumlar\u0131n\u0131n rolu bar\u0259d\u0259 fikir m\u00fcbadil\u0259si apar\u0131l\u0131b.<\/p>\n<p>Bu bar\u0259d\u0259 \u0130qtisadiyyat Nazirliyi m\u0259lumat yay\u0131b.<\/p>\n<p>Bildirilib ki, Bak\u0131da Dayan\u0131ql\u0131 \u0130nki\u015faf \u00fczr\u0259 Milli \u018flaq\u0259l\u0259ndirm\u0259 \u015euras\u0131, \u0130qtisadiyyat Nazirliyi v\u0259 BMT-nin birg\u0259 t\u0259\u015f\u0259bb\u00fcs\u00fc il\u0259 3-c\u00fc D\u0130M Dialoqu ke\u00e7irilib.<\/p>\n<p>\u201c2023-c\u00fc il \u201cQlobal D\u0130M Sammitinin n\u0259tic\u0259l\u0259ri v\u0259 D\u0130M-l\u0259rin h\u0259yata ke\u00e7irilm\u0259sind\u0259 ali audit qurumlar\u0131n\u0131n rolu\u201d m\u00f6vzusunda ke\u00e7iril\u0259n t\u0259dbird\u0259 Ba\u015f nazirin m\u00fcavini, Dayan\u0131ql\u0131 \u0130nki\u015faf \u00fczr\u0259 Milli \u018flaq\u0259l\u0259ndirm\u0259 \u015euras\u0131n\u0131n s\u0259dri \u018fli \u018fhm\u0259dov \u00f6lk\u0259mizd\u0259 D\u0130M-\u0259 nail olunmas\u0131 istiqam\u0259tind\u0259 g\u00f6r\u00fcl\u0259n i\u015fl\u0259r bar\u0259d\u0259 m\u0259lumat verib. Az\u0259rbaycan\u0131n 2030-cu il\u0259d\u0259k Milli Prioritetl\u0259rinin v\u0259 2022\u20122026-c\u0131 ill\u0259r \u00fczr\u0259 sosial-iqtisadi inki\u015faf Strategiyas\u0131n\u0131n D\u0130M-l\u0259r il\u0259 s\u0131x uzla\u015fd\u0131\u011f\u0131 diqq\u0259t\u0259 \u00e7atd\u0131r\u0131l\u0131b. Ba\u015f nazirin m\u00fcavini \u00f6lk\u0259mizl\u0259 BMT aras\u0131nda m\u00f6vcud olan m\u00fcnasib\u0259tl\u0259ri qeyd edib, beyn\u0259lxalq \u0259m\u0259kda\u015fl\u0131q platformalar\u0131 \u00e7\u0259r\u00e7iv\u0259sind\u0259 apar\u0131lan m\u00fczakir\u0259l\u0259rin qlobal \u00e7a\u011f\u0131r\u0131\u015flara adekvat cavab verilm\u0259si imkanlar\u0131n\u0131 art\u0131rd\u0131\u011f\u0131n\u0131 bildirib. Qeyd edilib ki, Az\u0259rbaycanda Dayan\u0131ql\u0131 \u0130nki\u015faf M\u0259qs\u0259dl\u0259ri \u00fczr\u0259 v\u0259zif\u0259l\u0259rin icras\u0131 v\u0259 b\u00fct\u00f6vl\u00fckd\u0259 \u00f6lk\u0259mizin \u0259halisinin h\u0259yat s\u0259viyy\u0259sinin yeni inki\u015faf pill\u0259sin\u0259 qald\u0131r\u0131lmas\u0131 \u00fc\u00e7\u00fcn kompleks t\u0259dbirl\u0259r u\u011furla h\u0259yata ke\u00e7irilir.<\/p>\n<p>BMT-nin Az\u0259rbaycandak\u0131 rezident \u0259laq\u0259l\u0259ndiricisi Vladanka Andreyeva D\u0130M \u00fczr\u0259 bu ilin sentyabr ay\u0131nda ke\u00e7iril\u0259n sammitin \u00f6hd\u0259likl\u0259rin\u0259 \u0259sas\u0259n, inkl\u00fcziv dayan\u0131ql\u0131 inki\u015fafa nail olmaq \u00fc\u00e7\u00fcn BMT-nin b\u00fct\u00fcn maraql\u0131 t\u0259r\u0259fl\u0259rl\u0259 i\u015fl\u0259m\u0259y\u0259 davam ed\u0259c\u0259yini bildirib. Qeyd olunub ki, BMT Az\u0259rbaycan\u0131n 2024-c\u00fc ild\u0259 D\u0130M-in icras\u0131na dair D\u00f6rd\u00fcnc\u00fc K\u00f6n\u00fcll\u00fc Milli \u0130cmal\u0131 t\u0259qdim etm\u0259k planlar\u0131n\u0131 alq\u0131\u015flay\u0131r v\u0259 bu m\u00fch\u00fcm f\u0259aliyy\u0259ti d\u0259st\u0259kl\u0259m\u0259y\u0259 haz\u0131rd\u0131r.<\/p>\n<p>Hesablama Palatas\u0131n\u0131n s\u0259dri V\u00fcqar G\u00fclm\u0259mm\u0259dov D\u0130M-l\u0259r \u00fczr\u0259 s\u0259m\u0259r\u0259lilik auditl\u0259rinin say\u0131n\u0131n art\u0131r\u0131ld\u0131\u011f\u0131n\u0131, 2021-2022-ci ill\u0259rd\u0259 alt\u0131\u00a0D\u0130M-in se\u00e7il\u0259n audit m\u00f6vzular\u0131nda meyar kimi \u00e7\u0131x\u0131\u015f etdiyini, auditl\u0259rl\u0259 \u0259hat\u0259 olunan indikatorlarda art\u0131m\u0131n m\u00fc\u015fahid\u0259 edildiyini, auditl\u0259rd\u0259 daha \u00e7ox proqresin qiym\u0259tl\u0259ndirilm\u0259si yana\u015fmas\u0131na \u00fcst\u00fcnl\u00fck verildiyini qeyd edib.<\/p>\n<p>\u0130qtisadiyyat nazirinin m\u00fcavini Sahib M\u0259mm\u0259dov 24 oktyabr &#8211; Birl\u0259\u015fmi\u015f Mill\u0259tl\u0259r T\u0259\u015fkilat\u0131 (BMT) g\u00fcn\u00fc m\u00fcnasib\u0259til\u0259 t\u0259\u015fkilat\u0131n \u0259m\u0259kda\u015flar\u0131n\u0131 t\u0259brik edib, Az\u0259rbaycan\u0131n BMT-nin m\u00fcxt\u0259lif ixtisasla\u015fm\u0131\u015f qurumlar\u0131 il\u0259 s\u0131x \u0259m\u0259kda\u015fl\u0131q etdiyini qeyd edib, quruma f\u0259aliyy\u0259tind\u0259 u\u011furlar arzulay\u0131b. Nazir m\u00fcavini D\u0130M-in icras\u0131n\u0131n \u00f6lk\u0259mizin sosial-iqtisadi inki\u015faf\u0131 \u00fc\u00e7\u00fcn s\u0259m\u0259r\u0259li mexanizml\u0259r formala\u015fd\u0131rd\u0131\u011f\u0131n\u0131 bildirib. Qeyd olunub ki, \u00f6lk\u0259miz regionda ilk olaraq D\u0130M-l\u0259rin icras\u0131 istiqam\u0259tind\u0259 BMT-nin Y\u00fcks\u0259k S\u0259viyy\u0259li Siyasi Forumuna \u00fc\u00e7 K\u00f6n\u00fcll\u00fc Milli Hesabat t\u0259qdim edib, n\u00f6vb\u0259ti hesabat\u0131n is\u0259 2024-c\u00fc ild\u0259 t\u0259qdim edilm\u0259si planla\u015fd\u0131r\u0131l\u0131r. D\u0130M-in h\u0259yata ke\u00e7irilm\u0259sind\u0259 v\u0259saitl\u0259rin m\u0259qs\u0259dy\u00f6nl\u00fc istifad\u0259si, h\u0259m\u00e7inin \u015f\u0259ffafl\u0131q v\u0259 hesabatl\u0131l\u0131\u011f\u0131n t\u0259min edilm\u0259sind\u0259 ali audit orqanlar\u0131n\u0131n rolu vur\u011fulan\u0131b.<\/p>\n<p>Bildirilib ki, i\u015f\u011faldan azad olunmu\u015f \u0259razil\u0259rin b\u0259rpas\u0131 istiqam\u0259tind\u0259 qlobal inki\u015faf prioritetl\u0259ri n\u0259z\u0259r\u0259 al\u0131n\u0131r, ancaq mina t\u0259hl\u00fck\u0259si bu \u0259razil\u0259rin s\u00fcr\u0259tli reinteqrasiyas\u0131nda ba\u015fl\u0131ca mane\u0259dir. Diqq\u0259t\u0259 \u00e7atd\u0131r\u0131l\u0131b ki, Az\u0259rbaycan Respublikas\u0131n\u0131n Prezidenti c\u0259nab\u00a0<strong>\u0130lham \u018fliyev<\/strong>\u00a0t\u0259r\u0259find\u0259n minat\u0259mizl\u0259m\u0259 f\u0259aliyy\u0259tinin 18-ci Dayan\u0131ql\u0131 \u0130nki\u015faf M\u0259qs\u0259di kimi BMT-nin 2030 G\u00fcnd\u0259liyin\u0259 \u0259lav\u0259 edilm\u0259si t\u0259\u015f\u0259bb\u00fcs\u00fc ir\u0259li s\u00fcr\u00fcl\u00fcb v\u0259 m\u00fcvafiq D\u0130M-in layih\u0259si haz\u0131rlanaraq, yerli v\u0259 beyn\u0259lxalq ictimaiyy\u0259t\u0259 t\u0259qdim edilib.<\/p>\n<p>Xarici i\u015fl\u0259r nazirinin m\u00fcavini Yal\u00e7\u0131n R\u0259fiyev b\u0259\u015f\u0259riyy\u0259tin \u00fczl\u0259\u015fdiyi COVID 19 pandemiyas\u0131n\u0131n h\u0259l\u0259 d\u0259 davam ed\u0259n t\u0259sirl\u0259ri il\u0259 yana\u015f\u0131, iqlim d\u0259yi\u015fm\u0259si, \u0259rzaq t\u0259hl\u00fck\u0259sizliyi b\u00f6hran\u0131, el\u0259c\u0259 d\u0259 d\u00fcnyan\u0131n m\u00fcxt\u0259lif yerl\u0259rind\u0259 \u00e7oxlu geosiyasi g\u0259rginlikl\u0259rin Dayan\u0131ql\u0131 \u0130nki\u015faf \u00fczr\u0259 2030-cu il G\u00fcnd\u0259liyi \u00fczr\u0259 t\u0259r\u0259qqini l\u0259ngitdiyi qeyd edib. Bildirilib ki, i\u015f\u011faldan azad olunmu\u015f \u0259razil\u0259rimizin b\u0259rpas\u0131 istiqam\u0259tind\u0259 Az\u0259rbaycan BMT, Avropa \u0130ttifaq\u0131 v\u0259 D\u00fcnya Bank\u0131 il\u0259 b\u0259rpa v\u0259 inki\u015faf t\u0259dbirl\u0259ri \u00fc\u00e7\u00fcn qiym\u0259tl\u0259ndirm\u0259 v\u0259 prioritet sah\u0259l\u0259ri m\u00fc\u0259yy\u0259nl\u0259\u015fdirm\u0259k \u00fc\u00e7\u00fcn birg\u0259 s\u0259yl\u0259ri t\u0259\u015fkil ed\u0259n Birg\u0259 B\u0259rpa Ehtiyaclar\u0131n\u0131n Qiym\u0259tl\u0259ndirilm\u0259si \u00fc\u00e7\u00fcn \u0259m\u0259kda\u015fl\u0131q edir.<\/p>\n<p>Ali Audit Qurumlar\u0131n\u0131n Beyn\u0259lxalq T\u0259\u015fkilatlar\u0131na s\u0259drlik ed\u0259n Braziliya Ali Audit Qurumunun s\u0259dr m\u00fcavini Valton Alensar Rodriques ke\u00e7iril\u0259n dialoqun ali audit qurumlar\u0131n\u0131n D\u0130M-l\u0259rin icras\u0131nda rolu bar\u0259d\u0259 beyn\u0259lxalq t\u0259cr\u00fcb\u0259l\u0259rinin \u00f6yr\u0259nilm\u0259si \u00fc\u00e7\u00fcn u\u011furlu plarforma oldu\u011funu vur\u011fulay\u0131b.<\/p>\n<p>Y\u00fcks\u0259k s\u0259viyy\u0259li dialoq \u201c2023-c\u00fc il Qlobal D\u0130M Sammitinin n\u0259tic\u0259si: D\u0130M-in s\u00fcr\u0259tl\u0259ndirilm\u0259si v\u0259 D\u0130M-in maliyy\u0259l\u0259\u015fdirilm\u0259si \u00fc\u00e7\u00fcn prioritet t\u0259dbirl\u0259r\u201d v\u0259 \u201cD\u0130M-l\u0259rin d\u00f6vl\u0259t maliyy\u0259l\u0259\u015fdirilm\u0259sinin effektivliyinin keyfiyy\u0259t t\u0259minat\u0131nda ali audit qurumlar\u0131n\u0131n rolu, m\u00fcxt\u0259lif \u00f6lk\u0259l\u0259rin t\u0259cr\u00fcb\u0259si\u201d adl\u0131\u00a0 panel sessiyalarla \u00f6z i\u015fini davam etdirib.<\/p>\n<p>&nbsp;<\/p>\n<div class=\"gallery\">\n<div class=\"gallery-i\"><img src=\"https:\/\/cdn.oxu.az\/uploads\/W1siZiIsIjIwMjMvMTAvMjQvMjAvMjIvNDYvNWE5ZDc5ZmMtNzBmNy00NGM0LThmMjQtYjE4Y2ExNjJhYjg3LzAxMS5KUEciXSxbInAiLCJlbmNvZGUiLCJqcGciLCItcXVhbGl0eSA4MCJdLFsicCIsInRodW1iIiwiNTkweDU5MFx1MDAzZSJdXQ?sha=dcd7d5810875a1ee\" alt=\"\" \/><\/p>\n<div class=\"gallery-i-caption\"><\/div>\n<\/div>\n<div class=\"gallery-i\"><img src=\"https:\/\/cdn.oxu.az\/uploads\/W1siZiIsIjIwMjMvMTAvMjQvMjAvMjIvNDcvN2Q4MGI0MDktMDBhMy00MTY4LWJjYzctM2MyMjI5MDdhMTE3LzAxMi5KUEciXSxbInAiLCJlbmNvZGUiLCJqcGciLCItcXVhbGl0eSA4MCJdLFsicCIsInRodW1iIiwiNTkweDU5MFx1MDAzZSJdXQ?sha=3e76a4bd01136c4a\" alt=\"\" \/><\/p>\n<div class=\"gallery-i-caption\"><\/div>\n<\/div>\n<div class=\"gallery-i\"><img src=\"https:\/\/cdn.oxu.az\/uploads\/W1siZiIsIjIwMjMvMTAvMjQvMjAvMjIvNDcvMWJiYjk5NGItNTU0YS00ZmJjLWFjOGUtNzFiODA5ZTExNTRmLzAxMC5KUEciXSxbInAiLCJlbmNvZGUiLCJqcGciLCItcXVhbGl0eSA4MCJdLFsicCIsInRodW1iIiwiNTkweDU5MFx1MDAzZSJdXQ?sha=c43d3aba36239c05\" alt=\"\" \/><\/p>\n<div class=\"gallery-i-caption\"><\/div>\n<\/div>\n<div class=\"gallery-i\"><img src=\"https:\/\/cdn.oxu.az\/uploads\/W1siZiIsIjIwMjMvMTAvMjQvMjAvMjIvNDcvOWI4MWI4MmItOWEyYy00Zjc3LTk2NWUtNzljNmY1NDViYzNjLzA4LkpQRyJdLFsicCIsImVuY29kZSIsImpwZyIsIi1xdWFsaXR5IDgwIl0sWyJwIiwidGh1bWIiLCI1OTB4NTkwXHUwMDNlIl1d?sha=b180eefcd9ec5549\" alt=\"\" \/><\/p>\n<div class=\"gallery-i-caption\"><\/div>\n<\/div>\n<div class=\"gallery-i\"><img src=\"https:\/\/cdn.oxu.az\/uploads\/W1siZiIsIjIwMjMvMTAvMjQvMjAvMjIvNDcvZThmYTY4YzYtNmNhMy00MzJjLThjN2QtYjAyMTdmOWQwOThiLzA2LkpQRyJdLFsicCIsImVuY29kZSIsImpwZyIsIi1xdWFsaXR5IDgwIl0sWyJwIiwidGh1bWIiLCI1OTB4NTkwXHUwMDNlIl1d?sha=d3ee014f077e40b9\" alt=\"\" \/><\/p>\n<div class=\"gallery-i-caption\"><\/div>\n<\/div>\n<div class=\"gallery-i\"><img src=\"https:\/\/cdn.oxu.az\/uploads\/W1siZiIsIjIwMjMvMTAvMjQvMjAvMjIvNDcvZmEzOWU5NjItMjM0YS00MGY4LWFmNzctOTA4MDg2MGQ1YWQ3LzA5LkpQRyJdLFsicCIsImVuY29kZSIsImpwZyIsIi1xdWFsaXR5IDgwIl0sWyJwIiwidGh1bWIiLCI1OTB4NTkwXHUwMDNlIl1d?sha=90cba3dc8d0c038e\" alt=\"\" \/><\/p>\n<div class=\"gallery-i-caption\"><\/div>\n<\/div>\n<div class=\"gallery-i\"><img src=\"https:\/\/cdn.oxu.az\/uploads\/W1siZiIsIjIwMjMvMTAvMjQvMjAvMjIvNDcvMWJhYzhhYjEtNzFlZC00MTNlLWIzNTAtODU0YmMyNzAyZjgzLzA3LkpQRyJdLFsicCIsImVuY29kZSIsImpwZyIsIi1xdWFsaXR5IDgwIl0sWyJwIiwidGh1bWIiLCI1OTB4NTkwXHUwMDNlIl1d?sha=af4becfdc64a1e25\" alt=\"\" \/><\/p>\n<div class=\"gallery-i-caption\"><\/div>\n<\/div>\n<div class=\"gallery-i\"><img src=\"https:\/\/cdn.oxu.az\/uploads\/W1siZiIsIjIwMjMvMTAvMjQvMjAvMjIvNDgvZjA4ZWFlMGQtYmEzMy00MWJhLThlNjktMmRhMWNiYTc3M2UzLzAxLkpQRyJdLFsicCIsImVuY29kZSIsImpwZyIsIi1xdWFsaXR5IDgwIl0sWyJwIiwidGh1bWIiLCI1OTB4NTkwXHUwMDNlIl1d?sha=8ff53e4ba3c70dc1\" alt=\"\" \/><\/p>\n<div class=\"gallery-i-caption\"><\/div>\n<\/div>\n<div class=\"gallery-i\"><img src=\"https:\/\/cdn.oxu.az\/uploads\/W1siZiIsIjIwMjMvMTAvMjQvMjAvMjIvNDgvMTIzMzhlY2YtMzcwOS00OTRmLWFjNDAtMGEyYTNjOGZkMDNkLzAzLkpQRyJdLFsicCIsImVuY29kZSIsImpwZyIsIi1xdWFsaXR5IDgwIl0sWyJwIiwidGh1bWIiLCI1OTB4NTkwXHUwMDNlIl1d?sha=46cb5f61c56371d6\" alt=\"\" \/><\/p>\n<div class=\"gallery-i-caption\"><\/div>\n<\/div>\n<div class=\"gallery-i\"><img src=\"https:\/\/cdn.oxu.az\/uploads\/W1siZiIsIjIwMjMvMTAvMjQvMjAvMjIvNDgvODc3ZjRhNmYtNzA2YS00ODQ4LWE1NDItZWUzNDgyNDhmNzIwLzA0LkpQRyJdLFsicCIsImVuY29kZSIsImpwZyIsIi1xdWFsaXR5IDgwIl0sWyJwIiwidGh1bWIiLCI1OTB4NTkwXHUwMDNlIl1d?sha=64fb11a629c9f9c6\" alt=\"\" \/><\/p>\n<div class=\"gallery-i-caption\"><\/div>\n<\/div>\n<div class=\"gallery-i\"><img src=\"https:\/\/cdn.oxu.az\/uploads\/W1siZiIsIjIwMjMvMTAvMjQvMjAvMjIvNDgvN2ViMGZkZTItZDJkYS00NDJhLThmOTctMjE1ZjhkZmEwMzRmLzA1LkpQRyJdLFsicCIsImVuY29kZSIsImpwZyIsIi1xdWFsaXR5IDgwIl0sWyJwIiwidGh1bWIiLCI1OTB4NTkwXHUwMDNlIl1d?sha=3240d9bd94f1fd77\" alt=\"\" \/><\/div>\n<\/div>\n","protected":false},"excerpt":{"rendered":"<p>Bak\u0131da ke\u00e7iril\u0259n 3-c\u00fc Dayan\u0131ql\u0131 \u0130nki\u015faf M\u0259qs\u0259dl\u0259ri (D\u0130M) Dialoqunda 2023-c\u00fc il Qlobal D\u0130M Sammitinin n\u0259tic\u0259l\u0259ri v\u0259 D\u0130M-l\u0259rin h\u0259yata ke\u00e7irilm\u0259sind\u0259 ali audit qurumlar\u0131n\u0131n rolu bar\u0259d\u0259 fikir m\u00fcbadil\u0259si apar\u0131l\u0131b. Bu bar\u0259d\u0259 \u0130qtisadiyyat Nazirliyi m\u0259lumat yay\u0131b. Bildirilib ki, Bak\u0131da Dayan\u0131ql\u0131 \u0130nki\u015faf \u00fczr\u0259 Milli \u018flaq\u0259l\u0259ndirm\u0259 \u015euras\u0131, \u0130qtisadiyyat Nazirliyi v\u0259 BMT-nin birg\u0259 t\u0259\u015f\u0259bb\u00fcs\u00fc il\u0259 3-c\u00fc D\u0130M Dialoqu ke\u00e7irilib. \u201c2023-c\u00fc il \u201cQlobal D\u0130M Sammitinin n\u0259tic\u0259l\u0259ri v\u0259 D\u0130M-l\u0259rin h\u0259yata ke\u00e7irilm\u0259sind\u0259 ali audit qurumlar\u0131n\u0131n rolu\u201d m\u00f6vzusunda ke\u00e7iril\u0259n t\u0259dbird\u0259 Ba\u015f nazirin m\u00fcavini, Dayan\u0131ql\u0131 \u0130nki\u015faf \u00fczr\u0259 Milli \u018flaq\u0259l\u0259ndirm\u0259 \u015euras\u0131n\u0131n s\u0259dri \u018fli \u018fhm\u0259dov \u00f6lk\u0259mizd\u0259 D\u0130M-\u0259 nail olunmas\u0131 istiqam\u0259tind\u0259 g\u00f6r\u00fcl\u0259n i\u015fl\u0259r bar\u0259d\u0259 m\u0259lumat&hellip;<\/p>\n","protected":false},"author":2,"featured_media":649216,"comment_status":"closed","ping_status":"closed","sticky":false,"template":"","format":"standard","meta":{"om_disable_all_campaigns":false,"_monsterinsights_skip_tracking":false,"_monsterinsights_sitenote_active":false,"_monsterinsights_sitenote_note":"","_monsterinsights_sitenote_category":0},"categories":[19],"tags":[],"aioseo_notices":[],"gutentor_comment":0,"rttpg_featured_image_url":{"full":["https:\/\/arantv.az\/wp-content\/uploads\/2023\/10\/02-1.jpg",620,413,false],"landscape":["https:\/\/arantv.az\/wp-content\/uploads\/2023\/10\/02-1.jpg",620,413,false],"portraits":["https:\/\/arantv.az\/wp-content\/uploads\/2023\/10\/02-1.jpg",620,413,false],"thumbnail":["https:\/\/arantv.az\/wp-content\/uploads\/2023\/10\/02-1-500x280.jpg",500,280,true],"medium":["https:\/\/arantv.az\/wp-content\/uploads\/2023\/10\/02-1-548x365.jpg",548,365,true],"large":["https:\/\/arantv.az\/wp-content\/uploads\/2023\/10\/02-1.jpg",620,413,false],"1536x1536":["https:\/\/arantv.az\/wp-content\/uploads\/2023\/10\/02-1.jpg",620,413,false],"2048x2048":["https:\/\/arantv.az\/wp-content\/uploads\/2023\/10\/02-1.jpg",620,413,false],"post-thumbnail":["https:\/\/arantv.az\/wp-content\/uploads\/2023\/10\/02-1-240x172.jpg",240,172,true],"advps-thumb-one":["https:\/\/arantv.az\/wp-content\/uploads\/2023\/10\/02-1.jpg",620,413,false]},"rttpg_author":{"display_name":"V\u00fcsal Rafiqo\u011flu","author_link":"https:\/\/arantv.az\/?author=2"},"rttpg_comment":0,"rttpg_category":"<a href=\"https:\/\/arantv.az\/?cat=19\" rel=\"category\">G\u00fcnd\u0259m<\/a>","rttpg_excerpt":"Bak\u0131da ke\u00e7iril\u0259n 3-c\u00fc Dayan\u0131ql\u0131 \u0130nki\u015faf M\u0259qs\u0259dl\u0259ri (D\u0130M) Dialoqunda 2023-c\u00fc il Qlobal D\u0130M Sammitinin n\u0259tic\u0259l\u0259ri v\u0259 D\u0130M-l\u0259rin h\u0259yata ke\u00e7irilm\u0259sind\u0259 ali audit qurumlar\u0131n\u0131n rolu bar\u0259d\u0259 fikir m\u00fcbadil\u0259si apar\u0131l\u0131b. Bu bar\u0259d\u0259 \u0130qtisadiyyat Nazirliyi m\u0259lumat yay\u0131b. Bildirilib ki, Bak\u0131da Dayan\u0131ql\u0131 \u0130nki\u015faf \u00fczr\u0259 Milli \u018flaq\u0259l\u0259ndirm\u0259 \u015euras\u0131, \u0130qtisadiyyat Nazirliyi v\u0259 BMT-nin birg\u0259 t\u0259\u015f\u0259bb\u00fcs\u00fc il\u0259 3-c\u00fc D\u0130M Dialoqu ke\u00e7irilib. \u201c2023-c\u00fc il \u201cQlobal&hellip;","_links":{"self":[{"href":"https:\/\/arantv.az\/index.php?rest_route=\/wp\/v2\/posts\/649213"}],"collection":[{"href":"https:\/\/arantv.az\/index.php?rest_route=\/wp\/v2\/posts"}],"about":[{"href":"https:\/\/arantv.az\/index.php?rest_route=\/wp\/v2\/types\/post"}],"author":[{"embeddable":true,"href":"https:\/\/arantv.az\/index.php?rest_route=\/wp\/v2\/users\/2"}],"replies":[{"embeddable":true,"href":"https:\/\/arantv.az\/index.php?rest_route=%2Fwp%2Fv2%2Fcomments&post=649213"}],"version-history":[{"count":0,"href":"https:\/\/arantv.az\/index.php?rest_route=\/wp\/v2\/posts\/649213\/revisions"}],"wp:featuredmedia":[{"embeddable":true,"href":"https:\/\/arantv.az\/index.php?rest_route=\/wp\/v2\/media\/649216"}],"wp:attachment":[{"href":"https:\/\/arantv.az\/index.php?rest_route=%2Fwp%2Fv2%2Fmedia&parent=649213"}],"wp:term":[{"taxonomy":"category","embeddable":true,"href":"https:\/\/arantv.az\/index.php?rest_route=%2Fwp%2Fv2%2Fcategories&post=649213"},{"taxonomy":"post_tag","embeddable":true,"href":"https:\/\/arantv.az\/index.php?rest_route=%2Fwp%2Fv2%2Ftags&post=649213"}],"curies":[{"name":"wp","href":"https:\/\/api.w.org\/{rel}","templated":true}]}}