{"id":64947,"date":"2019-06-08T10:47:18","date_gmt":"2019-06-08T07:47:18","guid":{"rendered":"http:\/\/arantv.az\/?p=64947"},"modified":"2019-06-08T10:47:18","modified_gmt":"2019-06-08T07:47:18","slug":"d%c9%99hs%c9%99tli-hadis%c9%99-qardasinin-evin%c9%99-g%c9%99lib-onun-h%c9%99yat-yoldasini","status":"publish","type":"post","link":"https:\/\/arantv.az\/?p=64947","title":{"rendered":"D\u0259h\u015f\u0259tli hadis\u0259 &#8211; Qarda\u015f\u0131n\u0131n evin\u0259 g\u0259lib onun h\u0259yat yolda\u015f\u0131n\u0131&#8230;"},"content":{"rendered":"<p>Bu ilin yanvar ay\u0131nda Ab\u015feron rayonu Qobu q\u0259s\u0259b\u0259sind\u0259 ba\u015f vermi\u015f q\u0259tl hadis\u0259si il\u0259 ba\u011fl\u0131 a\u00e7\u0131lm\u0131\u015f cinayt i\u015finin ibtidai istintaq\u0131 yekunla\u015f\u0131b.<\/p>\n<p>Qarda\u015f\u0131n\u0131n h\u0259yat yolda\u015f\u0131n\u0131 \u00f6ld\u00fcr\u0259n M\u0259mm\u0259dov Rafiq H\u0259s\u0259novi\u00e7 bar\u0259sind\u0259 Ab\u015feron Rayon Prokurorlu\u011funda Cinay\u0259t M\u0259c\u0259ll\u0259sinin 120.1-ci, y\u0259ni q\u0259sd\u0259n adam \u00f6ld\u00fcrm\u0259 madd\u0259si il\u0259 a\u00e7\u0131lan i\u015fin materiallar\u0131 Bak\u0131 A\u011f\u0131r Cinay\u0259tl\u0259r M\u0259hk\u0259m\u0259sin\u0259 g\u00f6nd\u0259rilib. \u0130\u015f\u0259 hakim \u018fhm\u0259d Quliyevin s\u0259drliyi il\u0259 bax\u0131lacaq.<\/p>\n<p>Qeyd ed\u0259k ki, yanvar\u0131n 2-d\u0259 Qobu q\u0259s\u0259b\u0259sind\u0259 ya\u015fayan El\u00e7in M\u0259mm\u0259dovun evin\u0259 g\u0259l\u0259n qarda\u015f\u0131 Rafiq M\u0259mm\u0259dov m\u00fcnaqi\u015f\u0259 z\u0259minind\u0259 onun arvad\u0131 \u018fqid\u0259 M\u0259mm\u0259dovan\u0131n ba\u015f nahiy\u0259sin\u0259 k\u00fct al\u0259tl\u0259 x\u0259sar\u0259t yetirib.<\/p>\n<div id=\"AdviadNativeVideo0\" class=\"AdviadNativeVideo\"><\/div>\n<p>Qad\u0131n ald\u0131\u011f\u0131 a\u011f\u0131r x\u0259sar\u0259td\u0259n hadis\u0259 yerind\u0259 \u00f6l\u00fcb.<\/p>\n<p>Ab\u015feron RP\u0130 v\u0259 rayon prokurorlu\u011fu \u0259m\u0259kda\u015flar\u0131n\u0131n ke\u00e7irdikl\u0259ri istintaq v\u0259 \u0259m\u0259liyyat-axtar\u0131\u015f t\u0259dbirl\u0259ri n\u0259tic\u0259sind\u0259 R.M\u0259mm\u0259dov saxlan\u0131l\u0131b.<\/p>\n<p>m\u0259nb\u0259: news24.az<\/p>\n","protected":false},"excerpt":{"rendered":"<p>Bu ilin yanvar ay\u0131nda Ab\u015feron rayonu Qobu q\u0259s\u0259b\u0259sind\u0259 ba\u015f vermi\u015f q\u0259tl hadis\u0259si il\u0259 ba\u011fl\u0131 a\u00e7\u0131lm\u0131\u015f cinayt i\u015finin ibtidai istintaq\u0131 yekunla\u015f\u0131b. Qarda\u015f\u0131n\u0131n h\u0259yat yolda\u015f\u0131n\u0131 \u00f6ld\u00fcr\u0259n M\u0259mm\u0259dov Rafiq H\u0259s\u0259novi\u00e7 bar\u0259sind\u0259 Ab\u015feron Rayon Prokurorlu\u011funda Cinay\u0259t M\u0259c\u0259ll\u0259sinin 120.1-ci, y\u0259ni q\u0259sd\u0259n adam \u00f6ld\u00fcrm\u0259 madd\u0259si il\u0259 a\u00e7\u0131lan i\u015fin materiallar\u0131 Bak\u0131 A\u011f\u0131r Cinay\u0259tl\u0259r M\u0259hk\u0259m\u0259sin\u0259 g\u00f6nd\u0259rilib. \u0130\u015f\u0259 hakim \u018fhm\u0259d Quliyevin s\u0259drliyi il\u0259 bax\u0131lacaq. Qeyd ed\u0259k ki, yanvar\u0131n 2-d\u0259 Qobu q\u0259s\u0259b\u0259sind\u0259 ya\u015fayan El\u00e7in M\u0259mm\u0259dovun evin\u0259 g\u0259l\u0259n qarda\u015f\u0131 Rafiq M\u0259mm\u0259dov m\u00fcnaqi\u015f\u0259 z\u0259minind\u0259 onun arvad\u0131 \u018fqid\u0259 M\u0259mm\u0259dovan\u0131n ba\u015f nahiy\u0259sin\u0259 k\u00fct al\u0259tl\u0259 x\u0259sar\u0259t yetirib. Qad\u0131n ald\u0131\u011f\u0131 a\u011f\u0131r x\u0259sar\u0259td\u0259n hadis\u0259 yerind\u0259 \u00f6l\u00fcb. Ab\u015feron&hellip;<\/p>\n","protected":false},"author":2,"featured_media":64948,"comment_status":"closed","ping_status":"closed","sticky":false,"template":"","format":"standard","meta":{"om_disable_all_campaigns":false,"_monsterinsights_skip_tracking":false,"_monsterinsights_sitenote_active":false,"_monsterinsights_sitenote_note":"","_monsterinsights_sitenote_category":0},"categories":[3],"tags":[],"aioseo_notices":[],"gutentor_comment":0,"rttpg_featured_image_url":{"full":["https:\/\/arantv.az\/wp-content\/uploads\/2019\/06\/1559979705_1537373297_1.jpg",649,359,false],"landscape":["https:\/\/arantv.az\/wp-content\/uploads\/2019\/06\/1559979705_1537373297_1.jpg",649,359,false],"portraits":["https:\/\/arantv.az\/wp-content\/uploads\/2019\/06\/1559979705_1537373297_1.jpg",649,359,false],"thumbnail":["https:\/\/arantv.az\/wp-content\/uploads\/2019\/06\/1559979705_1537373297_1-150x150.jpg",150,150,true],"medium":["https:\/\/arantv.az\/wp-content\/uploads\/2019\/06\/1559979705_1537373297_1-300x166.jpg",300,166,true],"large":["https:\/\/arantv.az\/wp-content\/uploads\/2019\/06\/1559979705_1537373297_1.jpg",640,354,false],"1536x1536":["https:\/\/arantv.az\/wp-content\/uploads\/2019\/06\/1559979705_1537373297_1.jpg",649,359,false],"2048x2048":["https:\/\/arantv.az\/wp-content\/uploads\/2019\/06\/1559979705_1537373297_1.jpg",649,359,false],"post-thumbnail":["https:\/\/arantv.az\/wp-content\/uploads\/2019\/06\/1559979705_1537373297_1-240x172.jpg",240,172,true],"advps-thumb-one":["https:\/\/arantv.az\/wp-content\/uploads\/2019\/06\/1559979705_1537373297_1.jpg",649,359,false]},"rttpg_author":{"display_name":"V\u00fcsal Rafiqo\u011flu","author_link":"https:\/\/arantv.az\/?author=2"},"rttpg_comment":0,"rttpg_category":"<a href=\"https:\/\/arantv.az\/?cat=3\" rel=\"category\">Kriminal<\/a>","rttpg_excerpt":"Bu ilin yanvar ay\u0131nda Ab\u015feron rayonu Qobu q\u0259s\u0259b\u0259sind\u0259 ba\u015f vermi\u015f q\u0259tl hadis\u0259si il\u0259 ba\u011fl\u0131 a\u00e7\u0131lm\u0131\u015f cinayt i\u015finin ibtidai istintaq\u0131 yekunla\u015f\u0131b. Qarda\u015f\u0131n\u0131n h\u0259yat yolda\u015f\u0131n\u0131 \u00f6ld\u00fcr\u0259n M\u0259mm\u0259dov Rafiq H\u0259s\u0259novi\u00e7 bar\u0259sind\u0259 Ab\u015feron Rayon Prokurorlu\u011funda Cinay\u0259t M\u0259c\u0259ll\u0259sinin 120.1-ci, y\u0259ni q\u0259sd\u0259n adam \u00f6ld\u00fcrm\u0259 madd\u0259si il\u0259 a\u00e7\u0131lan i\u015fin materiallar\u0131 Bak\u0131 A\u011f\u0131r Cinay\u0259tl\u0259r M\u0259hk\u0259m\u0259sin\u0259 g\u00f6nd\u0259rilib. \u0130\u015f\u0259 hakim \u018fhm\u0259d Quliyevin s\u0259drliyi il\u0259 bax\u0131lacaq.&hellip;","_links":{"self":[{"href":"https:\/\/arantv.az\/index.php?rest_route=\/wp\/v2\/posts\/64947"}],"collection":[{"href":"https:\/\/arantv.az\/index.php?rest_route=\/wp\/v2\/posts"}],"about":[{"href":"https:\/\/arantv.az\/index.php?rest_route=\/wp\/v2\/types\/post"}],"author":[{"embeddable":true,"href":"https:\/\/arantv.az\/index.php?rest_route=\/wp\/v2\/users\/2"}],"replies":[{"embeddable":true,"href":"https:\/\/arantv.az\/index.php?rest_route=%2Fwp%2Fv2%2Fcomments&post=64947"}],"version-history":[{"count":0,"href":"https:\/\/arantv.az\/index.php?rest_route=\/wp\/v2\/posts\/64947\/revisions"}],"wp:featuredmedia":[{"embeddable":true,"href":"https:\/\/arantv.az\/index.php?rest_route=\/wp\/v2\/media\/64948"}],"wp:attachment":[{"href":"https:\/\/arantv.az\/index.php?rest_route=%2Fwp%2Fv2%2Fmedia&parent=64947"}],"wp:term":[{"taxonomy":"category","embeddable":true,"href":"https:\/\/arantv.az\/index.php?rest_route=%2Fwp%2Fv2%2Fcategories&post=64947"},{"taxonomy":"post_tag","embeddable":true,"href":"https:\/\/arantv.az\/index.php?rest_route=%2Fwp%2Fv2%2Ftags&post=64947"}],"curies":[{"name":"wp","href":"https:\/\/api.w.org\/{rel}","templated":true}]}}