{"id":64959,"date":"2019-06-08T11:02:55","date_gmt":"2019-06-08T08:02:55","guid":{"rendered":"http:\/\/arantv.az\/?p=64959"},"modified":"2019-06-08T11:02:55","modified_gmt":"2019-06-08T08:02:55","slug":"deputatlarimiz-yaz-sessiyasinda-n%c9%99l%c9%99ri-muzakir%c9%99-etdi","status":"publish","type":"post","link":"https:\/\/arantv.az\/?p=64959","title":{"rendered":"Deputatlar\u0131m\u0131z yaz sessiyas\u0131nda n\u0259l\u0259ri m\u00fczakir\u0259 etdi?"},"content":{"rendered":"<p>X\u0259b\u0259r verildiyi kimi, Milli M\u0259clisin (MM) 2019-cu il yaz sessiyas\u0131 31 may tarixli son iclas\u0131 il\u0259 \u00f6z i\u015fini yekunla\u015fd\u0131r\u0131b.<\/p>\n<p><em><strong>B\u0259s, yaz sessiyas\u0131 n\u0259l\u0259rl\u0259 yadda qal\u0131b?<\/strong><\/em><\/p>\n<p><strong>ARANTV.AZ\u00a0<\/strong>\u00a0x\u0259b\u0259r verir ki, bu ilin fevral ay\u0131n\u0131n 1-d\u0259 \u00f6z i\u015fin\u0259 start ver\u0259n yaz sessiyas\u0131 boyunca MM-in 12 plenar iclas\u0131 ke\u00e7irilib.<\/p>\n<p>Yaz sessiyas\u0131n\u0131n ilk a\u00e7\u0131l\u0131\u015f iclas\u0131nda 38 qanun layih\u0259si g\u00fcnd\u0259liy\u0259 sal\u0131n\u0131b v\u0259 m\u00fczakir\u0259d\u0259n ke\u00e7irilib.<\/p>\n<p>H\u0259m\u00e7inin, ilk iclasda yaz sessiyas\u0131n\u0131n qanunvericilik i\u015fl\u0259ri plan\u0131 t\u0259sdiql\u0259nib.<\/p>\n<p>Yaz sessiyas\u0131n\u0131n ikinci iclas\u0131 fevral ay\u0131n\u0131n 12-d\u0259 ke\u00e7irilib.<\/p>\n<p>\u0130clasda 32 m\u0259s\u0259l\u0259, o c\u00fcml\u0259d\u0259n, b\u0259l\u0259diyy\u0259l\u0259rin f\u0259aliyy\u0259tin\u0259 inzibati n\u0259zar\u0259ti h\u0259yata ke\u00e7ir\u0259n orqan\u0131n illik m\u0259ruz\u0259si haqq\u0131nda \u018fdliyy\u0259 nazirinin birinci m\u00fcavini, general\u00a0<strong>Vilay\u0259t Zahirov<\/strong>un hesabat\u0131 dinl\u0259nilib, t\u0259sdiql\u0259nib.<\/p>\n<p>Yaz sessiyas\u0131n\u0131n 3-c\u00fc iclas\u0131 fevral\u0131n 19-da ba\u015f tutub v\u0259 iclasda 27 m\u0259s\u0259l\u0259, o c\u00fcml\u0259d\u0259n, \u201c\u00dcmumi t\u0259hsil haqq\u0131nda\u201d yeni qanun layih\u0259si ikinci oxunu\u015fda m\u00fczakir\u0259d\u0259n ke\u00e7iril\u0259r\u0259k, q\u0259bul olunub.<\/p>\n<p>Mart ay\u0131nda yaz sessiyas\u0131n\u0131n n\u00f6vb\u0259ti \u00fc\u00e7\u00a0plenar iclas\u0131 ke\u00e7irilib.<\/p>\n<p>\u0130lk iclas mart\u0131n 5-d\u0259 olub.<\/p>\n<p>\u0130clasda 18 m\u0259s\u0259l\u0259, o c\u00fcml\u0259d\u0259n Az\u0259rbaycan Respublikas\u0131n\u0131n \u0130nsan h\u00fcquqlar\u0131 \u00fczr\u0259 m\u00fcv\u0259kkilinin (ombudsman\u0131n) illik m\u0259ruz\u0259si haqq\u0131nda Ombudsman\u00a0<strong>Elmira S\u00fcleymanova<\/strong>n\u0131n hesabat\u0131 dinl\u0259nilib, t\u0259sdiql\u0259nib.<\/p>\n<p><img src=\"https:\/\/assets.oxu.az\/uploads\/W1siZiIsIjIwMTkvMDYvMDgvMTAvMzgvMzUvYTUwODNkNWEtMzE2Ni00ODc1LTg0NjgtY2YxNjZlOGE5NGYxL21lY2xpcy1veHUtMi5qcGciXSxbInAiLCJlbmNvZGUiLCJqcGciLCItcXVhbGl0eSA4MCJdLFsicCIsInRodW1iIiwiNTkweDU5MFx1MDAzZSJdXQ?sha=ed97d03a326f6525\" alt=\"\" \/><\/p>\n<p>Yaz sessiyas\u0131n\u0131n 5-ci iclas\u0131 mart\u0131n 15-d\u0259 ba\u015f tutub v\u0259 \u0259n\u0259n\u0259vi olaraq, bu iclasda t\u0259k bir m\u0259s\u0259l\u0259-Az\u0259rbaycan Respublikas\u0131 Nazirl\u0259r Kabinetinin 2018-ci ild\u0259 f\u0259aliyy\u0259ti haqq\u0131nda hesabat\u0131 bar\u0259d\u0259 ba\u015f nazir Novruz M\u0259mm\u0259dovun illik m\u0259ruz\u0259si dinl\u0259nilib.<\/p>\n<p>Qeyd ed\u0259k ki, bu, N. M\u0259mm\u0259dovun ba\u015f nazir kimi parlamentd\u0259 ilk hesabat\u0131 olub.<\/p>\n<p>Martda sonuncu &#8211; alt\u0131nc\u0131 iclas ay\u0131n 29-da ke\u00e7irilib.<\/p>\n<p>Mill\u0259t v\u0259kill\u0259ri 25 m\u0259s\u0259l\u0259ni, o c\u00fcml\u0259d\u0259n, \u201cMediasiya haqq\u0131nda\u201d yeni qanun layih\u0259sini m\u00fczakir\u0259 v\u0259 q\u0259bul edibl\u0259r.<\/p>\n<p>Qeyd ed\u0259k ki, \u201cMediasiya haqq\u0131nda\u201d qanun c\u0259mi bir oxunu\u015fda q\u0259bul olunub.<\/p>\n<p>Aprel ay\u0131nda yaz sessiyas\u0131n\u0131n c\u0259mi iki iclas\u0131 ke\u00e7irilib &#8211; ay\u0131n 9-u v\u0259 23-d\u0259.<\/p>\n<p>9 aprel tarixli iclasda mill\u0259t v\u0259kill\u0259ri 19 m\u0259s\u0259l\u0259ni, h\u0259m\u00e7inin, Az\u0259rbaycan Respublikas\u0131 Hesablama Palatas\u0131n\u0131n hesabat\u0131 haqq\u0131nda Hesablama Palatas\u0131n\u0131n s\u0259dri\u00a0<strong>V\u00fcqar G\u00fclm\u0259mm\u0259dov<\/strong>un illik m\u0259ruz\u0259sini dinl\u0259yib, m\u00fczakir\u0259 edib v\u0259 t\u0259sdiql\u0259yibl\u0259r.<\/p>\n<p>23 aprel tarixli iclasda deputatlar 19 m\u0259s\u0259l\u0259ni, o c\u00fcml\u0259d\u0259n, \u0130ctimai Televiziya v\u0259 Radio Yay\u0131mlar\u0131 \u015eirk\u0259ti Yay\u0131m \u015euras\u0131 \u00fczvl\u0259rinin se\u00e7ilm\u0259si haqq\u0131nda m\u0259s\u0259l\u0259ni m\u00fczakir\u0259 edibl\u0259r.<\/p>\n<p>H\u0259min iclasda \u0130TV-nin Yay\u0131m \u015euras\u0131n\u0131n bo\u015f qalan yerl\u0259rin\u0259 \u00fc\u00e7\u00a0yeni \u00fcz se\u00e7ilib.<\/p>\n<p>Yaz sessiyas\u0131n\u0131n son 4 iclas\u0131 is\u0259 may ay\u0131nda ke\u00e7irilib.<\/p>\n<p>May ay\u0131n\u0131n 3-d\u0259 ke\u00e7iril\u0259n plenar iclas\u0131n g\u00fcnd\u0259liyin\u0259 22 m\u0259s\u0259l\u0259 daxil edilib v\u0259 m\u00fczakir\u0259d\u0259n ke\u00e7irilib.<\/p>\n<p>H\u0259min iclasda Az\u0259rbaycan\u0131n \u0130nsan alverin\u0259 qar\u015f\u0131 m\u00fcbariz\u0259 \u00fczr\u0259 Milli Koordinatorunun &#8211; Daxili i\u015fl\u0259r nazirinin birinci m\u00fcavini, general\u00a0<strong>Vilay\u0259t Eyvazov<\/strong>un 2018-ci il \u00fczr\u0259 illik m\u0259lumat\u0131 dinl\u0259nilib v\u0259 t\u0259sdiql\u0259nib.<\/p>\n<p>May\u0131n 17-d\u0259 yaz sessiyas\u0131n\u0131n 10-cu iclas\u0131nda 18 m\u0259s\u0259l\u0259 m\u00fczakir\u0259d\u0259n ke\u00e7irilib.<\/p>\n<p>May\u0131n 30 v\u0259 31-i tarixl\u0259rind\u0259 is\u0259 yaz sessiyas\u0131n\u0131n son iki &#8211; 11 v\u0259 12-ci iclas\u0131 ke\u00e7irilib.<\/p>\n<p>30 may tarixli iclasda 25 m\u0259s\u0259l\u0259, 31 may tarixli iclasda is\u0259 c\u0259mi bir m\u0259s\u0259l\u0259 &#8211; 2018-ci ilin d\u00f6vl\u0259t b\u00fcdc\u0259sinin icras\u0131 haqq\u0131nda qanun layih\u0259si m\u00fczakir\u0259 edilib.<\/p>\n<p>Qeyd ed\u0259k ki, d\u00f6vl\u0259t b\u00fcdc\u0259sinin icras\u0131 il\u0259 ba\u011fl\u0131 qanun layih\u0259sinin m\u00fczakir\u0259sin\u0259 h\u00f6kum\u0259t \u00fczvl\u0259ri d\u0259 qat\u0131l\u0131b v\u0259 qanun layih\u0259si birinci oxunu\u015fdan ke\u00e7irilib.<\/p>\n<p>Qanun layih\u0259sinin ikinci v\u0259 \u00fc\u00e7\u00fcnc\u00fc oxunu\u015flarda m\u00fczakir\u0259si v\u0259 q\u0259bulu is\u0259 parlamentin iyun ay\u0131nda ke\u00e7iril\u0259c\u0259k n\u00f6vb\u0259d\u0259nk\u0259nar sessiyas\u0131n\u0131n plenar iclaslar\u0131nda ba\u015f tutacaq.<\/p>\n<p>Onu da qeyd ed\u0259k ki, yaz sessiyas\u0131nda \u201c\u00dcmumi t\u0259hsil haqq\u0131nda\u201d qanun layih\u0259si \u00fc\u00e7\u00fcnc\u00fc oxunu\u015fda v\u0259 b\u00fct\u00f6vl\u00fckd\u0259 q\u0259bul edilib.<\/p>\n<p>H\u0259m\u00e7inin, \u00f6lk\u0259 prezidenti t\u0259r\u0259find\u0259n imzalanaraq, h\u00fcquqi q\u00fcvv\u0259y\u0259 minib.<\/p>\n<p><img src=\"https:\/\/assets.oxu.az\/uploads\/W1siZiIsIjIwMTkvMDYvMDgvMTAvMzgvNTcvN2VlODAwOTQtY2I4OS00YjY2LTllMmEtMzg5OTBlZmYyZjkyL21lY2xpcyBvbnVuIG1lY2xpc2kuanBnIl0sWyJwIiwiZW5jb2RlIiwianBnIiwiLXF1YWxpdHkgODAiXSxbInAiLCJ0aHVtYiIsIjU5MHg1OTBcdTAwM2UiXV0?sha=fcb39df373139e73\" alt=\"\" \/><\/p>\n<p>Bununla yana\u015f\u0131, yaz sessiyas\u0131nda iki yeni qanun layih\u0259si \u201cStandartla\u015fd\u0131rma\u201d v\u0259 \u201cTexniki t\u0259nziml\u0259m\u0259\u201d haqq\u0131nda qanun layih\u0259l\u0259ri h\u0259r \u00fc\u00e7 oxunu\u015fda v\u0259 b\u00fct\u00f6vl\u00fckd\u0259 q\u0259bul edilib.<\/p>\n<p>Eyni zamanda, yaz sessiyas\u0131nda \u201cAli t\u0259hsil haqq\u0131nda\u201d yeni qanun layih\u0259sinin haz\u0131rlanmas\u0131 v\u0259 2019-cu ilin pay\u0131z sessiyas\u0131nda ilkin m\u00fczakir\u0259l\u0259r\u0259 \u00e7\u0131xar\u0131lmas\u0131 q\u0259rara al\u0131n\u0131b.<\/p>\n<p>Yaz sessiyas\u0131nda Vergi, Cinay\u0259t, Cinay\u0259t-Prosessual, \u0130nzibati X\u0259talar, \u018fm\u0259k, Ail\u0259, Miqrasiya, Torpaq, Me\u015f\u0259, Su M\u0259c\u0259ll\u0259sin\u0259 v\u0259 M\u00fclki M\u0259c\u0259ll\u0259y\u0259, o c\u00fcml\u0259d\u0259n, \u201cD\u00f6vl\u0259t r\u00fcsumu haqq\u0131nda\u201d, \u201cT\u0259hsil haqq\u0131nda\u201d v\u0259 dig\u0259r qanunlara vacib v\u0259 \u0259h\u0259miyy\u0259tli d\u0259yi\u015fiklikl\u0259r edilib.<\/p>\n<p>Yaz sessiyas\u0131nda h\u0259m\u00e7inin \u201cAqrar s\u0131\u011forta haqq\u0131nda\u201d yeni qanun layih\u0259si m\u00fczakir\u0259y\u0259 \u00e7\u0131xar\u0131l\u0131b v\u0259 birinci oxunu\u015fda q\u0259bul edilib.<\/p>\n<p>\u00dc\u00e7 d\u00f6vl\u0259t qurumu &#8211; K\u0259nd T\u0259s\u0259rr\u00fcfat\u0131 Nazirliyi, Maliyy\u0259 Nazirliyi v\u0259 Maliyy\u0259 Bazarlar\u0131na N\u0259zar\u0259t Palatas\u0131\u00a0 t\u0259r\u0259find\u0259n\u00a0birg\u0259 haz\u0131rlanan qanun layih\u0259si bug\u00fcnl\u0259rd\u0259 parlamentin m\u00fcvafiq komit\u0259l\u0259rinin ikinci oxunu\u015funun m\u00fczakir\u0259l\u0259rind\u0259n ke\u00e7iril\u0259r\u0259k, n\u00f6vb\u0259d\u0259nk\u0259nar sessiyan\u0131n\u00a0plenar iclas\u0131na t\u00f6vsiy\u0259 olunub.<\/p>\n<p>Yaz sessiyas\u0131nda m\u00fczakir\u0259si g\u00f6zl\u0259nil\u0259n \u201cTurizm haqq\u0131nda\u201d, \u201cA\u015f\u0131q s\u0259n\u0259ti haqq\u0131nda\u201d v\u0259 \u201cMu\u011fam s\u0259n\u0259tinin qorunub, saxlan\u0131lmas\u0131 v\u0259 inki\u015faf etdirilm\u0259si haqq\u0131nda\u201d, \u201cOptika v\u0259 optika\u00e7\u0131l\u0131q haqq\u0131nda\u201d yeni qanun layih\u0259l\u0259ri is\u0259 yenid\u0259n t\u0259xir\u0259 sal\u0131n\u0131b.<\/p>\n<p>Eyni zamanda, \u201cBanklar haqq\u0131nda\u201d qanuna edilm\u0259si g\u00f6zl\u0259nil\u0259n d\u0259yi\u015fiklikl\u0259r layih\u0259si iki d\u0259f\u0259 yaz sessiyas\u0131n\u0131n plenar iclaslar\u0131n\u0131n g\u00fcnd\u0259liyin\u0259 sal\u0131nsa da, son anda g\u00fcnd\u0259likd\u0259n \u00e7\u0131xar\u0131l\u0131blar.<\/p>\n<p>Bel\u0259 ki, Hesablama Palatas\u0131na N\u0259zar\u0259t Palatas\u0131 t\u0259r\u0259find\u0259n qanuna t\u0259klif edil\u0259n v\u0259 \u0259lav\u0259 s\u0259lahiyy\u0259tl\u0259ri (bank fazl\u0259rinin h\u0259ddinin m\u00fc\u0259yy\u0259nl\u0259\u015fdirilm\u0259si) n\u0259z\u0259rd\u0259 tutan qanun layih\u0259si M\u0259rk\u0259zi Bank\u0131n etirazlar\u0131 s\u0259b\u0259bind\u0259n m\u00fczakir\u0259l\u0259rd\u0259n \u00e7\u0131xar\u0131l\u0131b.<\/p>\n<p>Yaz sessiyas\u0131nda daha bir yeni qanun layih\u0259si ilkin variantda m\u00fczakir\u0259l\u0259rd\u0259n ke\u00e7irilib.<\/p>\n<p>Bel\u0259 ki, MM-in H\u00fcquq siyas\u0259ti v\u0259 d\u00f6vl\u0259t quruculu\u011fu komit\u0259sinin may\u0131n 23-d\u0259 ke\u00e7iril\u0259n iclas\u0131nda \u201cAz\u0259rbaycan Respublikas\u0131 v\u0259t\u0259nda\u015flar\u0131n\u0131n qanunvericilik t\u0259\u015f\u0259bb\u00fcs\u00fc h\u00fcququndan istifad\u0259 etm\u0259si qaydas\u0131 haqq\u0131nda\u201d qanun layih\u0259si m\u00fczakir\u0259 olunub v\u0259 onun t\u0259kmill\u0259\u015fdiril\u0259r\u0259k, ictimai m\u00fczakir\u0259l\u0259r\u0259, sonda is\u0259 plenar iclaslara t\u00f6vsiy\u0259 olunmas\u0131 q\u0259rara al\u0131n\u0131b.oxu.az<\/p>\n","protected":false},"excerpt":{"rendered":"<p>X\u0259b\u0259r verildiyi kimi, Milli M\u0259clisin (MM) 2019-cu il yaz sessiyas\u0131 31 may tarixli son iclas\u0131 il\u0259 \u00f6z i\u015fini yekunla\u015fd\u0131r\u0131b. B\u0259s, yaz sessiyas\u0131 n\u0259l\u0259rl\u0259 yadda qal\u0131b? ARANTV.AZ\u00a0\u00a0x\u0259b\u0259r verir ki, bu ilin fevral ay\u0131n\u0131n 1-d\u0259 \u00f6z i\u015fin\u0259 start ver\u0259n yaz sessiyas\u0131 boyunca MM-in 12 plenar iclas\u0131 ke\u00e7irilib. Yaz sessiyas\u0131n\u0131n ilk a\u00e7\u0131l\u0131\u015f iclas\u0131nda 38 qanun layih\u0259si g\u00fcnd\u0259liy\u0259 sal\u0131n\u0131b v\u0259 m\u00fczakir\u0259d\u0259n ke\u00e7irilib. H\u0259m\u00e7inin, ilk iclasda yaz sessiyas\u0131n\u0131n qanunvericilik i\u015fl\u0259ri plan\u0131 t\u0259sdiql\u0259nib. Yaz sessiyas\u0131n\u0131n ikinci iclas\u0131 fevral ay\u0131n\u0131n 12-d\u0259 ke\u00e7irilib. \u0130clasda 32 m\u0259s\u0259l\u0259, o c\u00fcml\u0259d\u0259n, b\u0259l\u0259diyy\u0259l\u0259rin f\u0259aliyy\u0259tin\u0259 inzibati n\u0259zar\u0259ti h\u0259yata ke\u00e7ir\u0259n orqan\u0131n illik m\u0259ruz\u0259si haqq\u0131nda&hellip;<\/p>\n","protected":false},"author":2,"featured_media":64960,"comment_status":"closed","ping_status":"closed","sticky":false,"template":"","format":"standard","meta":{"om_disable_all_campaigns":false,"_monsterinsights_skip_tracking":false,"_monsterinsights_sitenote_active":false,"_monsterinsights_sitenote_note":"","_monsterinsights_sitenote_category":0},"categories":[4],"tags":[],"aioseo_notices":[],"gutentor_comment":0,"rttpg_featured_image_url":{"full":["https:\/\/arantv.az\/wp-content\/uploads\/2019\/06\/millimeclis1_475.jpg",620,412,false],"landscape":["https:\/\/arantv.az\/wp-content\/uploads\/2019\/06\/millimeclis1_475.jpg",620,412,false],"portraits":["https:\/\/arantv.az\/wp-content\/uploads\/2019\/06\/millimeclis1_475.jpg",620,412,false],"thumbnail":["https:\/\/arantv.az\/wp-content\/uploads\/2019\/06\/millimeclis1_475-150x150.jpg",150,150,true],"medium":["https:\/\/arantv.az\/wp-content\/uploads\/2019\/06\/millimeclis1_475-300x199.jpg",300,199,true],"large":["https:\/\/arantv.az\/wp-content\/uploads\/2019\/06\/millimeclis1_475.jpg",620,412,false],"1536x1536":["https:\/\/arantv.az\/wp-content\/uploads\/2019\/06\/millimeclis1_475.jpg",620,412,false],"2048x2048":["https:\/\/arantv.az\/wp-content\/uploads\/2019\/06\/millimeclis1_475.jpg",620,412,false],"post-thumbnail":["https:\/\/arantv.az\/wp-content\/uploads\/2019\/06\/millimeclis1_475-240x172.jpg",240,172,true],"advps-thumb-one":["https:\/\/arantv.az\/wp-content\/uploads\/2019\/06\/millimeclis1_475.jpg",620,412,false]},"rttpg_author":{"display_name":"V\u00fcsal Rafiqo\u011flu","author_link":"https:\/\/arantv.az\/?author=2"},"rttpg_comment":0,"rttpg_category":"<a href=\"https:\/\/arantv.az\/?cat=4\" rel=\"category\">Siyas\u0259t<\/a>","rttpg_excerpt":"X\u0259b\u0259r verildiyi kimi, Milli M\u0259clisin (MM) 2019-cu il yaz sessiyas\u0131 31 may tarixli son iclas\u0131 il\u0259 \u00f6z i\u015fini yekunla\u015fd\u0131r\u0131b. B\u0259s, yaz sessiyas\u0131 n\u0259l\u0259rl\u0259 yadda qal\u0131b? ARANTV.AZ\u00a0\u00a0x\u0259b\u0259r verir ki, bu ilin fevral ay\u0131n\u0131n 1-d\u0259 \u00f6z i\u015fin\u0259 start ver\u0259n yaz sessiyas\u0131 boyunca MM-in 12 plenar iclas\u0131 ke\u00e7irilib. Yaz sessiyas\u0131n\u0131n ilk a\u00e7\u0131l\u0131\u015f iclas\u0131nda 38 qanun layih\u0259si g\u00fcnd\u0259liy\u0259 sal\u0131n\u0131b&hellip;","_links":{"self":[{"href":"https:\/\/arantv.az\/index.php?rest_route=\/wp\/v2\/posts\/64959"}],"collection":[{"href":"https:\/\/arantv.az\/index.php?rest_route=\/wp\/v2\/posts"}],"about":[{"href":"https:\/\/arantv.az\/index.php?rest_route=\/wp\/v2\/types\/post"}],"author":[{"embeddable":true,"href":"https:\/\/arantv.az\/index.php?rest_route=\/wp\/v2\/users\/2"}],"replies":[{"embeddable":true,"href":"https:\/\/arantv.az\/index.php?rest_route=%2Fwp%2Fv2%2Fcomments&post=64959"}],"version-history":[{"count":0,"href":"https:\/\/arantv.az\/index.php?rest_route=\/wp\/v2\/posts\/64959\/revisions"}],"wp:featuredmedia":[{"embeddable":true,"href":"https:\/\/arantv.az\/index.php?rest_route=\/wp\/v2\/media\/64960"}],"wp:attachment":[{"href":"https:\/\/arantv.az\/index.php?rest_route=%2Fwp%2Fv2%2Fmedia&parent=64959"}],"wp:term":[{"taxonomy":"category","embeddable":true,"href":"https:\/\/arantv.az\/index.php?rest_route=%2Fwp%2Fv2%2Fcategories&post=64959"},{"taxonomy":"post_tag","embeddable":true,"href":"https:\/\/arantv.az\/index.php?rest_route=%2Fwp%2Fv2%2Ftags&post=64959"}],"curies":[{"name":"wp","href":"https:\/\/api.w.org\/{rel}","templated":true}]}}