{"id":649719,"date":"2023-10-26T17:07:56","date_gmt":"2023-10-26T13:07:56","guid":{"rendered":"https:\/\/arantv.az\/?p=649719"},"modified":"2023-10-26T17:07:56","modified_gmt":"2023-10-26T13:07:56","slug":"%c9%99li-%c9%99s%c9%99dov-tbilisid%c9%99ki-konfransda-nikol-pasinyana-cavab-verib","status":"publish","type":"post","link":"https:\/\/arantv.az\/?p=649719","title":{"rendered":"\u018fli \u018fs\u0259dov Tbilisid\u0259ki konfransda Nikol Pa\u015finyana cavab verib"},"content":{"rendered":"<p>\u201cAz\u0259rbaycan\u0131n bir qon\u015fusundan ba\u015fqa dig\u0259rl\u0259ri il\u0259 \u00e7ox g\u00f6z\u0259l iqtisadi v\u0259 ticar\u0259t \u0259laq\u0259l\u0259ri var. Nikol Pa\u015finyana dem\u0259k ist\u0259yir\u0259m ki, Az\u0259rbaycan \u0130kinci Qaraba\u011f m\u00fcharib\u0259sind\u0259n d\u0259rhal sonra s\u00fclh m\u00fcqavil\u0259sinin imzalanmas\u0131 haqda \u00f6z m\u00f6vqeyini bildirmi\u015fdi\u201d.<\/p>\n<p>\u201cReport\u201dun yerli b\u00fcrosu x\u0259b\u0259r verir ki, bunu Az\u0259rbaycan\u0131n Ba\u015f naziri \u018fli \u018fs\u0259dov oktyabr\u0131n 26-da Tbilisid\u0259 ke\u00e7iril\u0259n 4-c\u00fc Beyn\u0259lxalq \u0130p\u0259k Yolu Forumunda bildirib.<\/p>\n<p>\u201cAz\u0259rbaycan 2020-ci il 10 noyabr tarixind\u0259 imzalanan b\u0259yanata \u0259sas\u0259n, kommunikasiyalar\u0131n a\u00e7\u0131lmas\u0131 istiqam\u0259tind\u0259 uzun m\u00fcdd\u0259t \u00e7al\u0131\u015f\u0131b v\u0259 \u00f6z m\u00f6vqeyini bildirib. Biz kommunikasiyalar\u0131n a\u00e7\u0131lmas\u0131n\u0131 ist\u0259yirik, amma bu t\u0259k bizd\u0259n as\u0131l\u0131 deyil. Qar\u015f\u0131 t\u0259r\u0259f ist\u0259y\u0259n halda biz buna haz\u0131r\u0131q. Dig\u0259r hallarda bizim kifay\u0259t q\u0259d\u0259r imkanlar\u0131m\u0131z var\u201d, &#8211; Az\u0259rbaycan\u0131n ba\u015f naziri qeyd edib.<\/p>\n","protected":false},"excerpt":{"rendered":"<p>\u201cAz\u0259rbaycan\u0131n bir qon\u015fusundan ba\u015fqa dig\u0259rl\u0259ri il\u0259 \u00e7ox g\u00f6z\u0259l iqtisadi v\u0259 ticar\u0259t \u0259laq\u0259l\u0259ri var. Nikol Pa\u015finyana dem\u0259k ist\u0259yir\u0259m ki, Az\u0259rbaycan \u0130kinci Qaraba\u011f m\u00fcharib\u0259sind\u0259n d\u0259rhal sonra s\u00fclh m\u00fcqavil\u0259sinin imzalanmas\u0131 haqda \u00f6z m\u00f6vqeyini bildirmi\u015fdi\u201d. \u201cReport\u201dun yerli b\u00fcrosu x\u0259b\u0259r verir ki, bunu Az\u0259rbaycan\u0131n Ba\u015f naziri \u018fli \u018fs\u0259dov oktyabr\u0131n 26-da Tbilisid\u0259 ke\u00e7iril\u0259n 4-c\u00fc Beyn\u0259lxalq \u0130p\u0259k Yolu Forumunda bildirib. \u201cAz\u0259rbaycan 2020-ci il 10 noyabr tarixind\u0259 imzalanan b\u0259yanata \u0259sas\u0259n, kommunikasiyalar\u0131n a\u00e7\u0131lmas\u0131 istiqam\u0259tind\u0259 uzun m\u00fcdd\u0259t \u00e7al\u0131\u015f\u0131b v\u0259 \u00f6z m\u00f6vqeyini bildirib. Biz kommunikasiyalar\u0131n a\u00e7\u0131lmas\u0131n\u0131 ist\u0259yirik, amma bu t\u0259k bizd\u0259n as\u0131l\u0131 deyil. Qar\u015f\u0131 t\u0259r\u0259f ist\u0259y\u0259n halda biz buna haz\u0131r\u0131q. Dig\u0259r&hellip;<\/p>\n","protected":false},"author":2,"featured_media":649721,"comment_status":"closed","ping_status":"closed","sticky":false,"template":"","format":"standard","meta":{"om_disable_all_campaigns":false,"_monsterinsights_skip_tracking":false,"_monsterinsights_sitenote_active":false,"_monsterinsights_sitenote_note":"","_monsterinsights_sitenote_category":0},"categories":[4],"tags":[],"aioseo_notices":[],"gutentor_comment":0,"rttpg_featured_image_url":{"full":["https:\/\/arantv.az\/wp-content\/uploads\/2023\/10\/WhatsApp-Image-2023-10-26-at-13.26.18.jpg",620,413,false],"landscape":["https:\/\/arantv.az\/wp-content\/uploads\/2023\/10\/WhatsApp-Image-2023-10-26-at-13.26.18.jpg",620,413,false],"portraits":["https:\/\/arantv.az\/wp-content\/uploads\/2023\/10\/WhatsApp-Image-2023-10-26-at-13.26.18.jpg",620,413,false],"thumbnail":["https:\/\/arantv.az\/wp-content\/uploads\/2023\/10\/WhatsApp-Image-2023-10-26-at-13.26.18-500x280.jpg",500,280,true],"medium":["https:\/\/arantv.az\/wp-content\/uploads\/2023\/10\/WhatsApp-Image-2023-10-26-at-13.26.18-548x365.jpg",548,365,true],"large":["https:\/\/arantv.az\/wp-content\/uploads\/2023\/10\/WhatsApp-Image-2023-10-26-at-13.26.18.jpg",620,413,false],"1536x1536":["https:\/\/arantv.az\/wp-content\/uploads\/2023\/10\/WhatsApp-Image-2023-10-26-at-13.26.18.jpg",620,413,false],"2048x2048":["https:\/\/arantv.az\/wp-content\/uploads\/2023\/10\/WhatsApp-Image-2023-10-26-at-13.26.18.jpg",620,413,false],"post-thumbnail":["https:\/\/arantv.az\/wp-content\/uploads\/2023\/10\/WhatsApp-Image-2023-10-26-at-13.26.18-240x172.jpg",240,172,true],"advps-thumb-one":["https:\/\/arantv.az\/wp-content\/uploads\/2023\/10\/WhatsApp-Image-2023-10-26-at-13.26.18.jpg",620,413,false]},"rttpg_author":{"display_name":"V\u00fcsal Rafiqo\u011flu","author_link":"https:\/\/arantv.az\/?author=2"},"rttpg_comment":0,"rttpg_category":"<a href=\"https:\/\/arantv.az\/?cat=4\" rel=\"category\">Siyas\u0259t<\/a>","rttpg_excerpt":"\u201cAz\u0259rbaycan\u0131n bir qon\u015fusundan ba\u015fqa dig\u0259rl\u0259ri il\u0259 \u00e7ox g\u00f6z\u0259l iqtisadi v\u0259 ticar\u0259t \u0259laq\u0259l\u0259ri var. Nikol Pa\u015finyana dem\u0259k ist\u0259yir\u0259m ki, Az\u0259rbaycan \u0130kinci Qaraba\u011f m\u00fcharib\u0259sind\u0259n d\u0259rhal sonra s\u00fclh m\u00fcqavil\u0259sinin imzalanmas\u0131 haqda \u00f6z m\u00f6vqeyini bildirmi\u015fdi\u201d. \u201cReport\u201dun yerli b\u00fcrosu x\u0259b\u0259r verir ki, bunu Az\u0259rbaycan\u0131n Ba\u015f naziri \u018fli \u018fs\u0259dov oktyabr\u0131n 26-da Tbilisid\u0259 ke\u00e7iril\u0259n 4-c\u00fc Beyn\u0259lxalq \u0130p\u0259k Yolu Forumunda bildirib. \u201cAz\u0259rbaycan 2020-ci&hellip;","_links":{"self":[{"href":"https:\/\/arantv.az\/index.php?rest_route=\/wp\/v2\/posts\/649719"}],"collection":[{"href":"https:\/\/arantv.az\/index.php?rest_route=\/wp\/v2\/posts"}],"about":[{"href":"https:\/\/arantv.az\/index.php?rest_route=\/wp\/v2\/types\/post"}],"author":[{"embeddable":true,"href":"https:\/\/arantv.az\/index.php?rest_route=\/wp\/v2\/users\/2"}],"replies":[{"embeddable":true,"href":"https:\/\/arantv.az\/index.php?rest_route=%2Fwp%2Fv2%2Fcomments&post=649719"}],"version-history":[{"count":0,"href":"https:\/\/arantv.az\/index.php?rest_route=\/wp\/v2\/posts\/649719\/revisions"}],"wp:featuredmedia":[{"embeddable":true,"href":"https:\/\/arantv.az\/index.php?rest_route=\/wp\/v2\/media\/649721"}],"wp:attachment":[{"href":"https:\/\/arantv.az\/index.php?rest_route=%2Fwp%2Fv2%2Fmedia&parent=649719"}],"wp:term":[{"taxonomy":"category","embeddable":true,"href":"https:\/\/arantv.az\/index.php?rest_route=%2Fwp%2Fv2%2Fcategories&post=649719"},{"taxonomy":"post_tag","embeddable":true,"href":"https:\/\/arantv.az\/index.php?rest_route=%2Fwp%2Fv2%2Ftags&post=649719"}],"curies":[{"name":"wp","href":"https:\/\/api.w.org\/{rel}","templated":true}]}}