{"id":649728,"date":"2023-10-26T17:09:37","date_gmt":"2023-10-26T13:09:37","guid":{"rendered":"https:\/\/arantv.az\/?p=649728"},"modified":"2023-10-26T17:09:37","modified_gmt":"2023-10-26T13:09:37","slug":"pasinyan-bir-nec%c9%99-aya-ir%c9%99vanla-baki-arasinda-sulh-sazisi-imzalana-bil%c9%99r","status":"publish","type":"post","link":"https:\/\/arantv.az\/?p=649728","title":{"rendered":"Pa\u015finyan: \u201cBir ne\u00e7\u0259 aya \u0130r\u0259vanla Bak\u0131 aras\u0131nda s\u00fclh sazi\u015fi imzalana bil\u0259r\u201d"},"content":{"rendered":"<p>\u201cBir ne\u00e7\u0259 aya \u0130r\u0259vanla Bak\u0131 aras\u0131nda s\u00fclh sazi\u015fi imzalana bil\u0259r\u201d.<\/p>\n<p>Bunu Erm\u0259nistan\u0131n ba\u015f naziri Nikol Pa\u015finyan Tbilisi Beyn\u0259lxalq \u0130p\u0259k Yolu Forumunun a\u00e7\u0131l\u0131\u015f m\u0259rasimind\u0259 deyib.<\/p>\n<p>\u201cHaz\u0131rda s\u0259n\u0259d \u00fcz\u0259rind\u0259 aktiv i\u015f gedir\u201d, &#8211;\u00a0dey\u0259 N.Pa\u015finyan qeyd edib.<\/p>\n<p>O bildirib ki, tezlikl\u0259 Erm\u0259nistanla T\u00fcrkiy\u0259 aras\u0131nda s\u0259rh\u0259dl\u0259rin a\u00e7\u0131lmas\u0131nda m\u00fcsb\u0259t ir\u0259lil\u0259yi\u015fl\u0259r ola bil\u0259r.<\/p>\n<p>N.Pa\u015finyan Erm\u0259nistan\u0131n regionda b\u00fct\u00fcn n\u0259qliyyat v\u0259 kommunikasiyalar\u0131n a\u00e7\u0131lmas\u0131nda maraql\u0131 oldu\u011funu b\u0259yan edib.<\/p>\n<p>\u201cC\u0259nubi Qafqazda g\u0259l\u0259c\u0259k n\u0259qliyyat kommunikasiyalar\u0131n\u0131n t\u0259hl\u00fck\u0259sizliyini t\u0259min etm\u0259k \u00fc\u00e7\u00fcn Erm\u0259nistan\u0131n h\u00fcquq-m\u00fchafiz\u0259 orqanlar\u0131nda b\u00f6lm\u0259 d\u0259 yarad\u0131l\u0131r\u201d, &#8211;\u00a0dey\u0259 N.Pa\u015finyan \u0259lav\u0259 edib.<\/p>\n<p>M\u0259nb\u0259: Sputnik Erm\u0259nistan<\/p>\n","protected":false},"excerpt":{"rendered":"<p>\u201cBir ne\u00e7\u0259 aya \u0130r\u0259vanla Bak\u0131 aras\u0131nda s\u00fclh sazi\u015fi imzalana bil\u0259r\u201d. Bunu Erm\u0259nistan\u0131n ba\u015f naziri Nikol Pa\u015finyan Tbilisi Beyn\u0259lxalq \u0130p\u0259k Yolu Forumunun a\u00e7\u0131l\u0131\u015f m\u0259rasimind\u0259 deyib. \u201cHaz\u0131rda s\u0259n\u0259d \u00fcz\u0259rind\u0259 aktiv i\u015f gedir\u201d, &#8211;\u00a0dey\u0259 N.Pa\u015finyan qeyd edib. O bildirib ki, tezlikl\u0259 Erm\u0259nistanla T\u00fcrkiy\u0259 aras\u0131nda s\u0259rh\u0259dl\u0259rin a\u00e7\u0131lmas\u0131nda m\u00fcsb\u0259t ir\u0259lil\u0259yi\u015fl\u0259r ola bil\u0259r. N.Pa\u015finyan Erm\u0259nistan\u0131n regionda b\u00fct\u00fcn n\u0259qliyyat v\u0259 kommunikasiyalar\u0131n a\u00e7\u0131lmas\u0131nda maraql\u0131 oldu\u011funu b\u0259yan edib. \u201cC\u0259nubi Qafqazda g\u0259l\u0259c\u0259k n\u0259qliyyat kommunikasiyalar\u0131n\u0131n t\u0259hl\u00fck\u0259sizliyini t\u0259min etm\u0259k \u00fc\u00e7\u00fcn Erm\u0259nistan\u0131n h\u00fcquq-m\u00fchafiz\u0259 orqanlar\u0131nda b\u00f6lm\u0259 d\u0259 yarad\u0131l\u0131r\u201d, &#8211;\u00a0dey\u0259 N.Pa\u015finyan \u0259lav\u0259 edib. M\u0259nb\u0259: Sputnik Erm\u0259nistan<\/p>\n","protected":false},"author":2,"featured_media":649731,"comment_status":"closed","ping_status":"closed","sticky":false,"template":"","format":"standard","meta":{"om_disable_all_campaigns":false,"_monsterinsights_skip_tracking":false,"_monsterinsights_sitenote_active":false,"_monsterinsights_sitenote_note":"","_monsterinsights_sitenote_category":0},"categories":[7],"tags":[],"aioseo_notices":[],"gutentor_comment":0,"rttpg_featured_image_url":{"full":["https:\/\/arantv.az\/wp-content\/uploads\/2023\/10\/FotoJet-2023-10-26T122654.226.jpg",620,413,false],"landscape":["https:\/\/arantv.az\/wp-content\/uploads\/2023\/10\/FotoJet-2023-10-26T122654.226.jpg",620,413,false],"portraits":["https:\/\/arantv.az\/wp-content\/uploads\/2023\/10\/FotoJet-2023-10-26T122654.226.jpg",620,413,false],"thumbnail":["https:\/\/arantv.az\/wp-content\/uploads\/2023\/10\/FotoJet-2023-10-26T122654.226-500x280.jpg",500,280,true],"medium":["https:\/\/arantv.az\/wp-content\/uploads\/2023\/10\/FotoJet-2023-10-26T122654.226-548x365.jpg",548,365,true],"large":["https:\/\/arantv.az\/wp-content\/uploads\/2023\/10\/FotoJet-2023-10-26T122654.226.jpg",620,413,false],"1536x1536":["https:\/\/arantv.az\/wp-content\/uploads\/2023\/10\/FotoJet-2023-10-26T122654.226.jpg",620,413,false],"2048x2048":["https:\/\/arantv.az\/wp-content\/uploads\/2023\/10\/FotoJet-2023-10-26T122654.226.jpg",620,413,false],"post-thumbnail":["https:\/\/arantv.az\/wp-content\/uploads\/2023\/10\/FotoJet-2023-10-26T122654.226-240x172.jpg",240,172,true],"advps-thumb-one":["https:\/\/arantv.az\/wp-content\/uploads\/2023\/10\/FotoJet-2023-10-26T122654.226.jpg",620,413,false]},"rttpg_author":{"display_name":"V\u00fcsal Rafiqo\u011flu","author_link":"https:\/\/arantv.az\/?author=2"},"rttpg_comment":0,"rttpg_category":"<a href=\"https:\/\/arantv.az\/?cat=7\" rel=\"category\">D\u00fcnya<\/a>","rttpg_excerpt":"\u201cBir ne\u00e7\u0259 aya \u0130r\u0259vanla Bak\u0131 aras\u0131nda s\u00fclh sazi\u015fi imzalana bil\u0259r\u201d. Bunu Erm\u0259nistan\u0131n ba\u015f naziri Nikol Pa\u015finyan Tbilisi Beyn\u0259lxalq \u0130p\u0259k Yolu Forumunun a\u00e7\u0131l\u0131\u015f m\u0259rasimind\u0259 deyib. \u201cHaz\u0131rda s\u0259n\u0259d \u00fcz\u0259rind\u0259 aktiv i\u015f gedir\u201d, &#8211;\u00a0dey\u0259 N.Pa\u015finyan qeyd edib. O bildirib ki, tezlikl\u0259 Erm\u0259nistanla T\u00fcrkiy\u0259 aras\u0131nda s\u0259rh\u0259dl\u0259rin a\u00e7\u0131lmas\u0131nda m\u00fcsb\u0259t ir\u0259lil\u0259yi\u015fl\u0259r ola bil\u0259r. N.Pa\u015finyan Erm\u0259nistan\u0131n regionda b\u00fct\u00fcn n\u0259qliyyat v\u0259 kommunikasiyalar\u0131n a\u00e7\u0131lmas\u0131nda&hellip;","_links":{"self":[{"href":"https:\/\/arantv.az\/index.php?rest_route=\/wp\/v2\/posts\/649728"}],"collection":[{"href":"https:\/\/arantv.az\/index.php?rest_route=\/wp\/v2\/posts"}],"about":[{"href":"https:\/\/arantv.az\/index.php?rest_route=\/wp\/v2\/types\/post"}],"author":[{"embeddable":true,"href":"https:\/\/arantv.az\/index.php?rest_route=\/wp\/v2\/users\/2"}],"replies":[{"embeddable":true,"href":"https:\/\/arantv.az\/index.php?rest_route=%2Fwp%2Fv2%2Fcomments&post=649728"}],"version-history":[{"count":0,"href":"https:\/\/arantv.az\/index.php?rest_route=\/wp\/v2\/posts\/649728\/revisions"}],"wp:featuredmedia":[{"embeddable":true,"href":"https:\/\/arantv.az\/index.php?rest_route=\/wp\/v2\/media\/649731"}],"wp:attachment":[{"href":"https:\/\/arantv.az\/index.php?rest_route=%2Fwp%2Fv2%2Fmedia&parent=649728"}],"wp:term":[{"taxonomy":"category","embeddable":true,"href":"https:\/\/arantv.az\/index.php?rest_route=%2Fwp%2Fv2%2Fcategories&post=649728"},{"taxonomy":"post_tag","embeddable":true,"href":"https:\/\/arantv.az\/index.php?rest_route=%2Fwp%2Fv2%2Ftags&post=649728"}],"curies":[{"name":"wp","href":"https:\/\/api.w.org\/{rel}","templated":true}]}}