{"id":649732,"date":"2023-10-26T17:10:06","date_gmt":"2023-10-26T13:10:06","guid":{"rendered":"https:\/\/arantv.az\/?p=649732"},"modified":"2023-10-26T17:10:06","modified_gmt":"2023-10-26T13:10:06","slug":"irakli-qaribasvili-az%c9%99rbaycan-v%c9%99-erm%c9%99nistan-arasinda-sulh-sazisi-regionun-inkisafina-boyuk-tohf%c9%99-ver%c9%99c%c9%99k","status":"publish","type":"post","link":"https:\/\/arantv.az\/?p=649732","title":{"rendered":"\u0130rakli Qariba\u015fvili: \u201cAz\u0259rbaycan v\u0259 Erm\u0259nistan aras\u0131nda s\u00fclh sazi\u015fi regionun inki\u015faf\u0131na b\u00f6y\u00fck t\u00f6hf\u0259 ver\u0259c\u0259k\u201d"},"content":{"rendered":"<p>\u201cAz\u0259rbaycan v\u0259 Erm\u0259nistan aras\u0131nda s\u00fclh sazi\u015finin imzalanmas\u0131 regionun inki\u015faf\u0131na b\u00f6y\u00fck t\u00f6hf\u0259 ver\u0259c\u0259k\u201d.<\/p>\n<p>\u201cReport\u201dun yerli b\u00fcrosu x\u0259b\u0259r verir ki, bunu G\u00fcrc\u00fcstan\u0131n Ba\u015f naziri \u0130rakli Qariba\u015fvili Tbilisid\u0259 ke\u00e7iril\u0259n IV Beyn\u0259lxalq \u0130p\u0259k Yolu Forumunda deyib.<\/p>\n<p>\u201cBizim enerji potensial\u0131m\u0131z regionumuza b\u00f6y\u00fck t\u00f6hf\u0259 ola bil\u0259r. G\u00fcrc\u00fcstan\u0131n Anakliya \u015f\u0259h\u0259rind\u0259 yeni liman\u0131n tikilm\u0259si inki\u015faf\u0131m\u0131z\u0131n bariz n\u00fcmun\u0259sidir. 1 milyon ton d\u00f6vriyy\u0259si olacaq bu liman vasit\u0259sil\u0259 Q\u0259rbl\u0259 \u015e\u0259rq aras\u0131nda bir \u00e7ox beyn\u0259lxalq layih\u0259l\u0259rin d\u0259st\u0259k\u00e7isi ola bil\u0259rik\u201d, &#8211; Ba\u015f nazir qeyd edib.<\/p>\n<p>O \u0259lav\u0259 edib ki, G\u00fcrc\u00fcstanda alternativ enerji sah\u0259sind\u0259 d\u0259 m\u00fch\u00fcm i\u015fl\u0259r g\u00f6r\u00fcl\u00fcr:<\/p>\n<p>\u201cAz\u0259rbaycan\u0131n elektrik enerjisi Qara d\u0259nizin dibi il\u0259 Avropaya g\u00f6nd\u0259ril\u0259c\u0259k\u201d.<\/p>\n<p>Ba\u015f nazirin s\u00f6zl\u0259rin\u0259 g\u00f6r\u0259, G\u00fcrc\u00fcstan Avropa il\u0259 Asiyan\u0131 birl\u0259\u015fdir\u0259n \u00e7ox m\u00fch\u00fcm k\u00f6rp\u00fc rolunu oynay\u0131r:<\/p>\n<p>\u201cLogistika v\u0259 tranzit m\u0259s\u0259l\u0259l\u0259rind\u0259 G\u00fcrc\u00fcstan \u0259v\u0259zolunmaz bir m\u0259kand\u0131r. G\u00fcrc\u00fcstan\u0131n inki\u015faf\u0131 regionda s\u00fclh\u00fcn b\u0259rq\u0259rar olmas\u0131na b\u00f6y\u00fck t\u00f6hf\u0259 verir. Lakin b\u0259zi m\u0259s\u0259l\u0259l\u0259r regionun logistika imkanlar\u0131n\u0131 t\u0259hl\u00fck\u0259 alt\u0131na ata bil\u0259r\u201d.<\/p>\n","protected":false},"excerpt":{"rendered":"<p>\u201cAz\u0259rbaycan v\u0259 Erm\u0259nistan aras\u0131nda s\u00fclh sazi\u015finin imzalanmas\u0131 regionun inki\u015faf\u0131na b\u00f6y\u00fck t\u00f6hf\u0259 ver\u0259c\u0259k\u201d. \u201cReport\u201dun yerli b\u00fcrosu x\u0259b\u0259r verir ki, bunu G\u00fcrc\u00fcstan\u0131n Ba\u015f naziri \u0130rakli Qariba\u015fvili Tbilisid\u0259 ke\u00e7iril\u0259n IV Beyn\u0259lxalq \u0130p\u0259k Yolu Forumunda deyib. \u201cBizim enerji potensial\u0131m\u0131z regionumuza b\u00f6y\u00fck t\u00f6hf\u0259 ola bil\u0259r. G\u00fcrc\u00fcstan\u0131n Anakliya \u015f\u0259h\u0259rind\u0259 yeni liman\u0131n tikilm\u0259si inki\u015faf\u0131m\u0131z\u0131n bariz n\u00fcmun\u0259sidir. 1 milyon ton d\u00f6vriyy\u0259si olacaq bu liman vasit\u0259sil\u0259 Q\u0259rbl\u0259 \u015e\u0259rq aras\u0131nda bir \u00e7ox beyn\u0259lxalq layih\u0259l\u0259rin d\u0259st\u0259k\u00e7isi ola bil\u0259rik\u201d, &#8211; Ba\u015f nazir qeyd edib. O \u0259lav\u0259 edib ki, G\u00fcrc\u00fcstanda alternativ enerji sah\u0259sind\u0259 d\u0259 m\u00fch\u00fcm i\u015fl\u0259r g\u00f6r\u00fcl\u00fcr: \u201cAz\u0259rbaycan\u0131n elektrik enerjisi Qara d\u0259nizin dibi&hellip;<\/p>\n","protected":false},"author":2,"featured_media":649735,"comment_status":"closed","ping_status":"closed","sticky":false,"template":"","format":"standard","meta":{"om_disable_all_campaigns":false,"_monsterinsights_skip_tracking":false,"_monsterinsights_sitenote_active":false,"_monsterinsights_sitenote_note":"","_monsterinsights_sitenote_category":0},"categories":[4],"tags":[],"aioseo_notices":[],"gutentor_comment":0,"rttpg_featured_image_url":{"full":["https:\/\/arantv.az\/wp-content\/uploads\/2023\/10\/6d2e8fd0-bb6e-3fae-a583-371a0431e676_850.jpg",620,413,false],"landscape":["https:\/\/arantv.az\/wp-content\/uploads\/2023\/10\/6d2e8fd0-bb6e-3fae-a583-371a0431e676_850.jpg",620,413,false],"portraits":["https:\/\/arantv.az\/wp-content\/uploads\/2023\/10\/6d2e8fd0-bb6e-3fae-a583-371a0431e676_850.jpg",620,413,false],"thumbnail":["https:\/\/arantv.az\/wp-content\/uploads\/2023\/10\/6d2e8fd0-bb6e-3fae-a583-371a0431e676_850-500x280.jpg",500,280,true],"medium":["https:\/\/arantv.az\/wp-content\/uploads\/2023\/10\/6d2e8fd0-bb6e-3fae-a583-371a0431e676_850-548x365.jpg",548,365,true],"large":["https:\/\/arantv.az\/wp-content\/uploads\/2023\/10\/6d2e8fd0-bb6e-3fae-a583-371a0431e676_850.jpg",620,413,false],"1536x1536":["https:\/\/arantv.az\/wp-content\/uploads\/2023\/10\/6d2e8fd0-bb6e-3fae-a583-371a0431e676_850.jpg",620,413,false],"2048x2048":["https:\/\/arantv.az\/wp-content\/uploads\/2023\/10\/6d2e8fd0-bb6e-3fae-a583-371a0431e676_850.jpg",620,413,false],"post-thumbnail":["https:\/\/arantv.az\/wp-content\/uploads\/2023\/10\/6d2e8fd0-bb6e-3fae-a583-371a0431e676_850-240x172.jpg",240,172,true],"advps-thumb-one":["https:\/\/arantv.az\/wp-content\/uploads\/2023\/10\/6d2e8fd0-bb6e-3fae-a583-371a0431e676_850.jpg",620,413,false]},"rttpg_author":{"display_name":"V\u00fcsal Rafiqo\u011flu","author_link":"https:\/\/arantv.az\/?author=2"},"rttpg_comment":0,"rttpg_category":"<a href=\"https:\/\/arantv.az\/?cat=4\" rel=\"category\">Siyas\u0259t<\/a>","rttpg_excerpt":"\u201cAz\u0259rbaycan v\u0259 Erm\u0259nistan aras\u0131nda s\u00fclh sazi\u015finin imzalanmas\u0131 regionun inki\u015faf\u0131na b\u00f6y\u00fck t\u00f6hf\u0259 ver\u0259c\u0259k\u201d. \u201cReport\u201dun yerli b\u00fcrosu x\u0259b\u0259r verir ki, bunu G\u00fcrc\u00fcstan\u0131n Ba\u015f naziri \u0130rakli Qariba\u015fvili Tbilisid\u0259 ke\u00e7iril\u0259n IV Beyn\u0259lxalq \u0130p\u0259k Yolu Forumunda deyib. \u201cBizim enerji potensial\u0131m\u0131z regionumuza b\u00f6y\u00fck t\u00f6hf\u0259 ola bil\u0259r. G\u00fcrc\u00fcstan\u0131n Anakliya \u015f\u0259h\u0259rind\u0259 yeni liman\u0131n tikilm\u0259si inki\u015faf\u0131m\u0131z\u0131n bariz n\u00fcmun\u0259sidir. 1 milyon ton d\u00f6vriyy\u0259si olacaq bu&hellip;","_links":{"self":[{"href":"https:\/\/arantv.az\/index.php?rest_route=\/wp\/v2\/posts\/649732"}],"collection":[{"href":"https:\/\/arantv.az\/index.php?rest_route=\/wp\/v2\/posts"}],"about":[{"href":"https:\/\/arantv.az\/index.php?rest_route=\/wp\/v2\/types\/post"}],"author":[{"embeddable":true,"href":"https:\/\/arantv.az\/index.php?rest_route=\/wp\/v2\/users\/2"}],"replies":[{"embeddable":true,"href":"https:\/\/arantv.az\/index.php?rest_route=%2Fwp%2Fv2%2Fcomments&post=649732"}],"version-history":[{"count":0,"href":"https:\/\/arantv.az\/index.php?rest_route=\/wp\/v2\/posts\/649732\/revisions"}],"wp:featuredmedia":[{"embeddable":true,"href":"https:\/\/arantv.az\/index.php?rest_route=\/wp\/v2\/media\/649735"}],"wp:attachment":[{"href":"https:\/\/arantv.az\/index.php?rest_route=%2Fwp%2Fv2%2Fmedia&parent=649732"}],"wp:term":[{"taxonomy":"category","embeddable":true,"href":"https:\/\/arantv.az\/index.php?rest_route=%2Fwp%2Fv2%2Fcategories&post=649732"},{"taxonomy":"post_tag","embeddable":true,"href":"https:\/\/arantv.az\/index.php?rest_route=%2Fwp%2Fv2%2Ftags&post=649732"}],"curies":[{"name":"wp","href":"https:\/\/api.w.org\/{rel}","templated":true}]}}