{"id":649768,"date":"2023-10-26T18:02:13","date_gmt":"2023-10-26T14:02:13","guid":{"rendered":"https:\/\/arantv.az\/?p=649768"},"modified":"2023-10-26T18:21:55","modified_gmt":"2023-10-26T14:21:55","slug":"sulh-muqavil%c9%99si-k%c9%99rki-k%c9%99ndind%c9%99-imzalana-bil%c9%99rmifotovideo","status":"publish","type":"post","link":"https:\/\/arantv.az\/?p=649768","title":{"rendered":"S\u00fclh m\u00fcqavil\u0259si K\u0259rki k\u0259ndind\u0259 imzalana bil\u0259rmi?FOTOV\u0130DEO"},"content":{"rendered":"<p><strong>Nikol Pa\u015finyan yen\u0259 d\u0259 \u201cm\u0259l\u0259k\u201d libas\u0131na b\u00fcr\u00fcn\u00fcb, bu d\u0259f\u0259 Tiflisd\u0259. Beyn\u0259lxalq \u0130p\u0259k Yolu Forumunun a\u00e7\u0131l\u0131\u015f m\u0259rasimind\u0259 \u00e7\u0131x\u0131\u015f ed\u0259n Erm\u0259nistan\u0131n ba\u015f naziri \u00e7\u0131x\u0131\u015f\u0131 zaman\u0131 h\u0259tta Az\u0259rbaycan\u0131n \u0259razi b\u00fct\u00f6vl\u00fcy\u00fcn\u0259 tam riay\u0259t olundu\u011fu regional n\u0259qliyyat d\u0259hlizl\u0259rinin x\u0259rit\u0259sini t\u0259qdim edib. G\u00f6r\u00fcn\u0259n budur ki, Pa\u015finyan\u0131n t\u0259qdim etdiyi x\u0259rit\u0259d\u0259 Az\u0259rbaycan \u0259razisi tam \u015f\u0259kild\u0259 v\u0259 h\u0259r hans\u0131 yarl\u0131qs\u0131z t\u0259qdim olunub. Bu yax\u015f\u0131d\u0131r, amma Pa\u015finyan bu m\u00f6vqeyind\u0259 qalacaqm\u0131, s\u00fclh\u0259 do\u011fru add\u0131mlar\u0131n\u0131 atacaqm\u0131?..<\/strong><\/p>\n<p>Erm\u0259nistan\u0131n ba\u015f naziri sanki h\u0259ft\u0259nin, ya ay\u0131n g\u00fcnl\u0259rini iki hiss\u0259y\u0259 ay\u0131r\u0131b, bir hiss\u0259sind\u0259 konstruktiv, s\u00fclhp\u0259rv\u0259r, dig\u0259r hiss\u0259sind\u0259 qeyri-konstruktiv, qan-xata. \u00d6t\u0259n ilin pay\u0131z\u0131nda da deyirdi ki, ilin sonunad\u0259k s\u00fclh m\u00fcqavil\u0259si imzalana bil\u0259r. Sonrak\u0131 d\u00f6n\u0259ml\u0259rd\u0259 hans\u0131 oyunlardan \u00e7\u0131xd\u0131, hans\u0131 qazanlar\u0131 qaynatd\u0131, h\u0259r birimiz g\u00f6rd\u00fck. \u0130ndi d\u0259 Tiflisd\u0259ki beyn\u0259lxalq konfransda \u201cYax\u0131n aylarda Az\u0259rbaycanla s\u00fclh v\u0259 m\u00fcnasib\u0259tl\u0259rin qurulmas\u0131 haqq\u0131nda sazi\u015f imzalayaca\u011f\u0131m\u0131za \u00fcmid edirik\u201d-s\u00f6yl\u0259yib. H\u0259tta s\u0259n\u0259d \u00fcz\u0259rind\u0259 \u201cf\u0259al i\u015f\u201d getdiyini d\u0259 bildirib.<\/p>\n<p>Prosesl\u0259rd\u0259n x\u0259b\u0259rsiz olanlar \u00fc\u00e7\u00fcn Pa\u015finyan\u0131n dedikl\u0259ri c\u0259lbedici ola bil\u0259r. Amma ax\u0131, onu biz yax\u015f\u0131 tan\u0131y\u0131r\u0131q. Az\u0259rbaycan\u0131n \u0259razi b\u00fct\u00f6vl\u00fcy\u00fcn\u00fc 1991-ci il Almaat\u0131 B\u0259yannam\u0259sin\u0259 \u0259sas\u0259n tan\u0131d\u0131\u011f\u0131n\u0131 dey\u0259n d\u0259 odur, 2019-cu ild\u0259 \u201cQaraba\u011f Erm\u0259nistand\u0131r. N\u00f6qt\u0259\u201d-iddias\u0131n\u0131 dil\u0259 g\u0259tir\u0259n d\u0259, indiy\u0259d\u0259k Qazax\u0131n 7, S\u0259d\u0259r\u0259yin 1 k\u0259ndini i\u015f\u011fal alt\u0131nda saxlayan da. S\u00fclh imzalamaq ist\u0259yirs\u0259n? Kimdir \u0259l-qolunu ba\u011flayan, ya a\u00e7\u0131q de, adlar \u00e7\u0259k, ya da q\u0259rar ver, K\u0259rkini v\u0259 Qazax\u0131n k\u0259ndl\u0259rini azad el\u0259, bil\u0259k ki, do\u011frudan da s\u00fclh\u0259 haz\u0131rsan. Bu g\u00fcn\u0259 q\u0259d\u0259r Erm\u0259nistan \u00f6z xo\u015fu il\u0259 hans\u0131 add\u0131m at\u0131b i\u015f\u011fala son qoymaqla ba\u011fl\u0131? Dem\u0259k olar ki, he\u00e7 bir add\u0131m olmay\u0131b. H\u0259tta K\u0259lb\u0259c\u0259rin, La\u00e7\u0131n\u0131n azad edilm\u0259siyl\u0259 ba\u011fl\u0131 \u00f6hd\u0259likl\u0259r\u0259 r\u0259\u011fm\u0259n, prosesi m\u00fcxt\u0259lif b\u0259han\u0259l\u0259rl\u0259 uzatd\u0131, \u201cD\u0259mir Yumquq\u201d g\u00f6r\u0259nd\u0259n sonra \u00f6hd\u0259likl\u0259rini icra el\u0259di. \u0130ndi d\u0259 Az\u0259rbaycan Pa\u015finyan\u0131n da r\u0259sm\u0259n tan\u0131d\u0131\u011f\u0131 86,6 min kv.km-lik \u0259razi b\u00fct\u00f6vl\u00fcy\u00fcn\u00fcn t\u0259min olunmas\u0131n\u0131, 30 ild\u0259n \u00e7oxdur i\u015f\u011fal alt\u0131nda olan k\u0259ndl\u0259rinin azad edilm\u0259sini ist\u0259yir, g\u00f6zl\u0259yir. Az\u0259rbaycan Prezidenti t\u0259sad\u00fcf\u0259n 8 k\u0259ndin h\u0259l\u0259 d\u0259 Erm\u0259nistan\u0131n i\u015f\u011fal\u0131 alt\u0131nda olmas\u0131n\u0131 A\u0130 \u015euras\u0131 prezidenti \u015earl Mi\u015fel\u0259 xat\u0131rlatmad\u0131.<\/p>\n<p><img loading=\"lazy\" src=\"https:\/\/cdn.musavat.com\/news\/thumbnails\/f7f5b65c871ee9decfaf527a26c4b405.jpg\" alt=\"WhatsApp Image 2023-10-26 at 17.26.48.jpeg (73 KB)\" width=\"855\" height=\"547\" \/><\/p>\n<p>\u0130ndi d\u0259 oturub ba\u015f s\u0131nd\u0131r\u0131rlar ki, Az\u0259rbaycan niy\u0259 \u0259vv\u0259l Qranada, indi d\u0259 Br\u00fcssel g\u00f6r\u00fc\u015fl\u0259rind\u0259n imtina etdi. Burada sad\u0259 m\u0259ntiq var: \u0259g\u0259r Erm\u0259nistan Praqa, Va\u015finqton, Moskva&#8230;daha hans\u0131 \u015f\u0259h\u0259rl\u0259rd\u0259ki g\u00f6r\u00fc\u015fl\u0259rd\u0259 \u0259ld\u0259 olunan raz\u0131la\u015fmalara, h\u0259m\u00e7inin 2020-ci ilin 10 noyabr B\u0259yannam\u0259sinin 9-cu b\u0259ndini icra etmirs\u0259, bundan sonra g\u00f6r\u00fc\u015fl\u0259r seriyas\u0131nda vaxt itirm\u0259y\u0259 n\u0259 z\u0259rur\u0259t var? \u0130ll\u0259r boyunca s\u00fclh\u00fcn a\u00e7ar\u0131n\u0131 okean\u0131n o tay\u0131nda, Avropa paytaxtlar\u0131nda, ya ba\u015fqa \u00fcnvanlarda axtarma\u011f\u0131 t\u00f6vsiy\u0259 ed\u0259nl\u0259r\u0259 anlatd\u0131q ki, s\u00fclh\u00fc el\u0259 burdaca imzalamaq olar, \u201cda\u011f-da\u015fa d\u00fc\u015fm\u0259y\u0259\u201d n\u0259 ehtiyac?<\/p>\n<p>Bilmir\u0259m, Nikol Pa\u015finyan\u0131n yad\u0131na bir fakt\u0131 salan oldumu? Oktyabr\u0131n 8-d\u0259 G\u00fcrc\u00fcstanda s\u0259f\u0259rd\u0259 olan Az\u0259rbaycan Prezidenti \u0130lham \u018fliyev Ba\u015f nazir \u0130rakli Qariba\u015fvili il\u0259 birg\u0259 m\u0259tbuat konfrans\u0131nda b\u0259yanat\u0131nda bildirmi\u015fdi ki, \u201cC\u0259nubi Qafqazda s\u00fclh\u00fcn b\u0259rq\u0259rar olmas\u0131n\u0131n vaxt\u0131 \u00e7at\u0131b\u201d.<\/p>\n<p>Qariba\u015fvili s\u00fclh\u00fcn \u0259ld\u0259 olunmas\u0131 \u00fc\u00e7\u00fcn \u00f6lk\u0259sini ev sahibi olaraq t\u0259klif etmi\u015fdi, \u201cbu sah\u0259d\u0259 \u0259n d\u00fczg\u00fcn se\u00e7im h\u0259m tarixi \u0259laq\u0259l\u0259ri, h\u0259m d\u0259 co\u011frafi faktoru n\u0259z\u0259r\u0259 alaraq, \u0259lb\u0259tt\u0259 ki, G\u00fcrc\u00fcstan ola bil\u0259rdi\u201d-dey\u0259r\u0259k. C\u0259nab \u0130lham \u018fliyev bu t\u0259\u015f\u0259bb\u00fcs\u00fcn qar\u015f\u0131l\u0131\u011f\u0131nda \u00a0\u201c\u018fg\u0259r Erm\u0259nistan t\u0259r\u0259find\u0259n d\u0259 raz\u0131l\u0131q olarsa, d\u0259rhal bizim aidiyy\u0259ti qurumlar\u0131n r\u0259hb\u0259rl\u0259ri G\u00fcrc\u00fcstanda h\u0259m ikit\u0259r\u0259fli, h\u0259m d\u0259 \u00fc\u00e7t\u0259r\u0259fli g\u00f6r\u00fc\u015f\u0259 g\u0259l\u0259 bil\u0259rl\u0259r\u201d-demi\u015fdi&#8230;<\/p>\n<p>Budur, Pa\u015finyan Tiflisd\u0259dir v\u0259 s\u00fclhd\u0259n, kommunikasiyalar\u0131n a\u00e7\u0131lmas\u0131 z\u0259rur\u0259tind\u0259n dan\u0131\u015f\u0131r. Amma&#8230;Sad\u0259c\u0259 dan\u0131\u015f\u0131r. Add\u0131m atma\u011f\u0131 yoxdur&#8230;S\u00fclh ist\u0259yirs\u0259n, buyur, \u0130lham \u018fliyevin mesaj\u0131na reaksiya ver, de ki, m\u0259nim \u00f6lk\u0259m d\u0259 haz\u0131rd\u0131r, Br\u00fcssel\u0259, Va\u015finqtona, So\u00e7iy\u0259 getm\u0259y\u0259 z\u0259rur\u0259t yoxdur, el\u0259 qon\u015fu G\u00fcrc\u00fcstanda anla\u015fma \u0259ld\u0259 ed\u0259 bil\u0259rik. Demir. \u00c7\u00fcnki a\u011falar\u0131 imkan vermir, ax\u0131, Br\u00fcsseld\u0259 yan\u0131nda Makronu, Mi\u015feli g\u00f6rm\u0259y\u0259 ad\u0259t edib. T\u00fcrkiy\u0259 v\u0259 Az\u0259rbaycanla guya normal \u0259laq\u0259l\u0259r qurma\u011fa maraql\u0131 oldu\u011funu deyir, amma c\u0259nab \u018frdo\u011fan\u0131n dan\u0131\u015f\u0131qlarda i\u015ftirak\u0131na qar\u015f\u0131 \u00e7\u0131x\u0131r, \u201cb\u00f6y\u00fck bac\u0131\u201ds\u0131 il\u0259 birg\u0259. Bu, nec\u0259 s\u00fclh, nec\u0259 \u0259m\u0259kda\u015fl\u0131q? Yaxud \u201cbu, n\u0259 p\u0259hriz, o n\u0259 tur\u015fu?!\u201d<\/p>\n<p><img loading=\"lazy\" src=\"https:\/\/cdn.musavat.com\/news\/thumbnails\/4c3c292487223b0f756fb878880a1bd0.jpg\" alt=\"WhatsApp Image 2023-10-26 at 17.23.34.jpeg (104 KB)\" width=\"800\" height=\"533\" \/><\/p>\n<p>Oturub-durur, h\u0259l\u0259 \u015f\u0259rt ir\u0259li s\u00fcr\u00fcr, yen\u0259 4-n\u00fc s\u0131ralay\u0131b. \u0130\u015f\u011fal\u00e7\u0131 oldu\u011funa g\u00f6r\u0259 ay\u0131b\u0131na kor olmaq \u0259v\u0259zin\u0259, \u015f\u0259rt qoyur. Z\u0259ng\u0259zur d\u0259hlizinin a\u00e7\u0131lmas\u0131 bar\u0259d\u0259 10 noyabr anla\u015fmas\u0131n\u0131, kapitulyasiya s\u0259n\u0259dini icra etm\u0259kd\u0259ns\u0259, \u201cMagistral yollar, d\u0259mir yollar\u0131, hava yollar\u0131, boru k\u0259m\u0259rl\u0259ri, kabell\u0259r, elektrik x\u0259tl\u0259ri daxil olmaqla b\u00fct\u00fcn infrastrukturlar ke\u00e7dikl\u0259ri \u00f6lk\u0259l\u0259rin suverenliyi v\u0259 yurisdiksiyas\u0131 alt\u0131nda f\u0259aliyy\u0259t g\u00f6st\u0259rm\u0259lidir\u201d-na\u011f\u0131l\u0131n\u0131 dan\u0131\u015f\u0131r. Pa\u015finyan do\u011frudanm\u0131 anlam\u0131r ki, Makronun oyunbazl\u0131\u011f\u0131n\u0131n qurban\u0131d\u0131r v\u0259 bu gedi\u015fl\u0259r dalan d\u00f6vl\u0259tin ba\u015f naziri olacaq.<\/p>\n<p>N\u0259hay\u0259t, Nikol Pa\u015finyan\u0131n Tiflis \u00e7\u0131x\u0131\u015f\u0131nda nisb\u0259t\u0259n s\u0259mimidirs\u0259, el\u0259 bu g\u00fcn, ya sabah ordusunu K\u0259rki k\u0259ndind\u0259n \u00e7\u0259ksin. Ke\u00e7\u0259n h\u0259ft\u0259 S\u0259d\u0259r\u0259kd\u0259n ke\u00e7ib, \u0130\u011fd\u0131r t\u0259r\u0259f\u0259 s\u0259f\u0259r ed\u0259rk\u0259n K\u0259rki, Arazd\u0259y\u0259n t\u0259r\u0259fl\u0259r\u0259 xeyli baxd\u0131m, fotolar, videolar \u00e7\u0259kdim. Da\u011flar\u0131n aras\u0131nda q\u0259rar tutmu\u015f K\u0259rkid\u0259 t\u0259k-t\u0259k evl\u0259r g\u00f6r\u00fcn\u00fcrd\u00fc. Bitm\u0259lidir bu i\u015f\u011fal! Pa\u015finyan s\u00fclh t\u0259r\u0259fdar\u0131 oldu\u011funu n\u0259hay\u0259t, s\u00fcbuta yetirm\u0259k \u00fc\u00e7\u00fcn bir test el\u0259sin. G\u00f6zl\u0259yirik! Az\u0259rbaycanla s\u00fclh anla\u015fmas\u0131n\u0131n imzalanaca\u011f\u0131 yer d\u0259&#8230;azad olunmu\u015f K\u0259rki k\u0259ndi ola bil\u0259r. Niy\u0259 d\u0259 olmas\u0131n? \u018fg\u0259r Qafqaz Evi qurmaq ist\u0259yiriks\u0259, m\u00fcnasib\u0259tl\u0259ri 0-dan ba\u015flamaq niyy\u0259timiz varsa, d\u00fc\u015fm\u0259n\u00e7iliy\u0259 son qoymaq ist\u0259yi ciddidirs\u0259, el\u0259 K\u0259rki S\u00fclh M\u00fcqavil\u0259sinin tarix\u0259 d\u00fc\u015fm\u0259si d\u0259 t\u0259\u0259cc\u00fcb do\u011furmamal\u0131d\u0131r.<\/p>\n<p>&nbsp;<\/p>\n<div id=\"jwplayer_video_1\" class=\"jwplayer jw-reset jw-state-idle jw-skin-seven jw-stretch-uniform jw-breakpoint-4\" tabindex=\"0\">\n<div class=\"jw-media jw-reset\"><\/div>\n<div class=\"jw-preview jw-reset\"><\/div>\n<div class=\"jw-overlays jw-reset\">\n<div id=\"jwplayer_video_1_jwpsrv\" class=\"jw-plugin jw-reset\"><\/div>\n<div id=\"jwplayer_video_1_related\" class=\"jw-plugin jw-reset jw-plugin-related\"><\/div>\n<\/div>\n<div class=\"jw-controls jw-reset\">\n<div class=\"jw-display-icon-container jw-background-color jw-reset\">\n<div class=\"jw-icon jw-icon-display jw-button-color jw-reset\" tabindex=\"0\" role=\"button\" aria-label=\"Start playback\"><\/div>\n<\/div>\n<div class=\"jw-controls-right jw-reset\">\n<div class=\"jw-dock jw-reset\"><\/div>\n<\/div>\n<div class=\"jw-nextup-container jw-reset\">\n<div class=\"jw-nextup jw-reset\">\n<div class=\"jw-nextup-tooltip jw-reset\">\n<div class=\"jw-nextup-header jw-reset\"><\/div>\n<div class=\"jw-nextup-body jw-background-color jw-reset\">\n<div class=\"jw-nextup-title jw-reset\"><\/div>\n<\/div>\n<\/div>\n<p>&nbsp;<\/p>\n<\/div>\n<\/div>\n<\/div>\n<div class=\"afs_ads\"><\/div>\n<\/div>\n<div class=\"news-author text-left\"><a href=\"https:\/\/www.musavat.com\/author\/elsad-pasasoy_10\"><img class=\"img-responsive img-author\" src=\"https:\/\/cdn.musavat.com\/authors\/thumbnails\/efebc9e552e05242fb5c15b017367239.jpg\" \/>El\u015fad PA\u015eASOY<\/a><\/div>\n","protected":false},"excerpt":{"rendered":"<p>Nikol Pa\u015finyan yen\u0259 d\u0259 \u201cm\u0259l\u0259k\u201d libas\u0131na b\u00fcr\u00fcn\u00fcb, bu d\u0259f\u0259 Tiflisd\u0259. Beyn\u0259lxalq \u0130p\u0259k Yolu Forumunun a\u00e7\u0131l\u0131\u015f m\u0259rasimind\u0259 \u00e7\u0131x\u0131\u015f ed\u0259n Erm\u0259nistan\u0131n ba\u015f naziri \u00e7\u0131x\u0131\u015f\u0131 zaman\u0131 h\u0259tta Az\u0259rbaycan\u0131n \u0259razi b\u00fct\u00f6vl\u00fcy\u00fcn\u0259 tam riay\u0259t olundu\u011fu regional n\u0259qliyyat d\u0259hlizl\u0259rinin x\u0259rit\u0259sini t\u0259qdim edib. G\u00f6r\u00fcn\u0259n budur ki, Pa\u015finyan\u0131n t\u0259qdim etdiyi x\u0259rit\u0259d\u0259 Az\u0259rbaycan \u0259razisi tam \u015f\u0259kild\u0259 v\u0259 h\u0259r hans\u0131 yarl\u0131qs\u0131z t\u0259qdim olunub. Bu yax\u015f\u0131d\u0131r, amma Pa\u015finyan bu m\u00f6vqeyind\u0259 qalacaqm\u0131, s\u00fclh\u0259 do\u011fru add\u0131mlar\u0131n\u0131 atacaqm\u0131?.. Erm\u0259nistan\u0131n ba\u015f naziri sanki h\u0259ft\u0259nin, ya ay\u0131n g\u00fcnl\u0259rini iki hiss\u0259y\u0259 ay\u0131r\u0131b, bir hiss\u0259sind\u0259 konstruktiv, s\u00fclhp\u0259rv\u0259r, dig\u0259r hiss\u0259sind\u0259 qeyri-konstruktiv, qan-xata. \u00d6t\u0259n ilin pay\u0131z\u0131nda da deyirdi ki, ilin&hellip;<\/p>\n","protected":false},"author":2,"featured_media":649833,"comment_status":"closed","ping_status":"closed","sticky":false,"template":"","format":"standard","meta":{"om_disable_all_campaigns":false,"_monsterinsights_skip_tracking":false,"_monsterinsights_sitenote_active":false,"_monsterinsights_sitenote_note":"","_monsterinsights_sitenote_category":0},"categories":[1],"tags":[],"aioseo_notices":[],"gutentor_comment":0,"rttpg_featured_image_url":{"full":["https:\/\/arantv.az\/wp-content\/uploads\/2023\/10\/92255eca875162a0963920d0070f2e45.jpg",870,500,false],"landscape":["https:\/\/arantv.az\/wp-content\/uploads\/2023\/10\/92255eca875162a0963920d0070f2e45.jpg",870,500,false],"portraits":["https:\/\/arantv.az\/wp-content\/uploads\/2023\/10\/92255eca875162a0963920d0070f2e45.jpg",870,500,false],"thumbnail":["https:\/\/arantv.az\/wp-content\/uploads\/2023\/10\/92255eca875162a0963920d0070f2e45-500x280.jpg",500,280,true],"medium":["https:\/\/arantv.az\/wp-content\/uploads\/2023\/10\/92255eca875162a0963920d0070f2e45-635x365.jpg",635,365,true],"large":["https:\/\/arantv.az\/wp-content\/uploads\/2023\/10\/92255eca875162a0963920d0070f2e45-840x483.jpg",640,368,true],"1536x1536":["https:\/\/arantv.az\/wp-content\/uploads\/2023\/10\/92255eca875162a0963920d0070f2e45.jpg",870,500,false],"2048x2048":["https:\/\/arantv.az\/wp-content\/uploads\/2023\/10\/92255eca875162a0963920d0070f2e45.jpg",870,500,false],"post-thumbnail":["https:\/\/arantv.az\/wp-content\/uploads\/2023\/10\/92255eca875162a0963920d0070f2e45-240x172.jpg",240,172,true],"advps-thumb-one":["https:\/\/arantv.az\/wp-content\/uploads\/2023\/10\/92255eca875162a0963920d0070f2e45.jpg",870,500,false]},"rttpg_author":{"display_name":"V\u00fcsal Rafiqo\u011flu","author_link":"https:\/\/arantv.az\/?author=2"},"rttpg_comment":0,"rttpg_category":"<a href=\"https:\/\/arantv.az\/?cat=1\" rel=\"category\">C\u0259miyy\u0259t<\/a>","rttpg_excerpt":"Nikol Pa\u015finyan yen\u0259 d\u0259 \u201cm\u0259l\u0259k\u201d libas\u0131na b\u00fcr\u00fcn\u00fcb, bu d\u0259f\u0259 Tiflisd\u0259. Beyn\u0259lxalq \u0130p\u0259k Yolu Forumunun a\u00e7\u0131l\u0131\u015f m\u0259rasimind\u0259 \u00e7\u0131x\u0131\u015f ed\u0259n Erm\u0259nistan\u0131n ba\u015f naziri \u00e7\u0131x\u0131\u015f\u0131 zaman\u0131 h\u0259tta Az\u0259rbaycan\u0131n \u0259razi b\u00fct\u00f6vl\u00fcy\u00fcn\u0259 tam riay\u0259t olundu\u011fu regional n\u0259qliyyat d\u0259hlizl\u0259rinin x\u0259rit\u0259sini t\u0259qdim edib. G\u00f6r\u00fcn\u0259n budur ki, Pa\u015finyan\u0131n t\u0259qdim etdiyi x\u0259rit\u0259d\u0259 Az\u0259rbaycan \u0259razisi tam \u015f\u0259kild\u0259 v\u0259 h\u0259r hans\u0131 yarl\u0131qs\u0131z t\u0259qdim olunub. Bu yax\u015f\u0131d\u0131r,&hellip;","_links":{"self":[{"href":"https:\/\/arantv.az\/index.php?rest_route=\/wp\/v2\/posts\/649768"}],"collection":[{"href":"https:\/\/arantv.az\/index.php?rest_route=\/wp\/v2\/posts"}],"about":[{"href":"https:\/\/arantv.az\/index.php?rest_route=\/wp\/v2\/types\/post"}],"author":[{"embeddable":true,"href":"https:\/\/arantv.az\/index.php?rest_route=\/wp\/v2\/users\/2"}],"replies":[{"embeddable":true,"href":"https:\/\/arantv.az\/index.php?rest_route=%2Fwp%2Fv2%2Fcomments&post=649768"}],"version-history":[{"count":0,"href":"https:\/\/arantv.az\/index.php?rest_route=\/wp\/v2\/posts\/649768\/revisions"}],"wp:featuredmedia":[{"embeddable":true,"href":"https:\/\/arantv.az\/index.php?rest_route=\/wp\/v2\/media\/649833"}],"wp:attachment":[{"href":"https:\/\/arantv.az\/index.php?rest_route=%2Fwp%2Fv2%2Fmedia&parent=649768"}],"wp:term":[{"taxonomy":"category","embeddable":true,"href":"https:\/\/arantv.az\/index.php?rest_route=%2Fwp%2Fv2%2Fcategories&post=649768"},{"taxonomy":"post_tag","embeddable":true,"href":"https:\/\/arantv.az\/index.php?rest_route=%2Fwp%2Fv2%2Ftags&post=649768"}],"curies":[{"name":"wp","href":"https:\/\/api.w.org\/{rel}","templated":true}]}}