{"id":649781,"date":"2023-10-26T18:07:04","date_gmt":"2023-10-26T14:07:04","guid":{"rendered":"https:\/\/arantv.az\/?p=649781"},"modified":"2023-10-26T18:07:04","modified_gmt":"2023-10-26T14:07:04","slug":"beyn%c9%99lxalq-ictimaiyy%c9%99t-erm%c9%99nistanin-t%c9%99bi%c9%99t%c9%99-qarsi-tor%c9%99dil%c9%99n-v%c9%99hsiliyin%c9%99-susmamalidir-irad%c9%99-h%c9%99s%c9%99nova","status":"publish","type":"post","link":"https:\/\/arantv.az\/?p=649781","title":{"rendered":"Beyn\u0259lxalq ictimaiyy\u0259t Erm\u0259nistan\u0131n t\u0259bi\u0259t\u0259 qar\u015f\u0131 t\u00f6r\u0259dil\u0259n v\u0259h\u015filiyin\u0259 susmamal\u0131d\u0131r &#8211; \u0130rad\u0259 H\u0259s\u0259nova"},"content":{"rendered":"<p><strong><em>2020-ci ild\u0259 Erm\u0259nistan Respublikas\u0131n\u0131n i\u015f\u011fal\u0131ndan azad edilmi\u015f v\u0259 2023-c\u00fc ild\u0259 Erm\u0259nistan silahl\u0131 q\u00fcvv\u0259l\u0259rinin qal\u0131qlar\u0131ndan, qeyri-qanuni d\u0259st\u0259l\u0259rd\u0259n t\u0259mizl\u0259nm\u0259kl\u0259 Az\u0259rbaycan Respublikas\u0131n\u0131n suverenliyinin v\u0259 Konstitusiya qurulu\u015funun b\u0259rpa olundu\u011fu \u0259razil\u0259rd\u0259 &#8211; Qaraba\u011f v\u0259 \u015e\u0259rqi Z\u0259ng\u0259zurda 1.5 milyondan \u00e7ox mina v\u0259 partlamam\u0131\u015f h\u0259rbi sursat\u0131n m\u00f6vcud olmas\u0131 ehtimal olunur. Az\u0259rbaycan d\u00fcnyada mina il\u0259 \u0259n \u00e7ox \u00e7irkl\u0259nmi\u015f \u00f6lk\u0259l\u0259rd\u0259n biridir.<\/em><\/strong><\/p>\n<p><img src=\"https:\/\/ikisahil.az\/upload\/\/2023\/10\/26\/\/-7f2be1b416983220314447667441106220.jpg\" alt=\"\" \/><\/p>\n<p><em><strong>\u201cS\u0259ma v\u0259 Eko\u201d Sosial \u0130qtisadi \u0130nki\u015fafa D\u0259st\u0259k \u0130ctimai Birliyinin s\u0259dri \u0130rad\u0259 H\u0259s\u0259nova \u201c\u0130ki sahil\u201d<\/strong><\/em>\u0259 a\u00e7\u0131qlamas\u0131nda bildirdi ki, \u0130kinci Qaraba\u011f m\u00fcharib\u0259si vaxt\u0131 \u00f6lk\u0259mizin milli parklar\u0131 da daxil olmaqla qorunan t\u0259bi\u0259t \u0259razil\u0259ri Erm\u0259nistan silahl\u0131 q\u00fcvv\u0259l\u0259ri t\u0259r\u0259find\u0259n geni\u015fmiqyasl\u0131 yan\u011f\u0131nlara s\u0259b\u0259b olan raket at\u0259\u015fin\u0259 tutulurdu: \u201cO zaman \u015eu\u015fa \u015f\u0259h\u0259ri yax\u0131nl\u0131\u011f\u0131nda me\u015f\u0259 sah\u0259l\u0259rind\u0259ki qiym\u0259tli a\u011faclar fosfor silahlar\u0131ndan istifad\u0259 n\u0259tic\u0259sind\u0259 yand\u0131r\u0131ld\u0131. N\u0259tic\u0259d\u0259 min ill\u0259r \u0259rzind\u0259 formala\u015fan torpa\u011f\u0131n \u00fcst t\u0259b\u0259q\u0259si tamamil\u0259 s\u0131radan \u00e7\u0131xd\u0131. \u018fn t\u0259hl\u00fck\u0259li m\u0259qamlardan biri d\u0259 budur ki, Erm\u0259nistan ill\u0259rdir ki, su m\u0259nb\u0259l\u0259rini d\u0259 \u00e7irkl\u0259ndirir, radioaktiv tulant\u0131lar\u0131 \u00e7aylara ax\u0131d\u0131r. B\u00fct\u00fcn bunlar beyn\u0259lxalq cinay\u0259tdir. Transs\u0259rh\u0259d \u00e7ay olan Ox\u00e7u\u00e7ay Erm\u0259nistan \u0259razisind\u0259 daim k\u0259skin \u00e7irkl\u0259nm\u0259y\u0259 m\u0259ruz qal\u0131r. \u0130\u015f\u011fal\u00e7\u0131 \u00f6lk\u0259d\u0259 da\u011f-m\u0259d\u0259n \u015firk\u0259tl\u0259rinin f\u0259aliyy\u0259ti Ox\u00e7u\u00e7ayda f\u0259lak\u0259tli v\u0259ziyy\u0259t yarad\u0131b\u201d.<\/p>\n<p><img src=\"https:\/\/ikisahil.az\/upload\/\/2023\/10\/26\/\/-ab24cd2b169832206976665386310336008.jpg\" alt=\"\" \/><\/p>\n<p>\u0130. H\u0259s\u0259nova vur\u011fulad\u0131 ki, azad edilmi\u015f \u0259razil\u0259rd\u0259 ekoloji f\u0259lak\u0259tin miqyas\u0131, Erm\u0259nistan t\u0259r\u0259find\u0259n t\u00f6r\u0259dilmi\u015f ekosid a\u011flas\u0131\u011fmazd\u0131r: \u201cQaraba\u011f v\u0259 \u015e\u0259rqi Z\u0259ng\u0259zurda xeyli sayda me\u015f\u0259l\u0259rin q\u0131r\u0131lmas\u0131 v\u0259 ya yand\u0131r\u0131lmas\u0131, torpaq v\u0259 su h\u00f6vz\u0259l\u0259rinin qanunsuz da\u011f-m\u0259d\u0259n s\u0259nayesi i\u015fl\u0259ri n\u0259tic\u0259sind\u0259 kimy\u0259vi c\u0259h\u0259td\u0259n \u00e7irkl\u0259ndirilm\u0259si, basd\u0131r\u0131lan minalar t\u0259kc\u0259 insanlar \u00fc\u00e7\u00fcn deyil, h\u0259m d\u0259 heyvanlar \u00fc\u00e7\u00fcn t\u0259hl\u00fck\u0259 m\u0259nb\u0259yidir. Mina qurban\u0131 olan heyvanlar i\u00e7\u0259risind\u0259 n\u0259sli k\u0259silm\u0259kd\u0259 olan Beyn\u0259lxalq Q\u0131rm\u0131z\u0131 Siyah\u0131ya d\u00fc\u015fm\u00fc\u015f n\u00f6vl\u0259r d\u0259 var. Erm\u0259nistan h\u0259m d\u0259 heyvanlardan sui-q\u0259sd\u00e7i kimi istifad\u0259 edib. 2023-c\u00fc il sentyabr\u0131n 11-ind\u0259 Erm\u0259nistan\u0131n Az\u0259rbaycan \u0259razisind\u0259ki qeyri-qanuni silahl\u0131 d\u0259st\u0259l\u0259ri itin \u00fcz\u0259rin\u0259 uzaqdan idar\u0259 olunan \u0259ld\u0259qay\u0131rma partlay\u0131c\u0131 qur\u011fu ba\u011flayaraq onu Az\u0259rbaycan Ordusunun m\u00f6vqel\u0259ri istiqam\u0259tind\u0259 h\u0259r\u0259k\u0259t etm\u0259y\u0259 m\u0259cbur edibl\u0259r. D\u00f6y\u00fc\u015f n\u00f6vb\u0259t\u00e7iliyi aparan Az\u0259rbaycan Ordusunun h\u0259rbi qulluq\u00e7ular\u0131n say\u0131ql\u0131\u011f\u0131 n\u0259tic\u0259sind\u0259 terror akt\u0131n\u0131n qar\u015f\u0131s\u0131 al\u0131n\u0131b. Erm\u0259nistan t\u0259r\u0259find\u0259n heyvanlara, v\u0259h\u015fi t\u0259bi\u0259t\u0259 qar\u015f\u0131 s\u0259rgil\u0259n\u0259n bu c\u00fcr q\u0259ddar m\u00fcnasib\u0259t yolverilm\u0259zdir. C\u0259nubi Qafqaz kimi biom\u00fcxt\u0259liflik c\u0259h\u0259td\u0259n z\u0259ngin bir regionun nadir t\u0259bi\u0259t incil\u0259ri, heyvanlar\u0131 bu c\u00fcr r\u0259ftara m\u0259ruz qalmamal\u0131d\u0131r\u201d.<\/p>\n<p><img src=\"https:\/\/ikisahil.az\/upload\/\/2023\/10\/26\/\/-24368c74169832208741332732611079021.png\" alt=\"\" \/><\/p>\n<p>QHT s\u0259dru, bu g\u00fcnl\u0259rd\u0259 azad edilmi\u015f \u0259razil\u0259rd\u0259 mina qurbanlar\u0131 olan 2 ay\u0131n\u0131n ictimail\u0259\u015f\u0259n video v\u0259 fotolar\u0131 bar\u0259d\u0259 dan\u0131\u015fark\u0259n qeyd etdi ki, g\u00f6r\u00fcnt\u00fcl\u0259rd\u0259 ay\u0131lardan birinin minaya d\u00fc\u015f\u0259r\u0259k \u015fik\u0259st qalmas\u0131, dig\u0259r ay\u0131 balas\u0131n\u0131n is\u0259 minan\u0131 tapdalamaqla \u00f6lm\u0259si ayd\u0131n m\u00fc\u015fahid\u0259 edilib: \u201cT\u0259\u0259ss\u00fcf ki, ay\u0131 balas\u0131n\u0131n \u00f6l\u00fcm\u00fcn\u0259 s\u0259b\u0259b olan mina 2021-ci ild\u0259 Erm\u0259nistanda istehsal olunub. Bu is\u0259 o dem\u0259kdir ki, Erm\u0259nistan 2020-ci ild\u0259 44 g\u00fcnl\u00fck m\u00fcharib\u0259d\u0259n sonra da La\u00e7\u0131n yolundan sui-istifad\u0259 ed\u0259r\u0259k Az\u0259rbaycan \u0259razil\u0259rini minalamaqda davam edib. Yaln\u0131z 2023-c\u00fc ilin sentyabr\u0131nda Az\u0259rbaycan Ordusunun icra etdiyi lokal xarakterli antiterror t\u0259dbirl\u0259ri il\u0259 Erm\u0259nistan\u0131n Az\u0259rbaycan\u0131n suveren \u0259razil\u0259rini minalamas\u0131n\u0131n qar\u015f\u0131s\u0131n\u0131 al\u0131n\u0131b. \u00dcmumd\u00fcnya T\u0259bi\u0259ti M\u00fchafiz\u0259 Fondu bir ne\u00e7\u0259 il \u0259vv\u0259l (WWF) Erm\u0259nistanla Az\u0259rbaycan s\u0259rh\u0259dind\u0259 ayaqlar\u0131 sik\u0259st qalm\u0131\u015f 2 b\u0259birin (Panthera pardus) t\u0259svirini d\u0259 yaym\u0131\u015fd\u0131\u201d.<\/p>\n<p>Ekspert bildirdi ki, beyn\u0259lxalq ictimaiyy\u0259t Erm\u0259nistan t\u0259r\u0259find\u0259n yaln\u0131z Az\u0259rbaycan\u0131n deyil, el\u0259c\u0259 d\u0259 b\u0259\u015f\u0259riyy\u0259tin irsin\u0259 qar\u015f\u0131 t\u00f6r\u0259dil\u0259n v\u0259h\u015filikl\u0259r\u0259 susmamal\u0131d\u0131r: \u201c30 il\u0259 yax\u0131n m\u00fcdd\u0259t \u0259rzind\u0259 beyn\u0259lxalq h\u00fcquq, o c\u00fcml\u0259d\u0259n beyn\u0259lxalq humanitar h\u00fcquq normalar\u0131n\u0131 pozan bu kimi \u00e7oxsayl\u0131 m\u00fcharib\u0259 cinay\u0259tl\u0259rini t\u00f6r\u0259tmi\u015f \u015f\u0259xsl\u0259r\u0259 qar\u015f\u0131 h\u0259r hans\u0131 h\u00fcquqi m\u0259suliyy\u0259t t\u0259dbirl\u0259rinin g\u00f6r\u00fclm\u0259yib. Bu laqeydliyin n\u0259tic\u0259sidir ki, indiy\u0259 q\u0259d\u0259r bu kimi insanl\u0131\u011fa s\u0131\u011fmayan, nifr\u0259t dolu cinay\u0259tkar \u0259m\u0259ll\u0259r davam etdirilir. Halbuki m\u00f6vcud istiqam\u0259td\u0259 beyn\u0259lxalq al\u0259md\u0259 q\u0259bul edilmi\u015f \u00e7oxsayl\u0131 s\u0259n\u0259dl\u0259r, etik kodeksl\u0259r v\u0259 m\u0259c\u0259ll\u0259l\u0259r var ki, b\u00fct\u00fcn bunlar ekoloji probleml\u0259rin qar\u015f\u0131s\u0131n\u0131n al\u0131nmas\u0131n\u0131 b\u0259\u015f\u0259riyy\u0259tin \u00fcmd\u0259 v\u0259zif\u0259si kimi m\u00fc\u0259yy\u0259nl\u0259\u015fdirm\u0259kd\u0259dir. Erm\u0259nistan\u0131n bel\u0259 m\u00fct\u0259r\u0259qqi anlay\u0131\u015f v\u0259 \u00e7a\u011f\u0131r\u0131\u015flara da m\u0259h\u0259l qoymamas\u0131, m\u0259suliyy\u0259tsiz yana\u015fma t\u0259rzi \u00f6lk\u0259nin insani prinsipl\u0259rd\u0259n uzaql\u0131\u011f\u0131n\u0131n g\u00f6st\u0259ricisidir. Beyn\u0259lxalq t\u0259\u015fkilatlar bu az\u011f\u0131nl\u0131\u011fa t\u0259cili qiym\u0259t verm\u0259li, erm\u0259ni ekogilyotinini dayand\u0131rmal\u0131d\u0131r\u201d.<\/p>\n","protected":false},"excerpt":{"rendered":"<p>2020-ci ild\u0259 Erm\u0259nistan Respublikas\u0131n\u0131n i\u015f\u011fal\u0131ndan azad edilmi\u015f v\u0259 2023-c\u00fc ild\u0259 Erm\u0259nistan silahl\u0131 q\u00fcvv\u0259l\u0259rinin qal\u0131qlar\u0131ndan, qeyri-qanuni d\u0259st\u0259l\u0259rd\u0259n t\u0259mizl\u0259nm\u0259kl\u0259 Az\u0259rbaycan Respublikas\u0131n\u0131n suverenliyinin v\u0259 Konstitusiya qurulu\u015funun b\u0259rpa olundu\u011fu \u0259razil\u0259rd\u0259 &#8211; Qaraba\u011f v\u0259 \u015e\u0259rqi Z\u0259ng\u0259zurda 1.5 milyondan \u00e7ox mina v\u0259 partlamam\u0131\u015f h\u0259rbi sursat\u0131n m\u00f6vcud olmas\u0131 ehtimal olunur. Az\u0259rbaycan d\u00fcnyada mina il\u0259 \u0259n \u00e7ox \u00e7irkl\u0259nmi\u015f \u00f6lk\u0259l\u0259rd\u0259n biridir. \u201cS\u0259ma v\u0259 Eko\u201d Sosial \u0130qtisadi \u0130nki\u015fafa D\u0259st\u0259k \u0130ctimai Birliyinin s\u0259dri \u0130rad\u0259 H\u0259s\u0259nova \u201c\u0130ki sahil\u201d\u0259 a\u00e7\u0131qlamas\u0131nda bildirdi ki, \u0130kinci Qaraba\u011f m\u00fcharib\u0259si vaxt\u0131 \u00f6lk\u0259mizin milli parklar\u0131 da daxil olmaqla qorunan t\u0259bi\u0259t \u0259razil\u0259ri Erm\u0259nistan silahl\u0131 q\u00fcvv\u0259l\u0259ri t\u0259r\u0259find\u0259n geni\u015fmiqyasl\u0131 yan\u011f\u0131nlara s\u0259b\u0259b olan&hellip;<\/p>\n","protected":false},"author":2,"featured_media":649785,"comment_status":"closed","ping_status":"closed","sticky":false,"template":"","format":"standard","meta":{"om_disable_all_campaigns":false,"_monsterinsights_skip_tracking":false,"_monsterinsights_sitenote_active":false,"_monsterinsights_sitenote_note":"","_monsterinsights_sitenote_category":0},"categories":[1],"tags":[],"aioseo_notices":[],"gutentor_comment":0,"rttpg_featured_image_url":{"full":["https:\/\/arantv.az\/wp-content\/uploads\/2023\/10\/d2cd33e9169832199489239712611033235.jpg",975,540,false],"landscape":["https:\/\/arantv.az\/wp-content\/uploads\/2023\/10\/d2cd33e9169832199489239712611033235.jpg",975,540,false],"portraits":["https:\/\/arantv.az\/wp-content\/uploads\/2023\/10\/d2cd33e9169832199489239712611033235.jpg",975,540,false],"thumbnail":["https:\/\/arantv.az\/wp-content\/uploads\/2023\/10\/d2cd33e9169832199489239712611033235-500x280.jpg",500,280,true],"medium":["https:\/\/arantv.az\/wp-content\/uploads\/2023\/10\/d2cd33e9169832199489239712611033235-660x365.jpg",660,365,true],"large":["https:\/\/arantv.az\/wp-content\/uploads\/2023\/10\/d2cd33e9169832199489239712611033235-840x465.jpg",640,354,true],"1536x1536":["https:\/\/arantv.az\/wp-content\/uploads\/2023\/10\/d2cd33e9169832199489239712611033235.jpg",975,540,false],"2048x2048":["https:\/\/arantv.az\/wp-content\/uploads\/2023\/10\/d2cd33e9169832199489239712611033235.jpg",975,540,false],"post-thumbnail":["https:\/\/arantv.az\/wp-content\/uploads\/2023\/10\/d2cd33e9169832199489239712611033235-240x172.jpg",240,172,true],"advps-thumb-one":["https:\/\/arantv.az\/wp-content\/uploads\/2023\/10\/d2cd33e9169832199489239712611033235.jpg",975,540,false]},"rttpg_author":{"display_name":"V\u00fcsal Rafiqo\u011flu","author_link":"https:\/\/arantv.az\/?author=2"},"rttpg_comment":0,"rttpg_category":"<a href=\"https:\/\/arantv.az\/?cat=1\" rel=\"category\">C\u0259miyy\u0259t<\/a>","rttpg_excerpt":"2020-ci ild\u0259 Erm\u0259nistan Respublikas\u0131n\u0131n i\u015f\u011fal\u0131ndan azad edilmi\u015f v\u0259 2023-c\u00fc ild\u0259 Erm\u0259nistan silahl\u0131 q\u00fcvv\u0259l\u0259rinin qal\u0131qlar\u0131ndan, qeyri-qanuni d\u0259st\u0259l\u0259rd\u0259n t\u0259mizl\u0259nm\u0259kl\u0259 Az\u0259rbaycan Respublikas\u0131n\u0131n suverenliyinin v\u0259 Konstitusiya qurulu\u015funun b\u0259rpa olundu\u011fu \u0259razil\u0259rd\u0259 &#8211; Qaraba\u011f v\u0259 \u015e\u0259rqi Z\u0259ng\u0259zurda 1.5 milyondan \u00e7ox mina v\u0259 partlamam\u0131\u015f h\u0259rbi sursat\u0131n m\u00f6vcud olmas\u0131 ehtimal olunur. Az\u0259rbaycan d\u00fcnyada mina il\u0259 \u0259n \u00e7ox \u00e7irkl\u0259nmi\u015f \u00f6lk\u0259l\u0259rd\u0259n biridir. \u201cS\u0259ma v\u0259 Eko\u201d&hellip;","_links":{"self":[{"href":"https:\/\/arantv.az\/index.php?rest_route=\/wp\/v2\/posts\/649781"}],"collection":[{"href":"https:\/\/arantv.az\/index.php?rest_route=\/wp\/v2\/posts"}],"about":[{"href":"https:\/\/arantv.az\/index.php?rest_route=\/wp\/v2\/types\/post"}],"author":[{"embeddable":true,"href":"https:\/\/arantv.az\/index.php?rest_route=\/wp\/v2\/users\/2"}],"replies":[{"embeddable":true,"href":"https:\/\/arantv.az\/index.php?rest_route=%2Fwp%2Fv2%2Fcomments&post=649781"}],"version-history":[{"count":0,"href":"https:\/\/arantv.az\/index.php?rest_route=\/wp\/v2\/posts\/649781\/revisions"}],"wp:featuredmedia":[{"embeddable":true,"href":"https:\/\/arantv.az\/index.php?rest_route=\/wp\/v2\/media\/649785"}],"wp:attachment":[{"href":"https:\/\/arantv.az\/index.php?rest_route=%2Fwp%2Fv2%2Fmedia&parent=649781"}],"wp:term":[{"taxonomy":"category","embeddable":true,"href":"https:\/\/arantv.az\/index.php?rest_route=%2Fwp%2Fv2%2Fcategories&post=649781"},{"taxonomy":"post_tag","embeddable":true,"href":"https:\/\/arantv.az\/index.php?rest_route=%2Fwp%2Fv2%2Ftags&post=649781"}],"curies":[{"name":"wp","href":"https:\/\/api.w.org\/{rel}","templated":true}]}}