{"id":649784,"date":"2023-10-26T18:07:59","date_gmt":"2023-10-26T14:07:59","guid":{"rendered":"https:\/\/arantv.az\/?p=649784"},"modified":"2023-10-26T18:07:59","modified_gmt":"2023-10-26T14:07:59","slug":"erm%c9%99nistan-mina-terroruna-gor%c9%99-t%c9%99zminat-od%c9%99m%c9%99lidir-r%c9%99y","status":"publish","type":"post","link":"https:\/\/arantv.az\/?p=649784","title":{"rendered":"Erm\u0259nistan mina terroruna g\u00f6r\u0259 t\u0259zminat \u00f6d\u0259m\u0259lidir &#8211; R\u018fY"},"content":{"rendered":"<p><em>2020-ci ild\u0259 Erm\u0259nistan Respublikas\u0131n\u0131n i\u015f\u011fal\u0131ndan azad edilmi\u015f v\u0259 2023-c\u00fc ild\u0259 Erm\u0259nistan silahl\u0131 q\u00fcvv\u0259l\u0259rinin qal\u0131qlar\u0131ndan, qeyri-qanuni d\u0259st\u0259l\u0259rd\u0259n t\u0259mizl\u0259nm\u0259kl\u0259 Az\u0259rbaycan Respublikas\u0131n\u0131n suverenliyinin v\u0259 Konstitusiya qurulu\u015funun b\u0259rpa olundu\u011fu \u0259razil\u0259rd\u0259 &#8211; Qaraba\u011f v\u0259 \u015e\u0259rqi Z\u0259ng\u0259zurda 1.5 milyondan \u00e7ox mina v\u0259 partlamam\u0131\u015f h\u0259rbi sursat\u0131n m\u00f6vcud olmas\u0131 ehtimal olunur. Az\u0259rbaycan d\u00fcnyada mina il\u0259 \u0259n \u00e7ox \u00e7irkl\u0259nmi\u015f \u00f6lk\u0259l\u0259rd\u0259n biridir.\u00a0 \u0130nsanlar, v\u0259h\u015fi t\u0259bi\u0259t, heyvanlar Erm\u0259nistan\u0131n h\u0259rbi-siyasi t\u0259xribatlar\u0131n\u0131n qurban\u0131na \u00e7evrilirl\u0259r.<\/em><\/p>\n<p><img src=\"https:\/\/ikisahil.az\/upload\/\/2023\/10\/26\/\/-8f822ac8169831984859733551611075051.png\" alt=\"\" \/><\/p>\n<p>Bu m\u0259s\u0259l\u0259 il\u0259 ba\u011fl\u0131\u00a0<strong>\u201c\u0130ki sahil\u201d<\/strong>\u0259 a\u00e7\u0131qlama ver\u0259n\u00a0<strong>\u201cYa\u015fil D\u00fcnya\u201d Ekoloji Maarifl\u0259ndirm\u0259 \u0130ctimai Birliyinin s\u0259dri Elman C\u0259f\u0259rli\u00a0<\/strong>bildirib ki, son 30 illik i\u015f\u011fal d\u00f6n\u0259mind\u0259 erm\u0259nil\u0259r Az\u0259rbaycan torpaqlar\u0131n\u0131 minalarla \u00e7irkl\u0259ndiribl\u0259r. T\u0259xmini hesablamalara g\u00f6r\u0259, Qaraba\u011f v\u0259 \u015e\u0259rqi Z\u0259ng\u0259zur \u0259razisind\u0259 milyondan \u00e7ox mina basd\u0131r\u0131l\u0131b. Bu mina terrorunun h\u0259d\u0259fin\u0259 t\u0259kc\u0259 insanlar , h\u0259rbi v\u0259 m\u00fclki texnikam\u0131z \u00e7evrilmir: \u201c\u00c7ox t\u0259\u0259ss\u00fcf ki, ba\u015fqa canl\u0131lar da mina qurban\u0131na \u00e7evrilir. Bu g\u00fcnl\u0259rd\u0259 sosial \u015f\u0259b\u0259k\u0259l\u0259rd\u0259 rast\u0131ma 2 video \u00e7\u0131xd\u0131. Birind\u0259 aya\u011f\u0131 qopmu\u015f ay\u0131 g\u00f6r\u00fcn\u00fcr. O birind\u0259 minal\u0131 \u0259razid\u0259 ay\u0131 balas\u0131n\u0131n s\u00fcm\u00fckl\u0259ri m\u00fc\u015fahid\u0259 edilir. B\u00f6y\u00fck ehtimalla, ay\u0131 balas\u0131 minadan t\u0259l\u0259f olub. Bu g\u00f6r\u00fcnt\u00fcl\u0259r \u00fcr\u0259k a\u011fr\u0131d\u0131r. Erm\u0259nil\u0259r son 30 ild\u0259 ba\u015f\u0131m\u0131za olmaz\u0131n m\u00fcsib\u0259tl\u0259ri g\u0259tiribl\u0259r. Erm\u0259ni t\u0259bli\u011fat\u0131n\u0131n girovuna \u00e7evrilmi\u015f d\u00fcnya medias\u0131, beyn\u0259lxalq t\u0259\u015fkilatlar da b\u0259z\u0259n buna g\u00f6z yumub. Ancaq indi d\u00fcnya d\u0259yi\u015fib. Ekoloji y\u00f6n\u00fcml\u00fc beyn\u0259lxalq t\u0259\u015fkilatlar\u0131n\u0131n n\u00fcmay\u0259nd\u0259l\u0259rini Qaraba\u011fa, \u015e\u0259rqi Z\u0259ng\u0259zura d\u0259v\u0259t etm\u0259liyik. Qoy, g\u0259lib erm\u0259ni vandalizmini \u00f6z g\u00f6zl\u0259ri il\u0259 g\u00f6rs\u00fcnl\u0259r. G\u0259lib\u00a0 talan edilmi\u015f A\u011fd\u0259r\u0259nin, K\u0259lb\u0259c\u0259rin, Z\u0259ngilan\u0131n q\u0131z\u0131l m\u0259d\u0259nl\u0259rini g\u00f6rs\u00fcnl\u0259r. Su resurslar\u0131m\u0131z\u0131n \u00e7irkl\u0259ndirilm\u0259sinin \u015fahidi olsunlar. G\u00f6rs\u00fcnl\u0259r ki, erm\u0259ni vandalizminin h\u0259d\u0259fin\u0259 t\u0259kc\u0259 insanlar deyil, b\u00fct\u00fcn canl\u0131 al\u0259m \u00e7evrilib.\u201d<\/p>\n<p><img src=\"https:\/\/ikisahil.az\/upload\/\/2023\/10\/26\/\/-da0b1b5b169831979675782277810392282.png\" alt=\"\" \/><\/p>\n<p>Ekspert qeyd edib ki, erm\u0259nil\u0259r heyvanlardan h\u0259rbi m\u0259qs\u0259dl\u0259r \u00fc\u00e7\u00fcn istifad\u0259 edibl\u0259r: \u201cXat\u0131rlay\u0131rs\u0131n\u0131zsa, 2023-c\u00fc il sentyabr\u0131n 11-d\u0259 Erm\u0259nistan\u0131n Az\u0259rbaycan \u0259razisind\u0259ki qeyri-qanuni silahl\u0131 d\u0259st\u0259l\u0259ri itin \u00fcz\u0259rin\u0259 uzaqdan idar\u0259 olunan \u0259ld\u0259qay\u0131rma partlay\u0131c\u0131 qur\u011fu ba\u011flam\u0131\u015fd\u0131lar.<\/p>\n<p><img src=\"https:\/\/ikisahil.az\/upload\/\/2023\/10\/26\/\/-167ccbe1169831990713666858610177405.jpg\" alt=\"\" \/><\/p>\n<p>Erm\u0259nil\u0259rin yand\u0131rd\u0131\u011f\u0131 me\u015f\u0259 sah\u0259l\u0259rind\u0259 n\u0259 q\u0259d\u0259r canl\u0131 al\u0259m m\u0259hv olub. Hesab edir\u0259m ki, erm\u0259nil\u0259rin \u00f6l\u00e7\u00fcy\u0259g\u0259lm\u0259z ekoloji cinay\u0259tl\u0259ri if\u015fa edilm\u0259lidir. C\u0259nubi Qafqaz\u0131n nadir t\u0259bi\u0259t incil\u0259rin\u0259, canl\u0131 al\u0259m\u0259 qar\u015f\u0131 mina terroruna g\u00f6r\u0259 Erm\u0259nistan t\u0259zminat \u00f6d\u0259m\u0259lidir\u201d.<\/p>\n","protected":false},"excerpt":{"rendered":"<p>2020-ci ild\u0259 Erm\u0259nistan Respublikas\u0131n\u0131n i\u015f\u011fal\u0131ndan azad edilmi\u015f v\u0259 2023-c\u00fc ild\u0259 Erm\u0259nistan silahl\u0131 q\u00fcvv\u0259l\u0259rinin qal\u0131qlar\u0131ndan, qeyri-qanuni d\u0259st\u0259l\u0259rd\u0259n t\u0259mizl\u0259nm\u0259kl\u0259 Az\u0259rbaycan Respublikas\u0131n\u0131n suverenliyinin v\u0259 Konstitusiya qurulu\u015funun b\u0259rpa olundu\u011fu \u0259razil\u0259rd\u0259 &#8211; Qaraba\u011f v\u0259 \u015e\u0259rqi Z\u0259ng\u0259zurda 1.5 milyondan \u00e7ox mina v\u0259 partlamam\u0131\u015f h\u0259rbi sursat\u0131n m\u00f6vcud olmas\u0131 ehtimal olunur. Az\u0259rbaycan d\u00fcnyada mina il\u0259 \u0259n \u00e7ox \u00e7irkl\u0259nmi\u015f \u00f6lk\u0259l\u0259rd\u0259n biridir.\u00a0 \u0130nsanlar, v\u0259h\u015fi t\u0259bi\u0259t, heyvanlar Erm\u0259nistan\u0131n h\u0259rbi-siyasi t\u0259xribatlar\u0131n\u0131n qurban\u0131na \u00e7evrilirl\u0259r. Bu m\u0259s\u0259l\u0259 il\u0259 ba\u011fl\u0131\u00a0\u201c\u0130ki sahil\u201d\u0259 a\u00e7\u0131qlama ver\u0259n\u00a0\u201cYa\u015fil D\u00fcnya\u201d Ekoloji Maarifl\u0259ndirm\u0259 \u0130ctimai Birliyinin s\u0259dri Elman C\u0259f\u0259rli\u00a0bildirib ki, son 30 illik i\u015f\u011fal d\u00f6n\u0259mind\u0259 erm\u0259nil\u0259r Az\u0259rbaycan torpaqlar\u0131n\u0131 minalarla \u00e7irkl\u0259ndiribl\u0259r. T\u0259xmini hesablamalara g\u00f6r\u0259,&hellip;<\/p>\n","protected":false},"author":2,"featured_media":649788,"comment_status":"closed","ping_status":"closed","sticky":false,"template":"","format":"standard","meta":{"om_disable_all_campaigns":false,"_monsterinsights_skip_tracking":false,"_monsterinsights_sitenote_active":false,"_monsterinsights_sitenote_note":"","_monsterinsights_sitenote_category":0},"categories":[1],"tags":[],"aioseo_notices":[],"gutentor_comment":0,"rttpg_featured_image_url":{"full":["https:\/\/arantv.az\/wp-content\/uploads\/2023\/10\/b23f522016983207748775675061002938.jpg",975,540,false],"landscape":["https:\/\/arantv.az\/wp-content\/uploads\/2023\/10\/b23f522016983207748775675061002938.jpg",975,540,false],"portraits":["https:\/\/arantv.az\/wp-content\/uploads\/2023\/10\/b23f522016983207748775675061002938.jpg",975,540,false],"thumbnail":["https:\/\/arantv.az\/wp-content\/uploads\/2023\/10\/b23f522016983207748775675061002938-500x280.jpg",500,280,true],"medium":["https:\/\/arantv.az\/wp-content\/uploads\/2023\/10\/b23f522016983207748775675061002938-660x365.jpg",660,365,true],"large":["https:\/\/arantv.az\/wp-content\/uploads\/2023\/10\/b23f522016983207748775675061002938-840x465.jpg",640,354,true],"1536x1536":["https:\/\/arantv.az\/wp-content\/uploads\/2023\/10\/b23f522016983207748775675061002938.jpg",975,540,false],"2048x2048":["https:\/\/arantv.az\/wp-content\/uploads\/2023\/10\/b23f522016983207748775675061002938.jpg",975,540,false],"post-thumbnail":["https:\/\/arantv.az\/wp-content\/uploads\/2023\/10\/b23f522016983207748775675061002938-240x172.jpg",240,172,true],"advps-thumb-one":["https:\/\/arantv.az\/wp-content\/uploads\/2023\/10\/b23f522016983207748775675061002938.jpg",975,540,false]},"rttpg_author":{"display_name":"V\u00fcsal Rafiqo\u011flu","author_link":"https:\/\/arantv.az\/?author=2"},"rttpg_comment":0,"rttpg_category":"<a href=\"https:\/\/arantv.az\/?cat=1\" rel=\"category\">C\u0259miyy\u0259t<\/a>","rttpg_excerpt":"2020-ci ild\u0259 Erm\u0259nistan Respublikas\u0131n\u0131n i\u015f\u011fal\u0131ndan azad edilmi\u015f v\u0259 2023-c\u00fc ild\u0259 Erm\u0259nistan silahl\u0131 q\u00fcvv\u0259l\u0259rinin qal\u0131qlar\u0131ndan, qeyri-qanuni d\u0259st\u0259l\u0259rd\u0259n t\u0259mizl\u0259nm\u0259kl\u0259 Az\u0259rbaycan Respublikas\u0131n\u0131n suverenliyinin v\u0259 Konstitusiya qurulu\u015funun b\u0259rpa olundu\u011fu \u0259razil\u0259rd\u0259 &#8211; Qaraba\u011f v\u0259 \u015e\u0259rqi Z\u0259ng\u0259zurda 1.5 milyondan \u00e7ox mina v\u0259 partlamam\u0131\u015f h\u0259rbi sursat\u0131n m\u00f6vcud olmas\u0131 ehtimal olunur. Az\u0259rbaycan d\u00fcnyada mina il\u0259 \u0259n \u00e7ox \u00e7irkl\u0259nmi\u015f \u00f6lk\u0259l\u0259rd\u0259n biridir.\u00a0 \u0130nsanlar, v\u0259h\u015fi t\u0259bi\u0259t,&hellip;","_links":{"self":[{"href":"https:\/\/arantv.az\/index.php?rest_route=\/wp\/v2\/posts\/649784"}],"collection":[{"href":"https:\/\/arantv.az\/index.php?rest_route=\/wp\/v2\/posts"}],"about":[{"href":"https:\/\/arantv.az\/index.php?rest_route=\/wp\/v2\/types\/post"}],"author":[{"embeddable":true,"href":"https:\/\/arantv.az\/index.php?rest_route=\/wp\/v2\/users\/2"}],"replies":[{"embeddable":true,"href":"https:\/\/arantv.az\/index.php?rest_route=%2Fwp%2Fv2%2Fcomments&post=649784"}],"version-history":[{"count":0,"href":"https:\/\/arantv.az\/index.php?rest_route=\/wp\/v2\/posts\/649784\/revisions"}],"wp:featuredmedia":[{"embeddable":true,"href":"https:\/\/arantv.az\/index.php?rest_route=\/wp\/v2\/media\/649788"}],"wp:attachment":[{"href":"https:\/\/arantv.az\/index.php?rest_route=%2Fwp%2Fv2%2Fmedia&parent=649784"}],"wp:term":[{"taxonomy":"category","embeddable":true,"href":"https:\/\/arantv.az\/index.php?rest_route=%2Fwp%2Fv2%2Fcategories&post=649784"},{"taxonomy":"post_tag","embeddable":true,"href":"https:\/\/arantv.az\/index.php?rest_route=%2Fwp%2Fv2%2Ftags&post=649784"}],"curies":[{"name":"wp","href":"https:\/\/api.w.org\/{rel}","templated":true}]}}