{"id":649787,"date":"2023-10-26T18:10:13","date_gmt":"2023-10-26T14:10:13","guid":{"rendered":"https:\/\/arantv.az\/?p=649787"},"modified":"2023-10-26T18:10:13","modified_gmt":"2023-10-26T14:10:13","slug":"dovl%c9%99tcilik-tariximizin-z%c9%99f%c9%99r-salnam%c9%99si-2003-2023","status":"publish","type":"post","link":"https:\/\/arantv.az\/?p=649787","title":{"rendered":"D\u00f6vl\u0259t\u00e7ilik tariximizin Z\u0259f\u0259r salnam\u0259si &#8211; 2003-2023"},"content":{"rendered":"<p><em><strong>Prezident \u0130lham \u018fliyevin h\u0259yata ke\u00e7irdiyi islahatlar v\u0259 uzaqg\u00f6r\u0259n, m\u0259qs\u0259dy\u00f6nl\u00fc xarici siyas\u0259t say\u0259sind\u0259 Az\u0259rbaycan C\u0259nubi Qafqazda lider d\u00f6vl\u0259t\u0259 \u00e7evrilmi\u015fdir<\/strong><\/em><\/p>\n<p>Ulu \u00d6nd\u0259r Heyd\u0259r \u018fliyevin arzu v\u0259 ist\u0259kl\u0259rini liderlik f\u0259aliyy\u0259ti il\u0259 ger\u00e7\u0259kl\u0259\u015fdir\u0259n Prezident \u0130lham \u018fliyev Az\u0259rbaycan\u0131 d\u00fcnyaya G\u00fcn\u0259\u015f kimi do\u011fan \u00f6lk\u0259 kimi tan\u0131td\u0131r\u0131r, siyasi, iqtisadi, h\u0259rbi q\u00fcdr\u0259ti il\u0259 se\u00e7il\u0259n Qalib \u00f6lk\u0259y\u0259 \u00e7evirir. H\u0259mkarlar\u0131 aras\u0131nda z\u0259kas\u0131, d\u00f6vl\u0259t\u00e7ilik t\u0259cr\u00fcb\u0259si, siyasi portreti il\u0259 say\u0131l\u0131b-se\u00e7il\u0259n, b\u00f6y\u00fck h\u00f6rm\u0259t\u0259 v\u0259 n\u00fcfuza malik Prezident \u0130lham \u018fliyev verdiyi v\u0259din\u0259 sadiq qalaraq Az\u0259rbaycan xalq\u0131 \u00fc\u00e7\u00fcn yax\u015f\u0131 Prezident oldu\u011funu \u0259m\u0259li il\u0259 s\u00fcbut edir. M\u00fcasir Az\u0259rbaycan\u0131n m\u00fc\u0259llifi olan Ulu \u00d6nd\u0259r Heyd\u0259r \u018fliyevin ist\u0259kl\u0259rini d\u00fc\u015f\u00fcn\u00fclm\u00fc\u015f proqramlar \u00e7\u0259r\u00e7iv\u0259sind\u0259, xalq\u0131n maraqlar\u0131na , d\u00f6vl\u0259t\u00e7ilik m\u0259nafel\u0259rin\u0259 uy\u011fun m\u0259rh\u0259l\u0259-m\u0259rh\u0259l\u0259 yerin\u0259 yetir\u0259n d\u00f6vl\u0259t ba\u015f\u00e7\u0131m\u0131z diplomatik u\u011furlar\u0131 il\u0259 d\u0259 h\u0259mkarlar\u0131n\u0131n \u00f6n\u00fcnd\u0259 gedir.<\/p>\n<p>Respublikaya r\u0259hb\u0259rliyinin ilk g\u00fcn\u00fcnd\u0259n \u00ab N\u0259d\u0259n ba\u015flamal\u0131\u00bb sual\u0131n\u0131 z\u0259kas\u0131n\u0131n q\u00fcdr\u0259ti il\u0259 m\u00fc\u0259yy\u0259nl\u0259\u015fdir\u0259n Prezident \u0130lham \u018fliyev m\u00fc\u0259llifi Ulu \u00d6nd\u0259r Heyd\u0259r \u018fliyev olan neft strategiyas\u0131n\u0131n co\u011frafiyas\u0131n\u0131 geni\u015fl\u0259ndirm\u0259kl\u0259, investisiya ax\u0131n\u0131n\u0131 s\u00fcr\u0259tl\u0259ndirm\u0259kl\u0259 \u00f6lk\u0259 iqtisadiyyat\u0131n\u0131 m\u00f6hk\u0259ml\u0259ndirdi. Beyn\u0259lxalq al\u0259md\u0259 ba\u015f ver\u0259n hadis\u0259l\u0259r\u0259, yenilikl\u0259r\u0259 uy\u011fun m\u00fc\u0259yy\u0259nl\u0259\u015fdirdiyi siyasi, iqtisadi , sosial islahatlar\u0131n paralel h\u0259yata ke\u00e7irilm\u0259si kimi sivil t\u0259cr\u00fcb\u0259nin ilk d\u0259f\u0259 t\u0259tbiq olundu\u011fu Az\u0259rbaycan\u0131n xarici \u00f6lk\u0259l\u0259rl\u0259 iqtisadi, ticari, m\u0259d\u0259ni \u0259laq\u0259l\u0259rini geni\u015fl\u0259ndirm\u0259si \u00f6lk\u0259miz\u0259 mara\u011f\u0131 daha da art\u0131rd\u0131. X\u00fcsusil\u0259, neft-qaz yataqlar\u0131n\u0131n birg\u0259 i\u015fl\u0259nm\u0259sin\u0259 dair d\u00fcnyan\u0131n qabaqc\u0131l neft \u015firk\u0259tl\u0259ri il\u0259 imzalanan m\u00fcqavil\u0259l\u0259r \u0259sas\u0131nda enerji layih\u0259l\u0259rinin realla\u015fmas\u0131, \u0259m\u0259kda\u015fl\u0131q format\u0131n\u0131n, co\u011frafiyas\u0131n\u0131n geni\u015fl\u0259ndirilm\u0259si, s\u00fcr\u0259tl\u0259 d\u0259yi\u015f\u0259n \u00e7a\u011fda\u015f d\u00fcnyada, qloballa\u015fma v\u0259 inteqrasiya prosesl\u0259rind\u0259 f\u0259all\u0131q g\u00f6st\u0259r\u0259n Az\u0259rbaycana mara\u011f\u0131 art\u0131rd\u0131. B\u00fct\u00fcn beyn\u0259lxalq g\u00f6r\u00fc\u015fl\u0259rd\u0259 v\u0259 i\u015ftirak etdiyi y\u00fcks\u0259k s\u0259viyy\u0259li dan\u0131\u015f\u0131qlarda Az\u0259rbaycan\u0131n m\u0259nafel\u0259rini siyasi irad\u0259si il\u0259 m\u00fcdafi\u0259 ed\u0259n Prezident \u0130lham \u018fliyevin q\u0259tiyy\u0259ti \u00f6lk\u0259mizin xarici siyas\u0259tinin m\u0259ntiqi n\u0259tic\u0259sidir. Az\u0259rbaycan\u0131n beyn\u0259lxalq v\u0259 regional probleml\u0259rin h\u0259llind\u0259 artan rolu Prezident \u0130lham \u018fliyev haqq\u0131nda s\u00f6yl\u0259nil\u0259n xo\u015f s\u00f6zl\u0259rin ifad\u0259si d\u00f6vl\u0259t ba\u015f\u00e7\u0131m\u0131z\u0131n beyn\u0259lxalq al\u0259md\u0259 y\u00fcks\u0259l\u0259n reytinqinin g\u00f6st\u0259ricisidir.<\/p>\n<p>D\u00f6vl\u0259t\u00e7ilik tariximiz\u0259 q\u0259l\u0259b\u0259l\u0259r d\u00f6vr\u00fc kimi yaz\u0131lan son m\u00f6ht\u0259\u015f\u0259m 20 ild\u0259 \u00f6lk\u0259mizd\u0259 h\u0259yata ke\u00e7iril\u0259n islahatlar, quruculuq, inki\u015faf proqramlar\u0131 Prezident \u0130lham \u018fliyevin d\u00fcnyan\u0131n yeni geosiyasi \u015f\u0259rtl\u0259r\u0259 uy\u011funla\u015fd\u0131rd\u0131\u011f\u0131 siyas\u0259tin m\u0259ntiqi n\u0259tic\u0259sidir. \u00c7al\u0131\u015fd\u0131\u011f\u0131 b\u00fct\u00fcn sah\u0259l\u0259rd\u0259 g\u00f6st\u0259rdiyi q\u0259tiyy\u0259t, prinsipiall\u0131q, idar\u0259\u00e7ilik m\u0259har\u0259ti, v\u0259t\u0259nda\u015flara olan inam xalq-iqtidar birliyinin sars\u0131lmazl\u0131\u011f\u0131n\u0131 bir daha t\u0259sdiql\u0259di. Xalq aras\u0131nda qazand\u0131\u011f\u0131 b\u00f6y\u00fck r\u0259\u011fb\u0259tin, sonsuz inam\u0131n v\u0259 etibar\u0131n m\u0259ntiqi n\u0259tic\u0259si respublikam\u0131zda 2008, 2013 v\u0259 2018-ci ill\u0259rd\u0259 ke\u00e7iril\u0259n prezident se\u00e7kil\u0259rind\u0259 c\u0259nab \u0130lham \u018fliyev\u0259 g\u00f6st\u0259ril\u0259n y\u00fcks\u0259k etimadla t\u0259sdiql\u0259ndi.<\/p>\n<p>\u00d6lk\u0259mizin inki\u015faf parametrl\u0259rini \u0259ks etdir\u0259n \u00abAz\u0259rbaycan Respublikas\u0131nda sosial-iqtisadi inki\u015faf\u0131n s\u00fcr\u0259tl\u0259ndirilm\u0259si t\u0259dbirl\u0259ri haqq\u0131nda\u201d\u00bb 2003-c\u00fc il 24 noyabr tarixli F\u0259rman\u0131 il\u0259 m\u00f6ht\u0259\u015f\u0259m quruculuq i\u015fl\u0259rin\u0259 xeyir-dua ver\u0259n Prezident \u0130lham \u018fliyev m\u00fc\u0259yy\u0259n etdiyi strategiyan\u0131 davam etdirm\u0259kl\u0259 respublikam\u0131z\u0131n davaml\u0131 v\u0259 sistemli sosial-iqtisadi inki\u015faf\u0131n\u0131n dinamikas\u0131n\u0131 t\u0259min etdi. \u00ab\u018fsrin m\u00fcqavil\u0259si\u00bb\u201d il\u0259 X\u0259z\u0259r h\u00f6vz\u0259sini xarici investorlar \u00fc\u00e7\u00fcn a\u00e7an, \u00ab\u00dc\u00e7 d\u0259niz layih\u0259si\u00bbnin, enerji infrastrukturunun \u0259sas\u0131n\u0131 qoyan Ulu \u00d6nd\u0259r Heyd\u0259r \u018fliyevin neft strategiyas\u0131n\u0131n u\u011furlu davam\u0131 n\u0259tic\u0259sind\u0259 yaranan imkanlar qar\u015f\u0131ya qoyulan geni\u015fmiqyasl\u0131 v\u0259zif\u0259l\u0259rin tam h\u0259cmd\u0259 yerin\u0259 yetirilm\u0259si \u00fc\u00e7\u00fcn etibarl\u0131 z\u0259min yarand\u0131. \u00ab\u018fsrin m\u00fcqavil\u0259si\u00bb\u201dnin 20-ci ild\u00f6n\u00fcm\u00fcnd\u0259 C\u0259nub Qaz D\u0259hlizi\u201d layih\u0259sinin t\u0259m\u0259linin qoyulmas\u0131 il\u0259 Az\u0259rbaycan\u0131n enerji diplomatiyas\u0131n\u0131n u\u011furlar\u0131 beyn\u0259lxalq s\u0259viyy\u0259d\u0259 t\u0259sdiql\u0259ndi. TAP, TANAP kimi qlobal layih\u0259l\u0259rin icras\u0131 il\u0259 \u00f6lk\u0259miz\u0259 maraq daha da artd\u0131. Bak\u0131-Tbilisi-Qars d\u0259mir yolunun istismara verilm\u0259si, Bak\u0131 Beyn\u0259lxalq D\u0259niz Ticar\u0259t Liman\u0131 Kompleksinin v\u0259 \u018fl\u0259t Azad \u0130qtisadi Zonas\u0131n\u0131n a\u00e7\u0131lmas\u0131 il\u0259 q\u00fcdr\u0259tli \u00f6lk\u0259 kimi tan\u0131nan Az\u0259rbaycan regionun \u0259n b\u00f6y\u00fck ticar\u0259t v\u0259 logistika , \u015eimal-C\u0259nub, \u015e\u0259rq-Q\u0259rb v\u0259 Orta D\u0259hliz n\u0259qliyyat mar\u015frutlar\u0131n\u0131n m\u0259rk\u0259zin\u0259 \u00e7evrildi.<\/p>\n<p>Dan\u0131lmaz h\u0259qiq\u0259tdir ki, s\u00fcr\u0259tl\u0259 d\u0259yi\u015fil\u0259n geosiyasi reall\u0131qlar fonunda n\u0259qliyyat- infrastrutur layih\u0259l\u0259rinin ger\u00e7\u0259kl\u0259\u015fm\u0259sind\u0259 \u0259sas s\u00f6z sahibi Az\u0259rbaycand\u0131r. D\u00fcnyan\u0131n enerji v\u0259 n\u0259qliyyat x\u0259rit\u0259sini d\u0259yi\u015f\u0259n Prezident \u0130lham \u018fliyev uzaqg\u00f6r\u0259n siyas\u0259t\u00e7i oldu\u011funu \u0259m\u0259ll\u0259ri il\u0259 b\u0259yan etdi. Haz\u0131rda respublikam\u0131z regionda \u0259n b\u00f6y\u00fck m\u00fclki hava, X\u0259z\u0259r d\u0259nizind\u0259 is\u0259 \u0259n b\u00f6y\u00fck d\u0259niz y\u00fck donanmalar\u0131na malik \u00f6lk\u0259dir. Onun respublikaya r\u0259hb\u0259rliyi d\u00f6vr\u00fcnd\u0259 \u00f6lk\u0259mizd\u0259 8 beyn\u0259lxalq hava liman\u0131 tikilmi\u015f v\u0259 yenid\u0259n qurulmu\u015fdur. Az\u0259rbaycan\u0131n \u00abya\u015f\u0131l enerji\u201d\u00bb \u00f6lk\u0259si kimi tan\u0131nmas\u0131 istiqam\u0259tind\u0259 davam etdiril\u0259n siyas\u0259ti b\u00fct\u00fcn d\u00fcnya \u00f6lk\u0259l\u0259ri t\u0259r\u0259find\u0259n d\u0259st\u0259kl\u0259nir. Respublikam\u0131z\u0131n qlobal prosesl\u0259rin m\u0259nfi t\u0259sirind\u0259n minimum itkil\u0259rl\u0259 \u00e7\u0131xan azsayl\u0131 \u00f6lk\u0259l\u0259r s\u0131ras\u0131nda olmas\u0131 d\u00fc\u015f\u00fcn\u00fclm\u00fc\u015f siyas\u0259tin, z\u0259ngin t\u0259cr\u00fcb\u0259y\u0259 malik d\u00f6vl\u0259ti idar\u0259t etm\u0259 m\u0259har\u0259tinin n\u0259tic\u0259sidir. Beyn\u0259lxalq \u0259h\u0259miyy\u0259tli strateji, enerji, n\u0259qliyyat, logistika v\u0259 kommunikasiya qov\u015fa\u011f\u0131na \u00e7evril\u0259n \u00f6lk\u0259mizin sa\u011flam investisiya m\u00fchitin\u0259 malik olmas\u0131 xarici investorlar\u0131n Az\u0259rbaycana mara\u011f\u0131n\u0131 art\u0131r\u0131r.<\/p>\n<p>G\u00fccl\u00fc iqtisadiyyat\u0131 \u0259n \u00f6n\u0259mli \u015f\u0259rt kimi diqq\u0259td\u0259 saxlayan Prezident \u0130lham \u018fliyevin q\u0259tiyy\u0259tinin n\u0259tic\u0259sidir ki, \u00f6lk\u0259 \u00fczr\u0259 b\u00fct\u00fcn iqtisadi g\u00f6st\u0259ricil\u0259r dinamik s\u00fcr\u0259tl\u0259 y\u00fcks\u0259lir. 2003-2022-ci ill\u0259rd\u0259 Az\u0259rbaycanda \u00dcDM 7,3 milyard dollardan 78,7 milyard dollara y\u00fcks\u0259lib. D\u00f6vl\u0259t b\u00fcdc\u0259sinin x\u0259rcl\u0259ri 36,6 milyard manata \u00e7at\u0131b, strateji valyuta ehtiyatlar\u0131 1,4 milyard dollardan 66.1 milyard dollara q\u0259d\u0259r art\u0131b, orta ayl\u0131q \u0259m\u0259k haqq\u0131 77,4 manatdan 839,4 manata y\u00fcks\u0259lib, yoxsulluq s\u0259viyy\u0259si 44,7 faizd\u0259n 5,5 faiz\u0259 enib. D\u00f6vl\u0259t Neft Fondunun valyuta ehtiyatlar\u0131n\u0131n d\u0259f\u0259l\u0259rl\u0259 art\u0131r\u0131lmas\u0131 say\u0259sind\u0259 sosialy\u00f6n\u00fcml\u00fc layih\u0259l\u0259rin icras\u0131na diqq\u0259t art\u0131r\u0131l\u0131b. 20 ild\u0259 qeyri-neft ixrac\u0131 8 d\u0259f\u0259d\u0259n \u00e7ox artm\u0131\u015fd\u0131r. Bu d\u00f6vr \u0259rzind\u0259 respublika \u00fczr\u0259 51 aqropark yarad\u0131lm\u0131\u015fd\u0131r. \u018fhalinin sosial m\u00fcdafi\u0259si, x\u00fcsusil\u0259 \u0259n h\u0259ssas kateqoriyadan olan insanlar\u0131n sosial t\u0259minat m\u0259s\u0259l\u0259l\u0259ri, b\u00fct\u00f6vl\u00fckd\u0259 \u0259halinin sosial-iqtisadi rifah hal\u0131n\u0131n yax\u015f\u0131la\u015fd\u0131r\u0131lmas\u0131 c\u0259nab Prezidentin daim diqq\u0259t m\u0259rk\u0259zind\u0259 olmu\u015fdur.\u00a0\u00d6t\u0259n d\u00f6vrd\u0259 \u00f6lk\u0259mizd\u0259 elm v\u0259 t\u0259hsilin inki\u015faf\u0131na b\u00f6y\u00fck diqq\u0259t yetirilmi\u015fdir. \u00dcmummilli Lider Heyd\u0259r \u018fliyev t\u0259r\u0259find\u0259n \u0259sas\u0131 qoyulmu\u015f xaricd\u0259 t\u0259hsil siyas\u0259tini u\u011furla davam etdir\u0259n Prezident \u0130lham \u018fliyevin neft kapital\u0131n\u0131n insan kapital\u0131na \u00e7evrilm\u0259si tezisi h\u0259llini tap\u0131r. D\u00f6vl\u0259t proqramlar\u0131na uy\u011fun olaraq xaricd\u0259 t\u0259hsil alan, V\u0259t\u0259n\u0259 qay\u0131dan g\u0259ncl\u0259rimiz respublikan\u0131n ictimai-siyasi h\u0259yat\u0131nda yax\u0131ndan v\u0259 s\u0259m\u0259r\u0259li f\u0259aliyy\u0259t g\u00f6st\u0259rirl\u0259r. G\u0259n\u0259cl\u0259r\u0259 daha bir diqq\u0259t olan paytaxtda v\u0259 regionlarda idman\u0131n inki\u015faf\u0131 \u00fc\u00e7\u00fcn g\u00fccl\u00fc maddi-texniki bazas\u0131 yarad\u0131lm\u0131\u015f, 50-y\u0259 yax\u0131n Olimpiya idman kompleksi tikilmi\u015f, Az\u0259rbaycan idman\u00e7\u0131lar\u0131 beyn\u0259lxalq yar\u0131\u015flarda, Olimpiya oyunlar\u0131nda u\u011furlara imza atm\u0131\u015flar. \u00d6lk\u0259miz Avropa v\u0259 beyn\u0259lxalq s\u0259viyy\u0259li yar\u0131\u015flar\u0131n ke\u00e7irildiyi m\u0259kana \u00e7evrilmi\u015fdir. Eyni zamanda yeni texnologiyalar\u0131n v\u0259 kosmik s\u0259nayenin inki\u015faf\u0131 prioritet sah\u0259 kimi diqq\u0259td\u0259 saxlan\u0131lm\u0131\u015fd\u0131r.<\/p>\n<p>Az\u0259rbaycan bu g\u00fcn d\u00fcnyan\u0131n m\u0259hdud sayl\u0131 kosmik \u00f6lk\u0259l\u0259ri s\u0131ras\u0131nda yer al\u0131r. \u00abAzerspace-1, \u00abAzersky\u00bb v\u0259 \u00abAzerspace-2\u00bb peykl\u0259ri u\u011furla f\u0259aliyy\u0259t g\u00f6st\u0259rir.\u00a0Eyni zamanda Az\u0259rbaycanda iki yeni peyk istehsal olunacaq ki, bunlar da 2026-c\u0131 v\u0259 2028-ci ill\u0259rd\u0259 orbit\u0259 burax\u0131lacaq. Bak\u0131da 74-c\u00fc Beyn\u0259lxalq Astronavtika Konqresinin ke\u00e7irilm\u0259si kosmik s\u0259naye, m\u00fcasir texnologiya v\u0259 innovasiya sah\u0259l\u0259rind\u0259 b\u00f6y\u00fck u\u011furlara malik \u00f6lk\u0259mizin d\u00fcnya miqyas\u0131nda artan n\u00fcfuzunun g\u00f6st\u0259ricisidir.<\/p>\n<p>\u0130kinci Qaraba\u011f m\u00fcharib\u0259sind\u0259 Erm\u0259nistan \u00fcz\u0259rind\u0259 qazand\u0131\u011f\u0131m\u0131z tarixi Z\u0259f\u0259rd\u0259n sonra ke\u00e7mi\u015f qa\u00e7q\u0131n v\u0259 m\u0259cburi k\u00f6\u00e7k\u00fcnl\u0259r do\u011fma torpaqlar\u0131na qay\u0131d\u0131rlar. B\u00f6y\u00fck Qay\u0131d\u0131\u015f proqram\u0131na uy\u011fun olaraq i\u015f\u011faldan azad edilmi\u015f \u0259razil\u0259rd\u0259 121 q\u0259s\u0259b\u0259 v\u0259 ya\u015fay\u0131\u015f kompleksi in\u015fa edilmi\u015fdir.\u00a0Prezident \u0130lham \u018fliyevin d\u00fcnya miqyas\u0131nda y\u00fcks\u0259k n\u00fcfuzu say\u0259sind\u0259 2011-ci ilin oktyabr\u0131nda Az\u0259rbaycan g\u0259rgin m\u00fcbariz\u0259 \u015f\u0259raitind\u0259 ke\u00e7\u0259n s\u0259sverm\u0259d\u0259 155 d\u00f6vl\u0259tin d\u0259st\u0259yini qazanaraq BMT T\u0259hl\u00fck\u0259sizlik \u015euras\u0131n\u0131n iki il m\u00fcdd\u0259tin\u0259 qeyri-daimi \u00fczv\u00fc se\u00e7ilmi\u015fdir.\u00a0M\u0259hz \u0130lham \u018fliyevin diplomatik m\u0259har\u0259tinin v\u0259 d\u00fcnyadak\u0131 n\u00fcfuzunun n\u0259tic\u0259sidir ki, 2011-ci ild\u0259 Qo\u015fulmama H\u0259r\u0259kat\u0131na tamh\u00fcquqlu \u00fczv q\u0259bul olunmu\u015f Az\u0259rbaycan art\u0131q 2019-cu ild\u0259 bu t\u0259\u015fkilat\u0131n s\u0259dri se\u00e7ilmi\u015f v\u0259 u\u011furlu s\u0259drliyin\u0259 g\u00f6r\u0259 s\u0259drlik s\u0259lahiyy\u0259ti daha 1 il art\u0131r\u0131lm\u0131\u015fd\u0131r.<\/p>\n<p>\u00d6lk\u0259nin m\u00fcdafi\u0259 q\u00fcdr\u0259tinin m\u00f6hk\u0259ml\u0259ndirilm\u0259sin\u0259, ordu quruculu\u011funa, silahl\u0131 q\u00fcvv\u0259l\u0259rimizin \u0259n m\u00fcasir silah, sursat, h\u0259rbi texnika v\u0259 texnologiyalarla t\u0259chiz olunmas\u0131na y\u00f6n\u0259l\u0259n kompleks t\u0259dbirl\u0259r h\u0259yata ke\u00e7irilmi\u015fdir. \u00d6lk\u0259y\u0259 r\u0259hb\u0259rliy d\u00f6vr\u00fcnd\u0259 m\u00fcdafi\u0259 s\u0259nayemizin inki\u015faf\u0131na g\u00f6st\u0259rdiyi diqq\u0259ti Ali Ba\u015f Komandan kimi davam etdir\u0259n Prezident \u0130lham \u018fliyevin ba\u015f\u00e7\u0131l\u0131q etdiyi Silahl\u0131 Q\u00fcvv\u0259l\u0259rimizin d\u00f6y\u00fc\u015f qabiliyy\u0259tinin beyn\u0259lxalq s\u0259viyy\u0259d\u0259 y\u00fcks\u0259k d\u0259y\u0259rl\u0259ndirilm\u0259si liderlik , s\u0259rk\u0259rd\u0259lik m\u0259har\u0259tinin t\u0259sdiqidir. Bu g\u00fcn Az\u0259rbaycan xalq\u0131 qalib \u00f6lk\u0259nin v\u0259t\u0259nda\u015f\u0131 olduqlar\u0131 \u00fc\u00e7\u00fcn f\u0259xr edir, onlara bu sevinci ya\u015fadan Prezident \u0130lham \u018fliyevin \u0259trafnda s\u0131x birl\u0259\u015firl\u0259r. 44 g\u00fcnl\u00fck V\u0259t\u0259n m\u00fcharib\u0259sind\u0259 qazan\u0131lan m\u00f6ht\u0259\u015f\u0259m Z\u0259f\u0259r v\u0259 bir g\u00fcnl\u00fck lokal antiterror t\u0259dbirl\u0259rinin u\u011furlar\u0131 say\u0259sind\u0259 30 ild\u0259n art\u0131q m\u00fcdd\u0259td\u0259 Erm\u0259nistan\u0131n i\u015f\u011fal alt\u0131nda qalan torpaqlar\u0131m\u0131za B\u00f6y\u00fck Qay\u0131d\u0131\u015f ba\u015flan\u0131b. Bu g\u00fcn Prezident \u0130lham \u018fliyevin r\u0259hb\u0259rliyi il\u0259 h\u0259yata ke\u00e7iril\u0259n d\u00f6vl\u0259t siyas\u0259tinin \u0259n m\u00fch\u00fcm istiqam\u0259ti i\u015f\u011faldan azad edilmi\u015f \u0259razil\u0259rd\u0259 b\u0259rpa-quruculuq i\u015fl\u0259rinin apar\u0131lmas\u0131, m\u00fcasir sosial-m\u0259d\u0259ni infrastrukturun qurulmas\u0131, kommunikasiya v\u0259 n\u0259qliyyat x\u0259tl\u0259rinin b\u0259rpas\u0131d\u0131r. B\u00f6y\u00fck Qay\u0131d\u0131\u015fa dair I D\u00f6vl\u0259t Proqram\u0131 q\u0259bul edilmi\u015f v\u0259 u\u011furla icra edilir. Xank\u0259ndid\u0259 \u00fc\u00e7r\u0259ngli bayra\u011f\u0131m\u0131z\u0131 dal\u011faland\u0131ran Prezident \u0130lham \u018fliyevin q\u0259tiyy\u0259ti il\u0259 Qaraba\u011f v\u0259 \u015e\u0259rqi Z\u0259ng\u0259zur kimi, Xank\u0259ndinin, A\u011fd\u0259r\u0259nin, Xocav\u0259ndin, Xocal\u0131n\u0131n, \u018fsk\u0259ran\u0131n da simas\u0131n\u0131n d\u0259yi\u015f\u0259c\u0259yi, c\u0259nnt\u0259 \u00e7evril\u0259c\u0259yi g\u00fcn yax\u0131ndad\u0131r.<\/p>\n","protected":false},"excerpt":{"rendered":"<p>Prezident \u0130lham \u018fliyevin h\u0259yata ke\u00e7irdiyi islahatlar v\u0259 uzaqg\u00f6r\u0259n, m\u0259qs\u0259dy\u00f6nl\u00fc xarici siyas\u0259t say\u0259sind\u0259 Az\u0259rbaycan C\u0259nubi Qafqazda lider d\u00f6vl\u0259t\u0259 \u00e7evrilmi\u015fdir Ulu \u00d6nd\u0259r Heyd\u0259r \u018fliyevin arzu v\u0259 ist\u0259kl\u0259rini liderlik f\u0259aliyy\u0259ti il\u0259 ger\u00e7\u0259kl\u0259\u015fdir\u0259n Prezident \u0130lham \u018fliyev Az\u0259rbaycan\u0131 d\u00fcnyaya G\u00fcn\u0259\u015f kimi do\u011fan \u00f6lk\u0259 kimi tan\u0131td\u0131r\u0131r, siyasi, iqtisadi, h\u0259rbi q\u00fcdr\u0259ti il\u0259 se\u00e7il\u0259n Qalib \u00f6lk\u0259y\u0259 \u00e7evirir. H\u0259mkarlar\u0131 aras\u0131nda z\u0259kas\u0131, d\u00f6vl\u0259t\u00e7ilik t\u0259cr\u00fcb\u0259si, siyasi portreti il\u0259 say\u0131l\u0131b-se\u00e7il\u0259n, b\u00f6y\u00fck h\u00f6rm\u0259t\u0259 v\u0259 n\u00fcfuza malik Prezident \u0130lham \u018fliyev verdiyi v\u0259din\u0259 sadiq qalaraq Az\u0259rbaycan xalq\u0131 \u00fc\u00e7\u00fcn yax\u015f\u0131 Prezident oldu\u011funu \u0259m\u0259li il\u0259 s\u00fcbut edir. M\u00fcasir Az\u0259rbaycan\u0131n m\u00fc\u0259llifi olan Ulu \u00d6nd\u0259r Heyd\u0259r \u018fliyevin ist\u0259kl\u0259rini d\u00fc\u015f\u00fcn\u00fclm\u00fc\u015f&hellip;<\/p>\n","protected":false},"author":2,"featured_media":649793,"comment_status":"closed","ping_status":"closed","sticky":false,"template":"","format":"standard","meta":{"om_disable_all_campaigns":false,"_monsterinsights_skip_tracking":false,"_monsterinsights_sitenote_active":false,"_monsterinsights_sitenote_note":"","_monsterinsights_sitenote_category":0},"categories":[8],"tags":[],"aioseo_notices":[],"gutentor_comment":0,"rttpg_featured_image_url":{"full":["https:\/\/arantv.az\/wp-content\/uploads\/2023\/10\/e9510081169734824036956726910916352.jpg",975,540,false],"landscape":["https:\/\/arantv.az\/wp-content\/uploads\/2023\/10\/e9510081169734824036956726910916352.jpg",975,540,false],"portraits":["https:\/\/arantv.az\/wp-content\/uploads\/2023\/10\/e9510081169734824036956726910916352.jpg",975,540,false],"thumbnail":["https:\/\/arantv.az\/wp-content\/uploads\/2023\/10\/e9510081169734824036956726910916352-500x280.jpg",500,280,true],"medium":["https:\/\/arantv.az\/wp-content\/uploads\/2023\/10\/e9510081169734824036956726910916352-660x365.jpg",660,365,true],"large":["https:\/\/arantv.az\/wp-content\/uploads\/2023\/10\/e9510081169734824036956726910916352-840x465.jpg",640,354,true],"1536x1536":["https:\/\/arantv.az\/wp-content\/uploads\/2023\/10\/e9510081169734824036956726910916352.jpg",975,540,false],"2048x2048":["https:\/\/arantv.az\/wp-content\/uploads\/2023\/10\/e9510081169734824036956726910916352.jpg",975,540,false],"post-thumbnail":["https:\/\/arantv.az\/wp-content\/uploads\/2023\/10\/e9510081169734824036956726910916352-240x172.jpg",240,172,true],"advps-thumb-one":["https:\/\/arantv.az\/wp-content\/uploads\/2023\/10\/e9510081169734824036956726910916352.jpg",975,540,false]},"rttpg_author":{"display_name":"V\u00fcsal Rafiqo\u011flu","author_link":"https:\/\/arantv.az\/?author=2"},"rttpg_comment":0,"rttpg_category":"<a href=\"https:\/\/arantv.az\/?cat=8\" rel=\"category\">\u018fsas s\u0259hif\u0259<\/a>","rttpg_excerpt":"Prezident \u0130lham \u018fliyevin h\u0259yata ke\u00e7irdiyi islahatlar v\u0259 uzaqg\u00f6r\u0259n, m\u0259qs\u0259dy\u00f6nl\u00fc xarici siyas\u0259t say\u0259sind\u0259 Az\u0259rbaycan C\u0259nubi Qafqazda lider d\u00f6vl\u0259t\u0259 \u00e7evrilmi\u015fdir Ulu \u00d6nd\u0259r Heyd\u0259r \u018fliyevin arzu v\u0259 ist\u0259kl\u0259rini liderlik f\u0259aliyy\u0259ti il\u0259 ger\u00e7\u0259kl\u0259\u015fdir\u0259n Prezident \u0130lham \u018fliyev Az\u0259rbaycan\u0131 d\u00fcnyaya G\u00fcn\u0259\u015f kimi do\u011fan \u00f6lk\u0259 kimi tan\u0131td\u0131r\u0131r, siyasi, iqtisadi, h\u0259rbi q\u00fcdr\u0259ti il\u0259 se\u00e7il\u0259n Qalib \u00f6lk\u0259y\u0259 \u00e7evirir. H\u0259mkarlar\u0131 aras\u0131nda z\u0259kas\u0131, d\u00f6vl\u0259t\u00e7ilik t\u0259cr\u00fcb\u0259si, siyasi&hellip;","_links":{"self":[{"href":"https:\/\/arantv.az\/index.php?rest_route=\/wp\/v2\/posts\/649787"}],"collection":[{"href":"https:\/\/arantv.az\/index.php?rest_route=\/wp\/v2\/posts"}],"about":[{"href":"https:\/\/arantv.az\/index.php?rest_route=\/wp\/v2\/types\/post"}],"author":[{"embeddable":true,"href":"https:\/\/arantv.az\/index.php?rest_route=\/wp\/v2\/users\/2"}],"replies":[{"embeddable":true,"href":"https:\/\/arantv.az\/index.php?rest_route=%2Fwp%2Fv2%2Fcomments&post=649787"}],"version-history":[{"count":0,"href":"https:\/\/arantv.az\/index.php?rest_route=\/wp\/v2\/posts\/649787\/revisions"}],"wp:featuredmedia":[{"embeddable":true,"href":"https:\/\/arantv.az\/index.php?rest_route=\/wp\/v2\/media\/649793"}],"wp:attachment":[{"href":"https:\/\/arantv.az\/index.php?rest_route=%2Fwp%2Fv2%2Fmedia&parent=649787"}],"wp:term":[{"taxonomy":"category","embeddable":true,"href":"https:\/\/arantv.az\/index.php?rest_route=%2Fwp%2Fv2%2Fcategories&post=649787"},{"taxonomy":"post_tag","embeddable":true,"href":"https:\/\/arantv.az\/index.php?rest_route=%2Fwp%2Fv2%2Ftags&post=649787"}],"curies":[{"name":"wp","href":"https:\/\/api.w.org\/{rel}","templated":true}]}}