{"id":649805,"date":"2023-10-26T18:12:39","date_gmt":"2023-10-26T14:12:39","guid":{"rendered":"https:\/\/arantv.az\/?p=649805"},"modified":"2023-10-26T18:12:39","modified_gmt":"2023-10-26T14:12:39","slug":"kurd%c9%99mirin-sabiq-icra-bascisinin-c%c9%99zac%c9%99km%c9%99-novu-d%c9%99yisib","status":"publish","type":"post","link":"https:\/\/arantv.az\/?p=649805","title":{"rendered":"K\u00fcrd\u0259mirin sabiq icra ba\u015f\u00e7\u0131s\u0131n\u0131n c\u0259za\u00e7\u0259km\u0259 n\u00f6v\u00fc d\u0259yi\u015fib"},"content":{"rendered":"<p>K\u00fcrd\u0259mir Rayon \u0130cra Hakimiyy\u0259tinin sabiq ba\u015f\u00e7\u0131s\u0131 Ceyhun C\u0259f\u0259rovun c\u0259za\u00e7\u0259km\u0259 n\u00f6v\u00fcn\u00fcn d\u0259yi\u015fdirilm\u0259si il\u0259 ba\u011fl\u0131 m\u00fcraci\u0259tin\u0259 bax\u0131l\u0131b.<\/p>\n<p>APA x\u0259b\u0259r verir ki, Nizami Rayon M\u0259hk\u0259m\u0259sind\u0259 onun m\u00fcraci\u0259ti t\u0259min edilib.<\/p>\n<p>Bel\u0259 ki, Ceyhun C\u0259f\u0259rovun c\u0259za \u00e7\u0259kdiyi \u00fcmumi rejimli c\u0259za\u00e7\u0259km\u0259 m\u00fc\u0259ssis\u0259sind\u0259n m\u0259nt\u0259q\u0259 tipli c\u0259za\u00e7\u0259km\u0259 m\u00fc\u0259ssisin\u0259 ke\u00e7irilm\u0259si il\u0259 ba\u011fl\u0131 q\u0259rar q\u0259bul edilib.<\/p>\n<p>Qeyd ed\u0259k ki, sabiq icra ba\u015f\u00e7\u0131s\u0131 v\u0259 K\u00fcrd\u0259mir rayonunun dig\u0259r v\u0259zif\u0259li \u015f\u0259xsl\u0259ri Ba\u015f Prokuror yan\u0131nda Korrupsiyaya Qar\u015f\u0131 M\u00fcbariz\u0259 Ba\u015f \u0130dar\u0259si t\u0259r\u0259find\u0259n 2020-ci ilin avqust ay\u0131nda ke\u00e7iril\u0259n \u0259m\u0259liyyatla h\u0259bs olunub.<\/p>\n<p>L\u0259nk\u0259ran A\u011f\u0131r Cinay\u0259tl\u0259r M\u0259hk\u0259m\u0259sinin h\u00f6km\u00fc il\u0259 sabiq icra ba\u015f\u00e7\u0131s\u0131 Ceyhun C\u0259f\u0259rov s\u0259kkiz il alt\u0131 ay m\u00fcdd\u0259tin\u0259 azadl\u0131qdan m\u0259hrum edilib.<\/p>\n<p>\u015eirvan Apellyasiya M\u0259hk\u0259m\u0259si Ceyhun C\u0259f\u0259rovun c\u0259zas\u0131n\u0131 alt\u0131 il\u0259 endirilib.<\/p>\n<p>Ali M\u0259hk\u0259m\u0259 is\u0259 Ceyhun C\u0259f\u0259rovun c\u0259zas\u0131n\u0131 azaldaraq \u00fcz\u0259rind\u0259 q\u0259ti olaraq d\u00f6rd il alt\u0131 ay azadl\u0131qdan m\u0259hrumetm\u0259 c\u0259zas\u0131 saxlay\u0131b.<\/p>\n","protected":false},"excerpt":{"rendered":"<p>K\u00fcrd\u0259mir Rayon \u0130cra Hakimiyy\u0259tinin sabiq ba\u015f\u00e7\u0131s\u0131 Ceyhun C\u0259f\u0259rovun c\u0259za\u00e7\u0259km\u0259 n\u00f6v\u00fcn\u00fcn d\u0259yi\u015fdirilm\u0259si il\u0259 ba\u011fl\u0131 m\u00fcraci\u0259tin\u0259 bax\u0131l\u0131b. APA x\u0259b\u0259r verir ki, Nizami Rayon M\u0259hk\u0259m\u0259sind\u0259 onun m\u00fcraci\u0259ti t\u0259min edilib. Bel\u0259 ki, Ceyhun C\u0259f\u0259rovun c\u0259za \u00e7\u0259kdiyi \u00fcmumi rejimli c\u0259za\u00e7\u0259km\u0259 m\u00fc\u0259ssis\u0259sind\u0259n m\u0259nt\u0259q\u0259 tipli c\u0259za\u00e7\u0259km\u0259 m\u00fc\u0259ssisin\u0259 ke\u00e7irilm\u0259si il\u0259 ba\u011fl\u0131 q\u0259rar q\u0259bul edilib. Qeyd ed\u0259k ki, sabiq icra ba\u015f\u00e7\u0131s\u0131 v\u0259 K\u00fcrd\u0259mir rayonunun dig\u0259r v\u0259zif\u0259li \u015f\u0259xsl\u0259ri Ba\u015f Prokuror yan\u0131nda Korrupsiyaya Qar\u015f\u0131 M\u00fcbariz\u0259 Ba\u015f \u0130dar\u0259si t\u0259r\u0259find\u0259n 2020-ci ilin avqust ay\u0131nda ke\u00e7iril\u0259n \u0259m\u0259liyyatla h\u0259bs olunub. L\u0259nk\u0259ran A\u011f\u0131r Cinay\u0259tl\u0259r M\u0259hk\u0259m\u0259sinin h\u00f6km\u00fc il\u0259 sabiq icra ba\u015f\u00e7\u0131s\u0131 Ceyhun C\u0259f\u0259rov s\u0259kkiz il alt\u0131 ay&hellip;<\/p>\n","protected":false},"author":2,"featured_media":649807,"comment_status":"closed","ping_status":"closed","sticky":false,"template":"","format":"standard","meta":{"om_disable_all_campaigns":false,"_monsterinsights_skip_tracking":false,"_monsterinsights_sitenote_active":false,"_monsterinsights_sitenote_note":"","_monsterinsights_sitenote_category":0},"categories":[1],"tags":[],"aioseo_notices":[],"gutentor_comment":0,"rttpg_featured_image_url":{"full":["https:\/\/arantv.az\/wp-content\/uploads\/2023\/10\/WhatsApp-Image-2023-07-07-at-12.12.45-1.jpg",620,413,false],"landscape":["https:\/\/arantv.az\/wp-content\/uploads\/2023\/10\/WhatsApp-Image-2023-07-07-at-12.12.45-1.jpg",620,413,false],"portraits":["https:\/\/arantv.az\/wp-content\/uploads\/2023\/10\/WhatsApp-Image-2023-07-07-at-12.12.45-1.jpg",620,413,false],"thumbnail":["https:\/\/arantv.az\/wp-content\/uploads\/2023\/10\/WhatsApp-Image-2023-07-07-at-12.12.45-1-500x280.jpg",500,280,true],"medium":["https:\/\/arantv.az\/wp-content\/uploads\/2023\/10\/WhatsApp-Image-2023-07-07-at-12.12.45-1-548x365.jpg",548,365,true],"large":["https:\/\/arantv.az\/wp-content\/uploads\/2023\/10\/WhatsApp-Image-2023-07-07-at-12.12.45-1.jpg",620,413,false],"1536x1536":["https:\/\/arantv.az\/wp-content\/uploads\/2023\/10\/WhatsApp-Image-2023-07-07-at-12.12.45-1.jpg",620,413,false],"2048x2048":["https:\/\/arantv.az\/wp-content\/uploads\/2023\/10\/WhatsApp-Image-2023-07-07-at-12.12.45-1.jpg",620,413,false],"post-thumbnail":["https:\/\/arantv.az\/wp-content\/uploads\/2023\/10\/WhatsApp-Image-2023-07-07-at-12.12.45-1-240x172.jpg",240,172,true],"advps-thumb-one":["https:\/\/arantv.az\/wp-content\/uploads\/2023\/10\/WhatsApp-Image-2023-07-07-at-12.12.45-1.jpg",620,413,false]},"rttpg_author":{"display_name":"V\u00fcsal Rafiqo\u011flu","author_link":"https:\/\/arantv.az\/?author=2"},"rttpg_comment":0,"rttpg_category":"<a href=\"https:\/\/arantv.az\/?cat=1\" rel=\"category\">C\u0259miyy\u0259t<\/a>","rttpg_excerpt":"K\u00fcrd\u0259mir Rayon \u0130cra Hakimiyy\u0259tinin sabiq ba\u015f\u00e7\u0131s\u0131 Ceyhun C\u0259f\u0259rovun c\u0259za\u00e7\u0259km\u0259 n\u00f6v\u00fcn\u00fcn d\u0259yi\u015fdirilm\u0259si il\u0259 ba\u011fl\u0131 m\u00fcraci\u0259tin\u0259 bax\u0131l\u0131b. APA x\u0259b\u0259r verir ki, Nizami Rayon M\u0259hk\u0259m\u0259sind\u0259 onun m\u00fcraci\u0259ti t\u0259min edilib. Bel\u0259 ki, Ceyhun C\u0259f\u0259rovun c\u0259za \u00e7\u0259kdiyi \u00fcmumi rejimli c\u0259za\u00e7\u0259km\u0259 m\u00fc\u0259ssis\u0259sind\u0259n m\u0259nt\u0259q\u0259 tipli c\u0259za\u00e7\u0259km\u0259 m\u00fc\u0259ssisin\u0259 ke\u00e7irilm\u0259si il\u0259 ba\u011fl\u0131 q\u0259rar q\u0259bul edilib. Qeyd ed\u0259k ki, sabiq icra ba\u015f\u00e7\u0131s\u0131 v\u0259 K\u00fcrd\u0259mir rayonunun&hellip;","_links":{"self":[{"href":"https:\/\/arantv.az\/index.php?rest_route=\/wp\/v2\/posts\/649805"}],"collection":[{"href":"https:\/\/arantv.az\/index.php?rest_route=\/wp\/v2\/posts"}],"about":[{"href":"https:\/\/arantv.az\/index.php?rest_route=\/wp\/v2\/types\/post"}],"author":[{"embeddable":true,"href":"https:\/\/arantv.az\/index.php?rest_route=\/wp\/v2\/users\/2"}],"replies":[{"embeddable":true,"href":"https:\/\/arantv.az\/index.php?rest_route=%2Fwp%2Fv2%2Fcomments&post=649805"}],"version-history":[{"count":0,"href":"https:\/\/arantv.az\/index.php?rest_route=\/wp\/v2\/posts\/649805\/revisions"}],"wp:featuredmedia":[{"embeddable":true,"href":"https:\/\/arantv.az\/index.php?rest_route=\/wp\/v2\/media\/649807"}],"wp:attachment":[{"href":"https:\/\/arantv.az\/index.php?rest_route=%2Fwp%2Fv2%2Fmedia&parent=649805"}],"wp:term":[{"taxonomy":"category","embeddable":true,"href":"https:\/\/arantv.az\/index.php?rest_route=%2Fwp%2Fv2%2Fcategories&post=649805"},{"taxonomy":"post_tag","embeddable":true,"href":"https:\/\/arantv.az\/index.php?rest_route=%2Fwp%2Fv2%2Ftags&post=649805"}],"curies":[{"name":"wp","href":"https:\/\/api.w.org\/{rel}","templated":true}]}}