{"id":649812,"date":"2023-10-26T18:14:15","date_gmt":"2023-10-26T14:14:15","guid":{"rendered":"https:\/\/arantv.az\/?p=649812"},"modified":"2023-10-26T18:14:15","modified_gmt":"2023-10-26T14:14:15","slug":"fuad-n%c9%99c%c9%99fli-az%c9%99rbaycan-turkiy%c9%99-qardasligi-regionda-sabitliyin-%c9%99sas-t%c9%99minatidir","status":"publish","type":"post","link":"https:\/\/arantv.az\/?p=649812","title":{"rendered":"Fuad N\u0259c\u0259fli: \u201cAz\u0259rbaycan-T\u00fcrkiy\u0259 qarda\u015fl\u0131\u011f\u0131 regionda sabitliyin \u0259sas t\u0259minat\u0131d\u0131r\u201d"},"content":{"rendered":"<p>\u201cBak\u0131-Tbilisi-Ceyhan, Bak\u0131-Tbilisi-\u018frzurum neft v\u0259 qaz k\u0259m\u0259rl\u0259ri, Bak\u0131-Tbilisi-Qars d\u0259mir yolu x\u0259tti, TANAP v\u0259 TAP kimi b\u00f6y\u00fck layih\u0259l\u0259r, Z\u0259ng\u0259zur d\u0259hlizinin a\u00e7\u0131lmas\u0131 il\u0259 yaranacaq yeni reall\u0131qlar bir daha t\u0259sdiq edir ki, Az\u0259rbaycan-T\u00fcrkiy\u0259 qarda\u015fl\u0131\u011f\u0131 regionda sabitliyin \u0259sas t\u0259minat\u0131d\u0131r\u201d.<\/p>\n<p>\u201cReport\u201dun Nax\u00e7\u0131van b\u00fcrosu x\u0259b\u0259r verir ki, bunu Nax\u00e7\u0131van Muxtar Respublikas\u0131nda Az\u0259rbaycan Prezidentinin s\u0259lahiyy\u0259tli n\u00fcmay\u0259nd\u0259si Fuad N\u0259c\u0259fli \u201cBir mill\u0259t, iki d\u00f6vl\u0259t\u201d Forumunda \u00e7\u0131x\u0131\u015f\u0131 zaman\u0131 deyib.<\/p>\n<p>Onun s\u00f6zl\u0259rin\u0259 g\u00f6r\u0259, bu g\u00fcn ortaq k\u00f6k, dil v\u0259 din birliyi il\u0259 yana\u015f\u0131, qar\u015f\u0131l\u0131ql\u0131 maraqlara xidm\u0259t ed\u0259n ikit\u0259r\u0259fli siyasi m\u00fcnasib\u0259tl\u0259r v\u0259 strateji t\u0259r\u0259fda\u015fl\u0131q da \u00f6lk\u0259l\u0259rimiz aras\u0131ndak\u0131 \u0259laq\u0259l\u0259rin mahiyy\u0259tini tam ifad\u0259 edir.<\/p>\n<p>\u201cHaz\u0131rda Az\u0259rbaycan-T\u00fcrkiy\u0259 \u0259m\u0259kda\u015fl\u0131\u011f\u0131 \u00f6lk\u0259 Prezidentl\u0259rinin irad\u0259sin\u0259 uy\u011fun olaraq yeni inki\u015faf m\u0259rh\u0259l\u0259sind\u0259dir. Qar\u015f\u0131l\u0131ql\u0131 s\u0259f\u0259rl\u0259r ikit\u0259r\u0259fli \u0259m\u0259kda\u015fl\u0131\u011f\u0131n inki\u015faf\u0131nda \u0259h\u0259miyy\u0259tli rol oynay\u0131r, b\u00fct\u00fcn sah\u0259l\u0259rd\u0259 \u0259laq\u0259l\u0259r u\u011furla inki\u015faf etdirilir. Bunlar\u0131n davam\u0131 kimi \u00f6t\u0259n ay &#8211; sentyabr\u0131n 25-d\u0259 Az\u0259rbaycan Respublikas\u0131n\u0131n Prezidenti\u00a0<strong>\u0130lham \u018fliyevin\u00a0<\/strong>T\u00fcrkiy\u0259 Respublikas\u0131n\u0131n Prezidenti R\u0259c\u0259b Tayyib \u018frdo\u011fanla Nax\u00e7\u0131vanda g\u00f6r\u00fc\u015fm\u0259si, \u0130\u011fd\u0131r-Nax\u00e7\u0131van Qaz K\u0259m\u0259rinin t\u0259m\u0259linin qoyulmas\u0131 v\u0259 h\u0259yata ke\u00e7iril\u0259n dig\u0259r t\u0259dbirl\u0259r d\u0259 m\u00fch\u00fcm tarixi hadis\u0259y\u0259 \u00e7evrildi\u201d, &#8211; F.N\u0259c\u0259fli vur\u011fulay\u0131b.<\/p>\n","protected":false},"excerpt":{"rendered":"<p>\u201cBak\u0131-Tbilisi-Ceyhan, Bak\u0131-Tbilisi-\u018frzurum neft v\u0259 qaz k\u0259m\u0259rl\u0259ri, Bak\u0131-Tbilisi-Qars d\u0259mir yolu x\u0259tti, TANAP v\u0259 TAP kimi b\u00f6y\u00fck layih\u0259l\u0259r, Z\u0259ng\u0259zur d\u0259hlizinin a\u00e7\u0131lmas\u0131 il\u0259 yaranacaq yeni reall\u0131qlar bir daha t\u0259sdiq edir ki, Az\u0259rbaycan-T\u00fcrkiy\u0259 qarda\u015fl\u0131\u011f\u0131 regionda sabitliyin \u0259sas t\u0259minat\u0131d\u0131r\u201d. \u201cReport\u201dun Nax\u00e7\u0131van b\u00fcrosu x\u0259b\u0259r verir ki, bunu Nax\u00e7\u0131van Muxtar Respublikas\u0131nda Az\u0259rbaycan Prezidentinin s\u0259lahiyy\u0259tli n\u00fcmay\u0259nd\u0259si Fuad N\u0259c\u0259fli \u201cBir mill\u0259t, iki d\u00f6vl\u0259t\u201d Forumunda \u00e7\u0131x\u0131\u015f\u0131 zaman\u0131 deyib. Onun s\u00f6zl\u0259rin\u0259 g\u00f6r\u0259, bu g\u00fcn ortaq k\u00f6k, dil v\u0259 din birliyi il\u0259 yana\u015f\u0131, qar\u015f\u0131l\u0131ql\u0131 maraqlara xidm\u0259t ed\u0259n ikit\u0259r\u0259fli siyasi m\u00fcnasib\u0259tl\u0259r v\u0259 strateji t\u0259r\u0259fda\u015fl\u0131q da \u00f6lk\u0259l\u0259rimiz aras\u0131ndak\u0131 \u0259laq\u0259l\u0259rin mahiyy\u0259tini tam ifad\u0259 edir. \u201cHaz\u0131rda&hellip;<\/p>\n","protected":false},"author":2,"featured_media":649816,"comment_status":"closed","ping_status":"closed","sticky":false,"template":"","format":"standard","meta":{"om_disable_all_campaigns":false,"_monsterinsights_skip_tracking":false,"_monsterinsights_sitenote_active":false,"_monsterinsights_sitenote_note":"","_monsterinsights_sitenote_category":0},"categories":[4],"tags":[],"aioseo_notices":[],"gutentor_comment":0,"rttpg_featured_image_url":{"full":["https:\/\/arantv.az\/wp-content\/uploads\/2023\/10\/ef13207a-f079-3c3a-b8a6-83db2b7d8952_850.jpg",620,413,false],"landscape":["https:\/\/arantv.az\/wp-content\/uploads\/2023\/10\/ef13207a-f079-3c3a-b8a6-83db2b7d8952_850.jpg",620,413,false],"portraits":["https:\/\/arantv.az\/wp-content\/uploads\/2023\/10\/ef13207a-f079-3c3a-b8a6-83db2b7d8952_850.jpg",620,413,false],"thumbnail":["https:\/\/arantv.az\/wp-content\/uploads\/2023\/10\/ef13207a-f079-3c3a-b8a6-83db2b7d8952_850-500x280.jpg",500,280,true],"medium":["https:\/\/arantv.az\/wp-content\/uploads\/2023\/10\/ef13207a-f079-3c3a-b8a6-83db2b7d8952_850-548x365.jpg",548,365,true],"large":["https:\/\/arantv.az\/wp-content\/uploads\/2023\/10\/ef13207a-f079-3c3a-b8a6-83db2b7d8952_850.jpg",620,413,false],"1536x1536":["https:\/\/arantv.az\/wp-content\/uploads\/2023\/10\/ef13207a-f079-3c3a-b8a6-83db2b7d8952_850.jpg",620,413,false],"2048x2048":["https:\/\/arantv.az\/wp-content\/uploads\/2023\/10\/ef13207a-f079-3c3a-b8a6-83db2b7d8952_850.jpg",620,413,false],"post-thumbnail":["https:\/\/arantv.az\/wp-content\/uploads\/2023\/10\/ef13207a-f079-3c3a-b8a6-83db2b7d8952_850-240x172.jpg",240,172,true],"advps-thumb-one":["https:\/\/arantv.az\/wp-content\/uploads\/2023\/10\/ef13207a-f079-3c3a-b8a6-83db2b7d8952_850.jpg",620,413,false]},"rttpg_author":{"display_name":"V\u00fcsal Rafiqo\u011flu","author_link":"https:\/\/arantv.az\/?author=2"},"rttpg_comment":0,"rttpg_category":"<a href=\"https:\/\/arantv.az\/?cat=4\" rel=\"category\">Siyas\u0259t<\/a>","rttpg_excerpt":"\u201cBak\u0131-Tbilisi-Ceyhan, Bak\u0131-Tbilisi-\u018frzurum neft v\u0259 qaz k\u0259m\u0259rl\u0259ri, Bak\u0131-Tbilisi-Qars d\u0259mir yolu x\u0259tti, TANAP v\u0259 TAP kimi b\u00f6y\u00fck layih\u0259l\u0259r, Z\u0259ng\u0259zur d\u0259hlizinin a\u00e7\u0131lmas\u0131 il\u0259 yaranacaq yeni reall\u0131qlar bir daha t\u0259sdiq edir ki, Az\u0259rbaycan-T\u00fcrkiy\u0259 qarda\u015fl\u0131\u011f\u0131 regionda sabitliyin \u0259sas t\u0259minat\u0131d\u0131r\u201d. \u201cReport\u201dun Nax\u00e7\u0131van b\u00fcrosu x\u0259b\u0259r verir ki, bunu Nax\u00e7\u0131van Muxtar Respublikas\u0131nda Az\u0259rbaycan Prezidentinin s\u0259lahiyy\u0259tli n\u00fcmay\u0259nd\u0259si Fuad N\u0259c\u0259fli \u201cBir mill\u0259t, iki d\u00f6vl\u0259t\u201d Forumunda&hellip;","_links":{"self":[{"href":"https:\/\/arantv.az\/index.php?rest_route=\/wp\/v2\/posts\/649812"}],"collection":[{"href":"https:\/\/arantv.az\/index.php?rest_route=\/wp\/v2\/posts"}],"about":[{"href":"https:\/\/arantv.az\/index.php?rest_route=\/wp\/v2\/types\/post"}],"author":[{"embeddable":true,"href":"https:\/\/arantv.az\/index.php?rest_route=\/wp\/v2\/users\/2"}],"replies":[{"embeddable":true,"href":"https:\/\/arantv.az\/index.php?rest_route=%2Fwp%2Fv2%2Fcomments&post=649812"}],"version-history":[{"count":0,"href":"https:\/\/arantv.az\/index.php?rest_route=\/wp\/v2\/posts\/649812\/revisions"}],"wp:featuredmedia":[{"embeddable":true,"href":"https:\/\/arantv.az\/index.php?rest_route=\/wp\/v2\/media\/649816"}],"wp:attachment":[{"href":"https:\/\/arantv.az\/index.php?rest_route=%2Fwp%2Fv2%2Fmedia&parent=649812"}],"wp:term":[{"taxonomy":"category","embeddable":true,"href":"https:\/\/arantv.az\/index.php?rest_route=%2Fwp%2Fv2%2Fcategories&post=649812"},{"taxonomy":"post_tag","embeddable":true,"href":"https:\/\/arantv.az\/index.php?rest_route=%2Fwp%2Fv2%2Ftags&post=649812"}],"curies":[{"name":"wp","href":"https:\/\/api.w.org\/{rel}","templated":true}]}}