{"id":649826,"date":"2023-10-26T18:16:43","date_gmt":"2023-10-26T14:16:43","guid":{"rendered":"https:\/\/arantv.az\/?p=649826"},"modified":"2023-10-26T18:16:43","modified_gmt":"2023-10-26T14:16:43","slug":"ilham-%c9%99liyev-x%c9%99z%c9%99r-avropa-ittifaqi-enerji-d%c9%99hlizini-yaratmaq-ucun-t%c9%99r%c9%99fdaslarla-f%c9%99al-isl%c9%99m%c9%99k-niyy%c9%99tind%c9%99yik","status":"publish","type":"post","link":"https:\/\/arantv.az\/?p=649826","title":{"rendered":"\u0130lham \u018fliyev: \u201cX\u0259z\u0259r-Avropa \u0130ttifaq\u0131 enerji d\u0259hlizini yaratmaq \u00fc\u00e7\u00fcn t\u0259r\u0259fda\u015flarla f\u0259al i\u015fl\u0259m\u0259k niyy\u0259tind\u0259yik\u201d"},"content":{"rendered":"<p>\u201cPlanlar\u0131m\u0131z enerji d\u0259hlizini, X\u0259z\u0259r-Avropa \u0130ttifaq\u0131 enerji d\u0259hlizini yaratmaq \u00fc\u00e7\u00fcn t\u0259r\u0259fda\u015flar\u0131m\u0131zla f\u0259al i\u015fl\u0259m\u0259kd\u0259n ibar\u0259tdir\u201d.<\/p>\n<p><a href=\"https:\/\/azertag.az\/xeber\/prezident_ilham_eliyev_azerbaycan_xezer_avropa_ittifaqi_enerji_dehlizini_yaratmaq_uchun_terefdaslarla_feal_islemek_niyyetindedir-2802484\" target=\"_blank\" rel=\"noopener\">AZ\u018fRTAC<\/a>\u00a0x\u0259b\u0259r verir ki, bu s\u00f6zl\u0259ri Az\u0259rbaycan Prezidenti\u00a0<strong>\u0130lham \u018fliyev<\/strong>\u00a0Qarada\u011f G\u00fcn\u0259\u015f Elektrik Stansiyas\u0131n\u0131n r\u0259smi a\u00e7\u0131l\u0131\u015f m\u0259rasimind\u0259 \u00e7\u0131x\u0131\u015f\u0131 zaman\u0131 deyib.<\/p>\n<p>\u201c\u00d6t\u0259n ilin dekabr\u0131nda m\u00fcvafiq m\u00fcqavil\u0259 imzalan\u0131b. Biz art\u0131q f\u0259aliyy\u0259timiz\u0259 ba\u015flam\u0131\u015f\u0131q, r\u0259hb\u0259r komit\u0259 bir ne\u00e7\u0259 d\u0259f\u0259 toplan\u0131b. Bir ne\u00e7\u0259 aydan sonra bizim yeni enerji t\u0259hl\u00fck\u0259sizliyi layih\u0259sinin &#8211; Ya\u015f\u0131l Enerji D\u0259hlizinin, inteqrasiya edilmi\u015f \u00f6t\u00fcr\u00fcc\u00fc, istehsal v\u0259 istehlak m\u00fc\u0259ssis\u0259l\u0259rinin, o c\u00fcml\u0259d\u0259n Qara d\u0259nizin dibind\u0259n ke\u00e7\u0259c\u0259k elektrik kabelinin tam texniki-iqtisadi \u0259sasland\u0131rmas\u0131 haz\u0131r olacaq\u201d, &#8211; dey\u0259 d\u00f6vl\u0259timizin ba\u015f\u00e7\u0131s\u0131 bildirib.<\/p>\n<p>Az\u0259rbaycan Prezidenti deyib ki, haz\u0131rda d\u00f6rd giqavat g\u00fcc\u00fcnd\u0259 b\u0259rpa olunan enerji m\u0259nb\u0259l\u0259ri \u00fc\u00e7\u00fcn texniki-iqtisadi \u0259sasland\u0131rma haz\u0131rlan\u0131r.<\/p>\n<p>D\u00f6vl\u0259timizin ba\u015f\u00e7\u0131s\u0131 \u0259minliyini ifad\u0259 edib ki, b\u00fct\u00fcn m\u0259qs\u0259dl\u0259r\u0259 nail olunacaq.<\/p>\n","protected":false},"excerpt":{"rendered":"<p>\u201cPlanlar\u0131m\u0131z enerji d\u0259hlizini, X\u0259z\u0259r-Avropa \u0130ttifaq\u0131 enerji d\u0259hlizini yaratmaq \u00fc\u00e7\u00fcn t\u0259r\u0259fda\u015flar\u0131m\u0131zla f\u0259al i\u015fl\u0259m\u0259kd\u0259n ibar\u0259tdir\u201d. AZ\u018fRTAC\u00a0x\u0259b\u0259r verir ki, bu s\u00f6zl\u0259ri Az\u0259rbaycan Prezidenti\u00a0\u0130lham \u018fliyev\u00a0Qarada\u011f G\u00fcn\u0259\u015f Elektrik Stansiyas\u0131n\u0131n r\u0259smi a\u00e7\u0131l\u0131\u015f m\u0259rasimind\u0259 \u00e7\u0131x\u0131\u015f\u0131 zaman\u0131 deyib. \u201c\u00d6t\u0259n ilin dekabr\u0131nda m\u00fcvafiq m\u00fcqavil\u0259 imzalan\u0131b. Biz art\u0131q f\u0259aliyy\u0259timiz\u0259 ba\u015flam\u0131\u015f\u0131q, r\u0259hb\u0259r komit\u0259 bir ne\u00e7\u0259 d\u0259f\u0259 toplan\u0131b. Bir ne\u00e7\u0259 aydan sonra bizim yeni enerji t\u0259hl\u00fck\u0259sizliyi layih\u0259sinin &#8211; Ya\u015f\u0131l Enerji D\u0259hlizinin, inteqrasiya edilmi\u015f \u00f6t\u00fcr\u00fcc\u00fc, istehsal v\u0259 istehlak m\u00fc\u0259ssis\u0259l\u0259rinin, o c\u00fcml\u0259d\u0259n Qara d\u0259nizin dibind\u0259n ke\u00e7\u0259c\u0259k elektrik kabelinin tam texniki-iqtisadi \u0259sasland\u0131rmas\u0131 haz\u0131r olacaq\u201d, &#8211; dey\u0259 d\u00f6vl\u0259timizin ba\u015f\u00e7\u0131s\u0131 bildirib. Az\u0259rbaycan Prezidenti deyib ki, haz\u0131rda d\u00f6rd&hellip;<\/p>\n","protected":false},"author":2,"featured_media":649829,"comment_status":"closed","ping_status":"closed","sticky":false,"template":"","format":"standard","meta":{"om_disable_all_campaigns":false,"_monsterinsights_skip_tracking":false,"_monsterinsights_sitenote_active":false,"_monsterinsights_sitenote_note":"","_monsterinsights_sitenote_category":0},"categories":[4],"tags":[],"aioseo_notices":[],"gutentor_comment":0,"rttpg_featured_image_url":{"full":["https:\/\/arantv.az\/wp-content\/uploads\/2023\/10\/15747707136393647792-1.jpg",620,413,false],"landscape":["https:\/\/arantv.az\/wp-content\/uploads\/2023\/10\/15747707136393647792-1.jpg",620,413,false],"portraits":["https:\/\/arantv.az\/wp-content\/uploads\/2023\/10\/15747707136393647792-1.jpg",620,413,false],"thumbnail":["https:\/\/arantv.az\/wp-content\/uploads\/2023\/10\/15747707136393647792-1-500x280.jpg",500,280,true],"medium":["https:\/\/arantv.az\/wp-content\/uploads\/2023\/10\/15747707136393647792-1-548x365.jpg",548,365,true],"large":["https:\/\/arantv.az\/wp-content\/uploads\/2023\/10\/15747707136393647792-1.jpg",620,413,false],"1536x1536":["https:\/\/arantv.az\/wp-content\/uploads\/2023\/10\/15747707136393647792-1.jpg",620,413,false],"2048x2048":["https:\/\/arantv.az\/wp-content\/uploads\/2023\/10\/15747707136393647792-1.jpg",620,413,false],"post-thumbnail":["https:\/\/arantv.az\/wp-content\/uploads\/2023\/10\/15747707136393647792-1-240x172.jpg",240,172,true],"advps-thumb-one":["https:\/\/arantv.az\/wp-content\/uploads\/2023\/10\/15747707136393647792-1.jpg",620,413,false]},"rttpg_author":{"display_name":"V\u00fcsal Rafiqo\u011flu","author_link":"https:\/\/arantv.az\/?author=2"},"rttpg_comment":0,"rttpg_category":"<a href=\"https:\/\/arantv.az\/?cat=4\" rel=\"category\">Siyas\u0259t<\/a>","rttpg_excerpt":"\u201cPlanlar\u0131m\u0131z enerji d\u0259hlizini, X\u0259z\u0259r-Avropa \u0130ttifaq\u0131 enerji d\u0259hlizini yaratmaq \u00fc\u00e7\u00fcn t\u0259r\u0259fda\u015flar\u0131m\u0131zla f\u0259al i\u015fl\u0259m\u0259kd\u0259n ibar\u0259tdir\u201d. AZ\u018fRTAC\u00a0x\u0259b\u0259r verir ki, bu s\u00f6zl\u0259ri Az\u0259rbaycan Prezidenti\u00a0\u0130lham \u018fliyev\u00a0Qarada\u011f G\u00fcn\u0259\u015f Elektrik Stansiyas\u0131n\u0131n r\u0259smi a\u00e7\u0131l\u0131\u015f m\u0259rasimind\u0259 \u00e7\u0131x\u0131\u015f\u0131 zaman\u0131 deyib. \u201c\u00d6t\u0259n ilin dekabr\u0131nda m\u00fcvafiq m\u00fcqavil\u0259 imzalan\u0131b. Biz art\u0131q f\u0259aliyy\u0259timiz\u0259 ba\u015flam\u0131\u015f\u0131q, r\u0259hb\u0259r komit\u0259 bir ne\u00e7\u0259 d\u0259f\u0259 toplan\u0131b. Bir ne\u00e7\u0259 aydan sonra bizim yeni enerji t\u0259hl\u00fck\u0259sizliyi layih\u0259sinin&hellip;","_links":{"self":[{"href":"https:\/\/arantv.az\/index.php?rest_route=\/wp\/v2\/posts\/649826"}],"collection":[{"href":"https:\/\/arantv.az\/index.php?rest_route=\/wp\/v2\/posts"}],"about":[{"href":"https:\/\/arantv.az\/index.php?rest_route=\/wp\/v2\/types\/post"}],"author":[{"embeddable":true,"href":"https:\/\/arantv.az\/index.php?rest_route=\/wp\/v2\/users\/2"}],"replies":[{"embeddable":true,"href":"https:\/\/arantv.az\/index.php?rest_route=%2Fwp%2Fv2%2Fcomments&post=649826"}],"version-history":[{"count":0,"href":"https:\/\/arantv.az\/index.php?rest_route=\/wp\/v2\/posts\/649826\/revisions"}],"wp:featuredmedia":[{"embeddable":true,"href":"https:\/\/arantv.az\/index.php?rest_route=\/wp\/v2\/media\/649829"}],"wp:attachment":[{"href":"https:\/\/arantv.az\/index.php?rest_route=%2Fwp%2Fv2%2Fmedia&parent=649826"}],"wp:term":[{"taxonomy":"category","embeddable":true,"href":"https:\/\/arantv.az\/index.php?rest_route=%2Fwp%2Fv2%2Fcategories&post=649826"},{"taxonomy":"post_tag","embeddable":true,"href":"https:\/\/arantv.az\/index.php?rest_route=%2Fwp%2Fv2%2Ftags&post=649826"}],"curies":[{"name":"wp","href":"https:\/\/api.w.org\/{rel}","templated":true}]}}