{"id":649835,"date":"2023-10-26T18:22:58","date_gmt":"2023-10-26T14:22:58","guid":{"rendered":"https:\/\/arantv.az\/?p=649835"},"modified":"2023-10-26T18:22:58","modified_gmt":"2023-10-26T14:22:58","slug":"turkiy%c9%99-parlamentinin-s%c9%99dri-az%c9%99rbaycanin-antiterror-t%c9%99dbirl%c9%99ri-sulh-ucun-%c9%99h%c9%99miyy%c9%99tlidir","status":"publish","type":"post","link":"https:\/\/arantv.az\/?p=649835","title":{"rendered":"T\u00fcrkiy\u0259 parlamentinin s\u0259dri: \u201cAz\u0259rbaycan\u0131n antiterror t\u0259dbirl\u0259ri s\u00fclh \u00fc\u00e7\u00fcn \u0259h\u0259miyy\u0259tlidir&#8221;"},"content":{"rendered":"<p>\u201cAz\u0259rbaycan\u0131n sentyabr ay\u0131nda ke\u00e7irdiyi antiterror t\u0259dbirl\u0259ri C\u0259nubi Qafqazda g\u0259rginliyin aradan qalxmas\u0131, s\u00fclh\u00fcn t\u0259min olunmas\u0131 bax\u0131m\u0131ndan \u0259h\u0259miyy\u0259tlidir\u201d.<\/p>\n<p>\u201cReport\u201d\u00a0x\u0259b\u0259r verir ki, bunu T\u00fcrkiy\u0259 B\u00f6y\u00fck Mill\u0259t M\u0259clisinin (TBMM) s\u0259dri Numan Kurtulmu\u015f oktyabr\u0131n 26-da Ankarada Az\u0259rbaycan Milli M\u0259clisinin s\u0259dri Sahib\u0259 Qafarova il\u0259 g\u00f6r\u00fc\u015fd\u0259 deyib.<\/p>\n<p>O qeyd edib ki, T\u00fcrkiy\u0259 il\u0259 Az\u0259rbaycan aras\u0131nda \u201cbir mill\u0259t, iki d\u00f6vl\u0259t\u201d \u015f\u00fcar\u0131na \u0259saslanan \u0259laq\u0259l\u0259r son ill\u0259r daha da inki\u015faf edib:<\/p>\n<p>\u201c\u0130ki d\u00f6vl\u0259tin b\u00fct\u00fcn sah\u0259l\u0259rd\u0259 koordinasiyal\u0131 h\u0259r\u0259k\u0259t etm\u0259si h\u0259r birimizin xeyrin\u0259dir\u201d.<\/p>\n<p>N.Kurtulmu\u015fun s\u00f6zl\u0259rin\u0259 g\u00f6r\u0259, iki dost v\u0259 qarda\u015f \u00f6lk\u0259 milli m\u0259s\u0259l\u0259l\u0259rd\u0259 yax\u0131nla\u015fmal\u0131, regional probleml\u0259rd\u0259 ortaq h\u0259ll\u0259r t\u0259klif etm\u0259lidir:<\/p>\n<p>\u201cBunun ba\u015f\u0131nda C\u0259nubi Qafqazda sabitliyin t\u0259min olunmas\u0131 dayan\u0131r\u201d.<\/p>\n","protected":false},"excerpt":{"rendered":"<p>\u201cAz\u0259rbaycan\u0131n sentyabr ay\u0131nda ke\u00e7irdiyi antiterror t\u0259dbirl\u0259ri C\u0259nubi Qafqazda g\u0259rginliyin aradan qalxmas\u0131, s\u00fclh\u00fcn t\u0259min olunmas\u0131 bax\u0131m\u0131ndan \u0259h\u0259miyy\u0259tlidir\u201d. \u201cReport\u201d\u00a0x\u0259b\u0259r verir ki, bunu T\u00fcrkiy\u0259 B\u00f6y\u00fck Mill\u0259t M\u0259clisinin (TBMM) s\u0259dri Numan Kurtulmu\u015f oktyabr\u0131n 26-da Ankarada Az\u0259rbaycan Milli M\u0259clisinin s\u0259dri Sahib\u0259 Qafarova il\u0259 g\u00f6r\u00fc\u015fd\u0259 deyib. O qeyd edib ki, T\u00fcrkiy\u0259 il\u0259 Az\u0259rbaycan aras\u0131nda \u201cbir mill\u0259t, iki d\u00f6vl\u0259t\u201d \u015f\u00fcar\u0131na \u0259saslanan \u0259laq\u0259l\u0259r son ill\u0259r daha da inki\u015faf edib: \u201c\u0130ki d\u00f6vl\u0259tin b\u00fct\u00fcn sah\u0259l\u0259rd\u0259 koordinasiyal\u0131 h\u0259r\u0259k\u0259t etm\u0259si h\u0259r birimizin xeyrin\u0259dir\u201d. N.Kurtulmu\u015fun s\u00f6zl\u0259rin\u0259 g\u00f6r\u0259, iki dost v\u0259 qarda\u015f \u00f6lk\u0259 milli m\u0259s\u0259l\u0259l\u0259rd\u0259 yax\u0131nla\u015fmal\u0131, regional probleml\u0259rd\u0259 ortaq h\u0259ll\u0259r t\u0259klif etm\u0259lidir: \u201cBunun ba\u015f\u0131nda&hellip;<\/p>\n","protected":false},"author":2,"featured_media":649838,"comment_status":"closed","ping_status":"closed","sticky":false,"template":"","format":"standard","meta":{"om_disable_all_campaigns":false,"_monsterinsights_skip_tracking":false,"_monsterinsights_sitenote_active":false,"_monsterinsights_sitenote_note":"","_monsterinsights_sitenote_category":0},"categories":[4],"tags":[],"aioseo_notices":[],"gutentor_comment":0,"rttpg_featured_image_url":{"full":["https:\/\/arantv.az\/wp-content\/uploads\/2023\/10\/9f0c2946-9708-3abc-b0ca-48506cfb0745_850.jpg",620,413,false],"landscape":["https:\/\/arantv.az\/wp-content\/uploads\/2023\/10\/9f0c2946-9708-3abc-b0ca-48506cfb0745_850.jpg",620,413,false],"portraits":["https:\/\/arantv.az\/wp-content\/uploads\/2023\/10\/9f0c2946-9708-3abc-b0ca-48506cfb0745_850.jpg",620,413,false],"thumbnail":["https:\/\/arantv.az\/wp-content\/uploads\/2023\/10\/9f0c2946-9708-3abc-b0ca-48506cfb0745_850-500x280.jpg",500,280,true],"medium":["https:\/\/arantv.az\/wp-content\/uploads\/2023\/10\/9f0c2946-9708-3abc-b0ca-48506cfb0745_850-548x365.jpg",548,365,true],"large":["https:\/\/arantv.az\/wp-content\/uploads\/2023\/10\/9f0c2946-9708-3abc-b0ca-48506cfb0745_850.jpg",620,413,false],"1536x1536":["https:\/\/arantv.az\/wp-content\/uploads\/2023\/10\/9f0c2946-9708-3abc-b0ca-48506cfb0745_850.jpg",620,413,false],"2048x2048":["https:\/\/arantv.az\/wp-content\/uploads\/2023\/10\/9f0c2946-9708-3abc-b0ca-48506cfb0745_850.jpg",620,413,false],"post-thumbnail":["https:\/\/arantv.az\/wp-content\/uploads\/2023\/10\/9f0c2946-9708-3abc-b0ca-48506cfb0745_850-240x172.jpg",240,172,true],"advps-thumb-one":["https:\/\/arantv.az\/wp-content\/uploads\/2023\/10\/9f0c2946-9708-3abc-b0ca-48506cfb0745_850.jpg",620,413,false]},"rttpg_author":{"display_name":"V\u00fcsal Rafiqo\u011flu","author_link":"https:\/\/arantv.az\/?author=2"},"rttpg_comment":0,"rttpg_category":"<a href=\"https:\/\/arantv.az\/?cat=4\" rel=\"category\">Siyas\u0259t<\/a>","rttpg_excerpt":"\u201cAz\u0259rbaycan\u0131n sentyabr ay\u0131nda ke\u00e7irdiyi antiterror t\u0259dbirl\u0259ri C\u0259nubi Qafqazda g\u0259rginliyin aradan qalxmas\u0131, s\u00fclh\u00fcn t\u0259min olunmas\u0131 bax\u0131m\u0131ndan \u0259h\u0259miyy\u0259tlidir\u201d. \u201cReport\u201d\u00a0x\u0259b\u0259r verir ki, bunu T\u00fcrkiy\u0259 B\u00f6y\u00fck Mill\u0259t M\u0259clisinin (TBMM) s\u0259dri Numan Kurtulmu\u015f oktyabr\u0131n 26-da Ankarada Az\u0259rbaycan Milli M\u0259clisinin s\u0259dri Sahib\u0259 Qafarova il\u0259 g\u00f6r\u00fc\u015fd\u0259 deyib. O qeyd edib ki, T\u00fcrkiy\u0259 il\u0259 Az\u0259rbaycan aras\u0131nda \u201cbir mill\u0259t, iki d\u00f6vl\u0259t\u201d \u015f\u00fcar\u0131na \u0259saslanan \u0259laq\u0259l\u0259r&hellip;","_links":{"self":[{"href":"https:\/\/arantv.az\/index.php?rest_route=\/wp\/v2\/posts\/649835"}],"collection":[{"href":"https:\/\/arantv.az\/index.php?rest_route=\/wp\/v2\/posts"}],"about":[{"href":"https:\/\/arantv.az\/index.php?rest_route=\/wp\/v2\/types\/post"}],"author":[{"embeddable":true,"href":"https:\/\/arantv.az\/index.php?rest_route=\/wp\/v2\/users\/2"}],"replies":[{"embeddable":true,"href":"https:\/\/arantv.az\/index.php?rest_route=%2Fwp%2Fv2%2Fcomments&post=649835"}],"version-history":[{"count":0,"href":"https:\/\/arantv.az\/index.php?rest_route=\/wp\/v2\/posts\/649835\/revisions"}],"wp:featuredmedia":[{"embeddable":true,"href":"https:\/\/arantv.az\/index.php?rest_route=\/wp\/v2\/media\/649838"}],"wp:attachment":[{"href":"https:\/\/arantv.az\/index.php?rest_route=%2Fwp%2Fv2%2Fmedia&parent=649835"}],"wp:term":[{"taxonomy":"category","embeddable":true,"href":"https:\/\/arantv.az\/index.php?rest_route=%2Fwp%2Fv2%2Fcategories&post=649835"},{"taxonomy":"post_tag","embeddable":true,"href":"https:\/\/arantv.az\/index.php?rest_route=%2Fwp%2Fv2%2Ftags&post=649835"}],"curies":[{"name":"wp","href":"https:\/\/api.w.org\/{rel}","templated":true}]}}