{"id":649839,"date":"2023-10-26T19:46:06","date_gmt":"2023-10-26T15:46:06","guid":{"rendered":"https:\/\/arantv.az\/?p=649839"},"modified":"2023-10-26T19:46:06","modified_gmt":"2023-10-26T15:46:06","slug":"mdb-hokum%c9%99t-bascilarinin-novb%c9%99ti-iclasi-2024-cu-ilin-mayinda-asqabadda-keciril%c9%99c%c9%99k","status":"publish","type":"post","link":"https:\/\/arantv.az\/?p=649839","title":{"rendered":"MDB h\u00f6kum\u0259t ba\u015f\u00e7\u0131lar\u0131n\u0131n n\u00f6vb\u0259ti iclas\u0131 2024-c\u00fc ilin may\u0131nda A\u015fqabadda ke\u00e7iril\u0259c\u0259k"},"content":{"rendered":"<p>\u201cG\u0259l\u0259n ilin may\u0131nda A\u015fqabadda MDB-y\u0259 \u00fczv \u00f6lk\u0259l\u0259rin H\u00f6kum\u0259t Ba\u015f\u00e7\u0131lar\u0131 \u015euras\u0131n\u0131n iclas\u0131 ke\u00e7iril\u0259c\u0259k\u201d.<\/p>\n<p>Bunu Bi\u015fkekd\u0259 Birlik \u00f6lk\u0259l\u0259rinin h\u00f6kum\u0259t ba\u015f\u00e7\u0131lar\u0131n\u0131n g\u00f6r\u00fc\u015f\u00fcnd\u0259 Q\u0131r\u011f\u0131z\u0131stan Nazirl\u0259r Kabinetinin r\u0259hb\u0259ri Ak\u0131lbek Japarov deyib.<\/p>\n<p>\u201c\u015euram\u0131z\u0131n iclas\u0131n\u0131n 2024-c\u00fc ilin may\u0131nda A\u015fqabadda ke\u00e7irilm\u0259si q\u0259rara al\u0131nd\u0131\u201d &#8211;\u00a0o bildirib.<\/p>\n<p>Onun s\u00f6zl\u0259rin\u0259 g\u00f6r\u0259, ba\u015f nazirl\u0259rin ilkin g\u00f6r\u00fc\u015f\u00fc g\u0259l\u0259n il may\u0131n 23-24-d\u0259 ke\u00e7iril\u0259c\u0259k.<\/p>\n<p>Qeyd ed\u0259k ki, Bi\u015fkekd\u0259 ke\u00e7iril\u0259n iclasda Rusiya, Belarus, Q\u0131r\u011f\u0131z\u0131stan, Qazax\u0131stan, \u00d6zb\u0259kistan, Tacikistan h\u00f6kum\u0259t ba\u015f\u00e7\u0131lar\u0131, Az\u0259rbaycan, Erm\u0259nistan v\u0259 T\u00fcrkm\u0259nistan ba\u015f nazirl\u0259rinin m\u00fcavinl\u0259ri, h\u0259m\u00e7inin Avrasiya \u0130qtisadi \u0130ttifaq\u0131 strukturlar\u0131n\u0131n v\u0259 Birlik \u0130cra Hakimiyy\u0259tinin n\u00fcmay\u0259nd\u0259l\u0259ri i\u015ftirak edirl\u0259r.<\/p>\n<p>M\u0259nb\u0259: TASS<\/p>\n","protected":false},"excerpt":{"rendered":"<p>\u201cG\u0259l\u0259n ilin may\u0131nda A\u015fqabadda MDB-y\u0259 \u00fczv \u00f6lk\u0259l\u0259rin H\u00f6kum\u0259t Ba\u015f\u00e7\u0131lar\u0131 \u015euras\u0131n\u0131n iclas\u0131 ke\u00e7iril\u0259c\u0259k\u201d. Bunu Bi\u015fkekd\u0259 Birlik \u00f6lk\u0259l\u0259rinin h\u00f6kum\u0259t ba\u015f\u00e7\u0131lar\u0131n\u0131n g\u00f6r\u00fc\u015f\u00fcnd\u0259 Q\u0131r\u011f\u0131z\u0131stan Nazirl\u0259r Kabinetinin r\u0259hb\u0259ri Ak\u0131lbek Japarov deyib. \u201c\u015euram\u0131z\u0131n iclas\u0131n\u0131n 2024-c\u00fc ilin may\u0131nda A\u015fqabadda ke\u00e7irilm\u0259si q\u0259rara al\u0131nd\u0131\u201d &#8211;\u00a0o bildirib. Onun s\u00f6zl\u0259rin\u0259 g\u00f6r\u0259, ba\u015f nazirl\u0259rin ilkin g\u00f6r\u00fc\u015f\u00fc g\u0259l\u0259n il may\u0131n 23-24-d\u0259 ke\u00e7iril\u0259c\u0259k. Qeyd ed\u0259k ki, Bi\u015fkekd\u0259 ke\u00e7iril\u0259n iclasda Rusiya, Belarus, Q\u0131r\u011f\u0131z\u0131stan, Qazax\u0131stan, \u00d6zb\u0259kistan, Tacikistan h\u00f6kum\u0259t ba\u015f\u00e7\u0131lar\u0131, Az\u0259rbaycan, Erm\u0259nistan v\u0259 T\u00fcrkm\u0259nistan ba\u015f nazirl\u0259rinin m\u00fcavinl\u0259ri, h\u0259m\u00e7inin Avrasiya \u0130qtisadi \u0130ttifaq\u0131 strukturlar\u0131n\u0131n v\u0259 Birlik \u0130cra Hakimiyy\u0259tinin n\u00fcmay\u0259nd\u0259l\u0259ri i\u015ftirak edirl\u0259r. M\u0259nb\u0259: TASS<\/p>\n","protected":false},"author":2,"featured_media":649843,"comment_status":"closed","ping_status":"closed","sticky":false,"template":"","format":"standard","meta":{"om_disable_all_campaigns":false,"_monsterinsights_skip_tracking":false,"_monsterinsights_sitenote_active":false,"_monsterinsights_sitenote_note":"","_monsterinsights_sitenote_category":0},"categories":[7],"tags":[],"aioseo_notices":[],"gutentor_comment":0,"rttpg_featured_image_url":{"full":["https:\/\/arantv.az\/wp-content\/uploads\/2023\/10\/FotoJet-70.jpg",620,413,false],"landscape":["https:\/\/arantv.az\/wp-content\/uploads\/2023\/10\/FotoJet-70.jpg",620,413,false],"portraits":["https:\/\/arantv.az\/wp-content\/uploads\/2023\/10\/FotoJet-70.jpg",620,413,false],"thumbnail":["https:\/\/arantv.az\/wp-content\/uploads\/2023\/10\/FotoJet-70-500x280.jpg",500,280,true],"medium":["https:\/\/arantv.az\/wp-content\/uploads\/2023\/10\/FotoJet-70-548x365.jpg",548,365,true],"large":["https:\/\/arantv.az\/wp-content\/uploads\/2023\/10\/FotoJet-70.jpg",620,413,false],"1536x1536":["https:\/\/arantv.az\/wp-content\/uploads\/2023\/10\/FotoJet-70.jpg",620,413,false],"2048x2048":["https:\/\/arantv.az\/wp-content\/uploads\/2023\/10\/FotoJet-70.jpg",620,413,false],"post-thumbnail":["https:\/\/arantv.az\/wp-content\/uploads\/2023\/10\/FotoJet-70-240x172.jpg",240,172,true],"advps-thumb-one":["https:\/\/arantv.az\/wp-content\/uploads\/2023\/10\/FotoJet-70.jpg",620,413,false]},"rttpg_author":{"display_name":"V\u00fcsal Rafiqo\u011flu","author_link":"https:\/\/arantv.az\/?author=2"},"rttpg_comment":0,"rttpg_category":"<a href=\"https:\/\/arantv.az\/?cat=7\" rel=\"category\">D\u00fcnya<\/a>","rttpg_excerpt":"\u201cG\u0259l\u0259n ilin may\u0131nda A\u015fqabadda MDB-y\u0259 \u00fczv \u00f6lk\u0259l\u0259rin H\u00f6kum\u0259t Ba\u015f\u00e7\u0131lar\u0131 \u015euras\u0131n\u0131n iclas\u0131 ke\u00e7iril\u0259c\u0259k\u201d. Bunu Bi\u015fkekd\u0259 Birlik \u00f6lk\u0259l\u0259rinin h\u00f6kum\u0259t ba\u015f\u00e7\u0131lar\u0131n\u0131n g\u00f6r\u00fc\u015f\u00fcnd\u0259 Q\u0131r\u011f\u0131z\u0131stan Nazirl\u0259r Kabinetinin r\u0259hb\u0259ri Ak\u0131lbek Japarov deyib. \u201c\u015euram\u0131z\u0131n iclas\u0131n\u0131n 2024-c\u00fc ilin may\u0131nda A\u015fqabadda ke\u00e7irilm\u0259si q\u0259rara al\u0131nd\u0131\u201d &#8211;\u00a0o bildirib. Onun s\u00f6zl\u0259rin\u0259 g\u00f6r\u0259, ba\u015f nazirl\u0259rin ilkin g\u00f6r\u00fc\u015f\u00fc g\u0259l\u0259n il may\u0131n 23-24-d\u0259 ke\u00e7iril\u0259c\u0259k. Qeyd ed\u0259k ki, Bi\u015fkekd\u0259 ke\u00e7iril\u0259n iclasda&hellip;","_links":{"self":[{"href":"https:\/\/arantv.az\/index.php?rest_route=\/wp\/v2\/posts\/649839"}],"collection":[{"href":"https:\/\/arantv.az\/index.php?rest_route=\/wp\/v2\/posts"}],"about":[{"href":"https:\/\/arantv.az\/index.php?rest_route=\/wp\/v2\/types\/post"}],"author":[{"embeddable":true,"href":"https:\/\/arantv.az\/index.php?rest_route=\/wp\/v2\/users\/2"}],"replies":[{"embeddable":true,"href":"https:\/\/arantv.az\/index.php?rest_route=%2Fwp%2Fv2%2Fcomments&post=649839"}],"version-history":[{"count":0,"href":"https:\/\/arantv.az\/index.php?rest_route=\/wp\/v2\/posts\/649839\/revisions"}],"wp:featuredmedia":[{"embeddable":true,"href":"https:\/\/arantv.az\/index.php?rest_route=\/wp\/v2\/media\/649843"}],"wp:attachment":[{"href":"https:\/\/arantv.az\/index.php?rest_route=%2Fwp%2Fv2%2Fmedia&parent=649839"}],"wp:term":[{"taxonomy":"category","embeddable":true,"href":"https:\/\/arantv.az\/index.php?rest_route=%2Fwp%2Fv2%2Fcategories&post=649839"},{"taxonomy":"post_tag","embeddable":true,"href":"https:\/\/arantv.az\/index.php?rest_route=%2Fwp%2Fv2%2Ftags&post=649839"}],"curies":[{"name":"wp","href":"https:\/\/api.w.org\/{rel}","templated":true}]}}