{"id":64984,"date":"2019-06-08T11:26:25","date_gmt":"2019-06-08T08:26:25","guid":{"rendered":"http:\/\/arantv.az\/?p=64984"},"modified":"2019-06-08T11:26:25","modified_gmt":"2019-06-08T08:26:25","slug":"dagliq-qarabagin-az%c9%99rbaycanli-icmasi-erm%c9%99ni-nazirin-aciqlamalarina-cavab-verdi","status":"publish","type":"post","link":"https:\/\/arantv.az\/?p=64984","title":{"rendered":"Da\u011fl\u0131q Qaraba\u011f\u0131n Az\u0259rbaycanl\u0131 \u0130cmas\u0131 erm\u0259ni &#8220;nazir&#8221;in a\u00e7\u0131qlamalar\u0131na cavab verdi"},"content":{"rendered":"<p><strong>Az\u0259rbaycan Respublikas\u0131 Da\u011fl\u0131q Qaraba\u011f B\u00f6lg\u0259sinin Az\u0259rbaycanl\u0131 \u0130cmas\u0131n\u0131n r\u0259hb\u0259ri Tural G\u0259nc\u0259liyev Az\u0259rbaycan\u0131n i\u015f\u011fal olunmu\u015f \u0259razil\u0259rind\u0259 yarad\u0131lm\u0131\u015f qondarma rejimin &#8220;xarici i\u015fl\u0259r nazirliyinin&#8221; \u015f\u0259rhi il\u0259 ba\u011fl\u0131 b\u0259yanat verib.<\/strong><\/p>\n<p><strong>ARANTV.AZ\u00a0<\/strong> x\u0259b\u0259r verir ki, \u0130cmadan\u00a0<a href=\"https:\/\/az.trend.az\/\" target=\"_blank\" rel=\"noopener\">Trend<\/a>-\u0259 daxil olan b\u0259yanatda bildirilir ki, Az\u0259rbaycan\u0131n i\u015f\u011fal olunmu\u015f \u0259razil\u0259rind\u0259 yarad\u0131lm\u0131\u015f qondarma qurumun &#8220;xarici i\u015fl\u0259r nazirliyi&#8221; erm\u0259nil\u0259r\u0259 qar\u015f\u0131 \u00f6lk\u0259mizd\u0259 guya ksenofobiya a\u015f\u0131lanmas\u0131 v\u0259 d\u00fcnya erm\u0259niliyinin d\u00fc\u015fm\u0259n kimi t\u0259qdim edilm\u0259si il\u0259 ba\u011fl\u0131 yenid\u0259n c\u0259f\u0259ng v\u0259 \u0259sass\u0131z iddialar ir\u0259li s\u00fcr\u00fcb: &#8220;Qondarma rejim UEFA Avropa Liqas\u0131n\u0131n Bak\u0131da ke\u00e7iril\u0259n final oyununa toxunaraq, Arsenal klubunun erm\u0259ni futbol\u00e7usu Mxitaryan v\u0259 erm\u0259ni azarke\u015fl\u0259rin Bak\u0131ya g\u0259l\u0259 bilm\u0259m\u0259sini bu m\u0259s\u0259l\u0259 il\u0259 \u0259laq\u0259l\u0259ndirm\u0259y\u0259 c\u0259hd edib.<\/p>\n<p>Avropan\u0131n \u0259sas futbol qurumu olan UEFA-n\u0131n prinsipl\u0259rin\u0259 zidd olaraq m\u00f6t\u0259b\u0259r idman yar\u0131\u015f\u0131n\u0131 siyasil\u0259\u015fdirm\u0259kl\u0259, qar\u015f\u0131 t\u0259r\u0259f yenid\u0259n \u00f6z\u00fcn\u00fc if\u015fa etdi.<\/p>\n<p>Erm\u0259ni v\u0259 ya erm\u0259ni \u0259silli idman\u00e7\u0131lar Az\u0259rbaycanda ke\u00e7iril\u0259n m\u00f6t\u0259b\u0259r idman yar\u0131\u015flar\u0131nda d\u0259f\u0259l\u0259rl\u0259 i\u015ftirak etmi\u015fdir. H\u0259tta, erm\u0259ni parlamentaril\u0259r v\u0259 dig\u0259r erm\u0259ni n\u00fcmay\u0259nd\u0259 hey\u0259tl\u0259ri \u00f6lk\u0259miz\u0259 s\u0259f\u0259rl\u0259r etmi\u015f v\u0259 he\u00e7 bir probleml\u0259 \u00fczl\u0259\u015fm\u0259mi\u015fdir.<\/p>\n<p>Erm\u0259nistan anlam\u0131r ki, problemin k\u00f6k\u00fcnd\u0259 duran \u0259sas m\u0259s\u0259l\u0259 onun Az\u0259rbaycana qar\u015f\u0131 davam etdirdiyi h\u0259rbi i\u015f\u011fal v\u0259 t\u0259cav\u00fcz siyas\u0259tidir. Erm\u0259nistan-Az\u0259rbaycan m\u00fcnaqi\u015f\u0259sinin \u0259n b\u00f6y\u00fck soyq\u0131r\u0131m\u0131n\u0131 t\u00f6r\u0259d\u0259n, y\u00fczl\u0259rl\u0259 dinc sakini, qad\u0131n, u\u015faq v\u0259 qocalar\u0131 q\u0259tl ed\u0259n Erm\u0259nistan t\u0259r\u0259fi t\u00f6r\u0259tdiyi d\u0259h\u015f\u0259tl\u0259ri unudaraq, futbol yar\u0131\u015f\u0131 \u0259traf\u0131nda ucuz \u015fou d\u00fcz\u0259ltm\u0259kl\u0259 if\u015fa olundu\u011funu anlam\u0131rm\u0131?! Az\u0259rbaycanl\u0131 dinc \u0259haliy\u0259 qar\u015f\u0131 Xocal\u0131 soyq\u0131r\u0131m\u0131n\u0131 t\u00f6r\u0259d\u0259n Erm\u0259nistan hans\u0131 \u0259sasla \u00f6lk\u0259mizi erm\u0259nil\u0259r\u0259 qar\u015f\u0131 ksenofobiya a\u015f\u0131lamaqda ittiham edir?<\/p>\n<p>Erm\u0259nistan\u0131n h\u0259yata ke\u00e7irdiyi h\u0259rbi t\u0259cav\u00fcz n\u0259tic\u0259sind\u0259 bilavasit\u0259 irqi ayr\u0131se\u00e7kilik, etnik t\u0259mizl\u0259m\u0259 v\u0259 diskriminasiya qurban\u0131 olaraq qondarma qurumun diqq\u0259tin\u0259 \u00e7atd\u0131r\u0131ram ki, Az\u0259rbaycanda guya erm\u0259nil\u0259r\u0259 qar\u015f\u0131 ksenofobiya a\u015f\u0131lanmas\u0131n\u0131 iddia etm\u0259zd\u0259n \u00f6nc\u0259, qar\u015f\u0131 t\u0259r\u0259f mono-etnik Erm\u0259nistan il\u0259 m\u00fcxt\u0259lif etnik azl\u0131qlar\u0131n, o c\u00fcml\u0259d\u0259n on minl\u0259rl\u0259 erm\u0259ninin azad v\u0259 fir\u0259van \u015f\u0259kild\u0259 ya\u015fad\u0131\u011f\u0131 \u00f6lk\u0259miz aras\u0131nda olan f\u0259rqi d\u00fczg\u00fcn d\u0259rk etm\u0259y\u0259 \u00e7al\u0131\u015fs\u0131n. Bunu g\u00f6rm\u0259k \u00fc\u00e7\u00fcn &#8220;silahlanm\u0131\u015f g\u00f6z\u0259&#8221; malik olma\u011fa ehtiyac yoxdur, sad\u0259 statistik r\u0259q\u0259ml\u0259ri v\u0259 dig\u0259r g\u00f6st\u0259ricil\u0259ri m\u00fcqayis\u0259 etm\u0259k kifay\u0259t ed\u0259r&#8221;.<\/p>\n<p>\u0130cma s\u0259dri bildirib ki, az\u0259rbaycanl\u0131lara qar\u015f\u0131 ksenofobiya v\u0259 etnik nifr\u0259t d\u00f6vl\u0259t s\u0259viyy\u0259sind\u0259 m\u0259hz Erm\u0259nistanda t\u0259bli\u011f olunur v\u0259 bunun n\u0259tic\u0259sidir ki, az\u0259rbaycanl\u0131lar 30 il\u0259 yax\u0131nd\u0131r ki, etnik t\u0259mizl\u0259m\u0259y\u0259 m\u0259ruz qald\u0131qlar\u0131 torpaqlar\u0131na qay\u0131da bilmir:<\/p>\n<p>&#8220;Qondarma rejim Az\u0259rbaycan\u0131n Da\u011fl\u0131q Qaraba\u011f b\u00f6lg\u0259sinin erm\u0259ni icmas\u0131n\u0131 da \u0259sar\u0259t alt\u0131nda saxlamaqda davam edir. Onlar anlamal\u0131d\u0131r ki, b\u00f6lg\u0259nin, ilk n\u00f6vb\u0259d\u0259 Erm\u0259nistan\u0131n g\u0259l\u0259c\u0259k inki\u015faf\u0131 i\u015f\u011fal\u00e7\u0131l\u0131q siyas\u0259tin\u0259 son qoyulmas\u0131, beyn\u0259lxalq h\u00fcququn fundamental prinsipl\u0259rin\u0259 h\u00f6rm\u0259tl\u0259 yana\u015f\u0131lmas\u0131dan as\u0131l\u0131d\u0131r.<\/p>\n<p>Beyn\u0259lxalq ictimaiyy\u0259t Az\u0259rbaycana qar\u015f\u0131 g\u00fcc t\u0259tbiqi, etnik t\u0259mizl\u0259m\u0259, \u00fcmumiyy\u0259tl\u0259 i\u015f\u011faldan ir\u0259li g\u0259l\u0259n n\u0259tic\u0259l\u0259rin legitimliyini he\u00e7 vaxt tan\u0131mayacaq. Bu m\u00f6vqe sonuncu d\u0259f\u0259 \u00f6z ifad\u0259sini Fransan\u0131n Serji-Pontuaz \u015f\u0259h\u0259r m\u0259hk\u0259m\u0259sinin q\u0259rar\u0131nda tapm\u0131\u015fd\u0131r. S\u00f6z\u00fcged\u0259n m\u0259hk\u0259m\u0259 bu \u00f6lk\u0259nin Arnuvil \u015f\u0259h\u0259ri il\u0259 Az\u0259rbaycan\u0131n i\u015f\u011fal olunmu\u015f Xocav\u0259nd rayonunun inzibati b\u00f6lg\u0259l\u0259rind\u0259n biri aras\u0131nda imzalanm\u0131\u015f &#8220;sazi\u015f&#8221;in l\u0259\u011fvin\u0259 dair q\u0259rar ver\u0259r\u0259k, onun qanunsuz oldu\u011funu, h\u00fcquqi q\u00fcvv\u0259y\u0259 malik olmad\u0131\u011f\u0131n\u0131 v\u0259 Fransan\u0131n beyn\u0259lxalq \u00f6hd\u0259likl\u0259rin\u0259 ziddiy\u0259t t\u0259\u015fkil etdiyini bildirmi\u015fdir.<\/p>\n<p>Bir daha b\u0259yan edir\u0259m ki, m\u00fcnaqi\u015f\u0259nin yegan\u0259 h\u0259lli yolu &#8211; Erm\u0259nistan\u0131n i\u015f\u011fal\u00e7\u0131 qo\u015funlar\u0131n\u0131n torpaqlar\u0131m\u0131zdan \u00e7\u0131xar\u0131lmas\u0131, oradan qovulmu\u015f az\u0259rbaycanl\u0131lar\u0131n geri d\u00f6nm\u0259si, \u00f6lk\u0259mizin beyn\u0259lxalq s\u0259viyy\u0259d\u0259 tan\u0131nm\u0131\u015f s\u0259rh\u0259dl\u0259ri \u00e7\u0259r\u00e7iv\u0259sind\u0259 Az\u0259rbaycan\u0131n Da\u011fl\u0131q Qaraba\u011f b\u00f6lg\u0259sinin h\u0259r iki icmas\u0131n\u0131n birlikd\u0259 s\u00fclh \u015f\u0259raitind\u0259 ya\u015famas\u0131 il\u0259 m\u00fcmk\u00fcnd\u00fcr&#8221;.<\/p>\n","protected":false},"excerpt":{"rendered":"<p>Az\u0259rbaycan Respublikas\u0131 Da\u011fl\u0131q Qaraba\u011f B\u00f6lg\u0259sinin Az\u0259rbaycanl\u0131 \u0130cmas\u0131n\u0131n r\u0259hb\u0259ri Tural G\u0259nc\u0259liyev Az\u0259rbaycan\u0131n i\u015f\u011fal olunmu\u015f \u0259razil\u0259rind\u0259 yarad\u0131lm\u0131\u015f qondarma rejimin &#8220;xarici i\u015fl\u0259r nazirliyinin&#8221; \u015f\u0259rhi il\u0259 ba\u011fl\u0131 b\u0259yanat verib. ARANTV.AZ\u00a0 x\u0259b\u0259r verir ki, \u0130cmadan\u00a0Trend-\u0259 daxil olan b\u0259yanatda bildirilir ki, Az\u0259rbaycan\u0131n i\u015f\u011fal olunmu\u015f \u0259razil\u0259rind\u0259 yarad\u0131lm\u0131\u015f qondarma qurumun &#8220;xarici i\u015fl\u0259r nazirliyi&#8221; erm\u0259nil\u0259r\u0259 qar\u015f\u0131 \u00f6lk\u0259mizd\u0259 guya ksenofobiya a\u015f\u0131lanmas\u0131 v\u0259 d\u00fcnya erm\u0259niliyinin d\u00fc\u015fm\u0259n kimi t\u0259qdim edilm\u0259si il\u0259 ba\u011fl\u0131 yenid\u0259n c\u0259f\u0259ng v\u0259 \u0259sass\u0131z iddialar ir\u0259li s\u00fcr\u00fcb: &#8220;Qondarma rejim UEFA Avropa Liqas\u0131n\u0131n Bak\u0131da ke\u00e7iril\u0259n final oyununa toxunaraq, Arsenal klubunun erm\u0259ni futbol\u00e7usu Mxitaryan v\u0259 erm\u0259ni azarke\u015fl\u0259rin Bak\u0131ya g\u0259l\u0259 bilm\u0259m\u0259sini bu m\u0259s\u0259l\u0259&hellip;<\/p>\n","protected":false},"author":2,"featured_media":64985,"comment_status":"closed","ping_status":"closed","sticky":false,"template":"","format":"standard","meta":{"om_disable_all_campaigns":false,"_monsterinsights_skip_tracking":false,"_monsterinsights_sitenote_active":false,"_monsterinsights_sitenote_note":"","_monsterinsights_sitenote_category":0},"categories":[4],"tags":[],"aioseo_notices":[],"gutentor_comment":0,"rttpg_featured_image_url":{"full":["https:\/\/arantv.az\/wp-content\/uploads\/2019\/06\/761429.jpg",800,600,false],"landscape":["https:\/\/arantv.az\/wp-content\/uploads\/2019\/06\/761429.jpg",800,600,false],"portraits":["https:\/\/arantv.az\/wp-content\/uploads\/2019\/06\/761429.jpg",800,600,false],"thumbnail":["https:\/\/arantv.az\/wp-content\/uploads\/2019\/06\/761429-150x150.jpg",150,150,true],"medium":["https:\/\/arantv.az\/wp-content\/uploads\/2019\/06\/761429-300x225.jpg",300,225,true],"large":["https:\/\/arantv.az\/wp-content\/uploads\/2019\/06\/761429.jpg",640,480,false],"1536x1536":["https:\/\/arantv.az\/wp-content\/uploads\/2019\/06\/761429.jpg",800,600,false],"2048x2048":["https:\/\/arantv.az\/wp-content\/uploads\/2019\/06\/761429.jpg",800,600,false],"post-thumbnail":["https:\/\/arantv.az\/wp-content\/uploads\/2019\/06\/761429-240x172.jpg",240,172,true],"advps-thumb-one":["https:\/\/arantv.az\/wp-content\/uploads\/2019\/06\/761429.jpg",800,600,false]},"rttpg_author":{"display_name":"V\u00fcsal Rafiqo\u011flu","author_link":"https:\/\/arantv.az\/?author=2"},"rttpg_comment":0,"rttpg_category":"<a href=\"https:\/\/arantv.az\/?cat=4\" rel=\"category\">Siyas\u0259t<\/a>","rttpg_excerpt":"Az\u0259rbaycan Respublikas\u0131 Da\u011fl\u0131q Qaraba\u011f B\u00f6lg\u0259sinin Az\u0259rbaycanl\u0131 \u0130cmas\u0131n\u0131n r\u0259hb\u0259ri Tural G\u0259nc\u0259liyev Az\u0259rbaycan\u0131n i\u015f\u011fal olunmu\u015f \u0259razil\u0259rind\u0259 yarad\u0131lm\u0131\u015f qondarma rejimin &#8220;xarici i\u015fl\u0259r nazirliyinin&#8221; \u015f\u0259rhi il\u0259 ba\u011fl\u0131 b\u0259yanat verib. ARANTV.AZ\u00a0 x\u0259b\u0259r verir ki, \u0130cmadan\u00a0Trend-\u0259 daxil olan b\u0259yanatda bildirilir ki, Az\u0259rbaycan\u0131n i\u015f\u011fal olunmu\u015f \u0259razil\u0259rind\u0259 yarad\u0131lm\u0131\u015f qondarma qurumun &#8220;xarici i\u015fl\u0259r nazirliyi&#8221; erm\u0259nil\u0259r\u0259 qar\u015f\u0131 \u00f6lk\u0259mizd\u0259 guya ksenofobiya a\u015f\u0131lanmas\u0131 v\u0259 d\u00fcnya erm\u0259niliyinin d\u00fc\u015fm\u0259n&hellip;","_links":{"self":[{"href":"https:\/\/arantv.az\/index.php?rest_route=\/wp\/v2\/posts\/64984"}],"collection":[{"href":"https:\/\/arantv.az\/index.php?rest_route=\/wp\/v2\/posts"}],"about":[{"href":"https:\/\/arantv.az\/index.php?rest_route=\/wp\/v2\/types\/post"}],"author":[{"embeddable":true,"href":"https:\/\/arantv.az\/index.php?rest_route=\/wp\/v2\/users\/2"}],"replies":[{"embeddable":true,"href":"https:\/\/arantv.az\/index.php?rest_route=%2Fwp%2Fv2%2Fcomments&post=64984"}],"version-history":[{"count":0,"href":"https:\/\/arantv.az\/index.php?rest_route=\/wp\/v2\/posts\/64984\/revisions"}],"wp:featuredmedia":[{"embeddable":true,"href":"https:\/\/arantv.az\/index.php?rest_route=\/wp\/v2\/media\/64985"}],"wp:attachment":[{"href":"https:\/\/arantv.az\/index.php?rest_route=%2Fwp%2Fv2%2Fmedia&parent=64984"}],"wp:term":[{"taxonomy":"category","embeddable":true,"href":"https:\/\/arantv.az\/index.php?rest_route=%2Fwp%2Fv2%2Fcategories&post=64984"},{"taxonomy":"post_tag","embeddable":true,"href":"https:\/\/arantv.az\/index.php?rest_route=%2Fwp%2Fv2%2Ftags&post=64984"}],"curies":[{"name":"wp","href":"https:\/\/api.w.org\/{rel}","templated":true}]}}