{"id":649846,"date":"2023-10-26T19:47:24","date_gmt":"2023-10-26T15:47:24","guid":{"rendered":"https:\/\/arantv.az\/?p=649846"},"modified":"2023-10-26T19:47:24","modified_gmt":"2023-10-26T15:47:24","slug":"ebrd-az%c9%99rbaycanda-ilk-kul%c9%99k-stansiyasini-maliyy%c9%99l%c9%99sdirir","status":"publish","type":"post","link":"https:\/\/arantv.az\/?p=649846","title":{"rendered":"EBRD Az\u0259rbaycanda ilk k\u00fcl\u0259k stansiyas\u0131n\u0131 maliyy\u0259l\u0259\u015fdirir"},"content":{"rendered":"<p>Avropa Yenid\u0259nqurma v\u0259 \u0130nki\u015faf Bank\u0131 (EBRD) S\u0259udiyy\u0259 \u018fr\u0259bistan\u0131n\u0131n \u201cACWA Power\u201d \u015firk\u0259tin\u0259\u00a0197,1 milyon\u00a0AB\u015e dollar\u0131 (186,9 milyon\u00a0avro) m\u0259bl\u0259\u011find\u0259 sindikatla\u015fd\u0131r\u0131lm\u0131\u015f kredit hesab\u0131na Az\u0259rbaycan\u0131n \u015f\u0259rqind\u0259\u00a0240\u00a0meqavatl\u0131q \u201cX\u0131z\u0131-Ab\u015feron\u201d k\u00fcl\u0259k elektrik stansiyas\u0131n\u0131n tikintisini maliyy\u0259l\u0259\u015fdir\u0259c\u0259k.<\/p>\n<p>\u201cReport\u201dun banka istinad\u0259n verdiyi x\u0259b\u0259r\u0259 g\u00f6r\u0259, bu, \u00f6lk\u0259d\u0259 kommunal miqyasl\u0131 ilk k\u00fcl\u0259k enerjisi layih\u0259si v\u0259 Qafqaz regionunda \u0259n b\u00f6y\u00fck layih\u0259 olacaq. Layih\u0259 OPEC Beyn\u0259lxalq \u0130nki\u015faf Fondu il\u0259 birg\u0259 maliyy\u0259l\u0259\u015fdiril\u0259c\u0259k.<\/p>\n<p>240\u00a0MVt g\u00fcc\u00fcnd\u0259 b\u0259rpa olunan elektrik stansiyas\u0131 istismara verildikd\u0259n sonra ild\u0259 893 giqavat\/saata q\u0259d\u0259r t\u0259miz elektrik enerjisi istehsal ed\u0259c\u0259k. H\u0259r il\u00a0400 000\u00a0tondan \u00e7ox karbon qaz\u0131 emissiyalar\u0131n\u0131n azalaca\u011f\u0131 g\u00f6zl\u0259nilir.<\/p>\n<p>EBRD-nin Dayan\u0131ql\u0131 \u0130nfrastruktur Qrupunun idar\u0259edici direktoru Nandita Par\u015fad bildirib ki, ke\u00e7\u0259n il bank regionlarda b\u0259rpa olunan enerji, \u201cya\u015f\u0131l hidrogen\u201d v\u0259 \u201cya\u015f\u0131l\u201d duzsuzla\u015fd\u0131rma layih\u0259l\u0259rinin \u00e7atd\u0131r\u0131lmas\u0131 \u00fc\u00e7\u00fcn uzunm\u00fcdd\u0259tli t\u0259r\u0259fda\u015f\u0131 \u201cACWA Power\u201d \u015firk\u0259ti il\u0259 anla\u015fma memorandumu imzalay\u0131b:<\/p>\n<p>\u201cBu memorandum say\u0259sind\u0259 EBRD \u0259hat\u0259 etdiyi regionlarda b\u0259rpa olunan enerjinin meqavatdan gigavata q\u0259d\u0259r art\u0131r\u0131lmas\u0131 il\u0259 ba\u011fl\u0131 bu v\u0259din dem\u0259k olar ki,\u00a01,5\u00a0GVt-\u0131na art\u0131q nail olub\u201d.<\/p>\n<p>\u201cACWA Power\u201d \u015firk\u0259tinin ba\u015f icra\u00e7\u0131 direktoru Marko Arcelli is\u0259 bildirib ki, \u201cACWA Power\u201d Az\u0259rbaycan\u0131n 2030-cu il\u0259 q\u0259d\u0259r enerji t\u0259l\u0259bat\u0131n\u0131n\u00a030%-ni b\u0259rpa olunan m\u0259nb\u0259l\u0259rd\u0259n \u00f6d\u0259m\u0259k m\u0259qs\u0259din\u0259 \u00e7atmas\u0131na k\u00f6m\u0259k etm\u0259kd\u0259 \u0259sas rol oynama\u011fa h\u0259v\u0259slidir:<\/p>\n<p>\u201cDavaml\u0131l\u0131q \u00f6hd\u0259liyimiz s\u0259rh\u0259dl\u0259ri a\u015f\u0131r v\u0259 bu vacib layih\u0259d\u0259 ba\u015fqa bir m\u0259rh\u0259l\u0259d\u0259 d\u0259 qeyd etdiyimiz kimi, b\u00fct\u00fcn maraql\u0131 t\u0259r\u0259fl\u0259rimizin d\u0259st\u0259kl\u0259nm\u0259sini g\u00f6zl\u0259yirik\u201d.<\/p>\n<p>OPEC Fondunun ba\u015f icra\u00e7\u0131 direktoru \u018fbd\u00fclh\u0259mid \u018flx\u0259lif\u0259 bildirib ki, OPEC Fondu xarici investisiyalar\u0131 v\u0259 d\u00f6vl\u0259t sektoru \u00fc\u00e7\u00fcn \u00f6z\u0259l sektorun maliyy\u0259l\u0259\u015fdirilm\u0259sini t\u0259\u015fviq etm\u0259kl\u0259 Az\u0259rbaycan\u0131n enerji land\u015faft\u0131nda d\u0259yi\u015fiklik ed\u0259c\u0259k X\u0131z\u0131-Ab\u015feron k\u00fcl\u0259k enerjisi layih\u0259sind\u0259 \u0259sas t\u0259r\u0259fda\u015f olmaqdan q\u00fcrur duyur.<\/p>\n<p>Ab\u015feron v\u0259 X\u0131z\u0131dak\u0131 k\u00fcl\u0259k enerjisi layih\u0259si ke\u00e7\u0259n il Qarada\u011fda s\u0259naye miqyasl\u0131 ilk g\u00fcn\u0259\u015f elektrik stansiyas\u0131na investisiya qoyulu\u015fundan sonra h\u0259yata ke\u00e7irilir. EBRD il\u0259 Az\u0259rbaycan aras\u0131nda 2022-ci ilin dekabr\u0131nda imzalanm\u0131\u015f anla\u015fma memorandumunda \u00f6z \u0259ksini tapm\u0131\u015f investisiyalar, el\u0259c\u0259 d\u0259 texniki \u0259m\u0259kda\u015fl\u0131q v\u0259 siyas\u0259t dialoqu vasit\u0259sil\u0259 \u00f6lk\u0259nin iddial\u0131 \u201cya\u015f\u0131l\u201d g\u00fcnd\u0259liyinin h\u0259yata ke\u00e7irilm\u0259si \u00fc\u00e7\u00fcn \u0259sas vasit\u0259dir.<\/p>\n<p>Qeyd ed\u0259k ki, EBRD Qafqaz regionunda m\u00fch\u00fcm institusional investordur. Bank bu g\u00fcn\u0259 kimi Az\u0259rbaycanda\u00a0188\u00a0layih\u0259y\u0259\u00a03,6 milyard\u00a0avrodan \u00e7ox s\u0259rmay\u0259 qoyub v\u0259 diqq\u0259tini \u00f6lk\u0259 iqtisadiyyat\u0131n\u0131 \u015fax\u0259l\u0259ndirm\u0259y\u0259 v\u0259 \u201cya\u015f\u0131l\u201d iqlim h\u0259d\u0259fl\u0259rini d\u0259st\u0259kl\u0259m\u0259y\u0259 yard\u0131m edib.<\/p>\n","protected":false},"excerpt":{"rendered":"<p>Avropa Yenid\u0259nqurma v\u0259 \u0130nki\u015faf Bank\u0131 (EBRD) S\u0259udiyy\u0259 \u018fr\u0259bistan\u0131n\u0131n \u201cACWA Power\u201d \u015firk\u0259tin\u0259\u00a0197,1 milyon\u00a0AB\u015e dollar\u0131 (186,9 milyon\u00a0avro) m\u0259bl\u0259\u011find\u0259 sindikatla\u015fd\u0131r\u0131lm\u0131\u015f kredit hesab\u0131na Az\u0259rbaycan\u0131n \u015f\u0259rqind\u0259\u00a0240\u00a0meqavatl\u0131q \u201cX\u0131z\u0131-Ab\u015feron\u201d k\u00fcl\u0259k elektrik stansiyas\u0131n\u0131n tikintisini maliyy\u0259l\u0259\u015fdir\u0259c\u0259k. \u201cReport\u201dun banka istinad\u0259n verdiyi x\u0259b\u0259r\u0259 g\u00f6r\u0259, bu, \u00f6lk\u0259d\u0259 kommunal miqyasl\u0131 ilk k\u00fcl\u0259k enerjisi layih\u0259si v\u0259 Qafqaz regionunda \u0259n b\u00f6y\u00fck layih\u0259 olacaq. Layih\u0259 OPEC Beyn\u0259lxalq \u0130nki\u015faf Fondu il\u0259 birg\u0259 maliyy\u0259l\u0259\u015fdiril\u0259c\u0259k. 240\u00a0MVt g\u00fcc\u00fcnd\u0259 b\u0259rpa olunan elektrik stansiyas\u0131 istismara verildikd\u0259n sonra ild\u0259 893 giqavat\/saata q\u0259d\u0259r t\u0259miz elektrik enerjisi istehsal ed\u0259c\u0259k. H\u0259r il\u00a0400 000\u00a0tondan \u00e7ox karbon qaz\u0131 emissiyalar\u0131n\u0131n azalaca\u011f\u0131 g\u00f6zl\u0259nilir. EBRD-nin Dayan\u0131ql\u0131 \u0130nfrastruktur Qrupunun idar\u0259edici direktoru Nandita&hellip;<\/p>\n","protected":false},"author":2,"featured_media":649848,"comment_status":"closed","ping_status":"closed","sticky":false,"template":"","format":"standard","meta":{"om_disable_all_campaigns":false,"_monsterinsights_skip_tracking":false,"_monsterinsights_sitenote_active":false,"_monsterinsights_sitenote_note":"","_monsterinsights_sitenote_category":0},"categories":[19],"tags":[],"aioseo_notices":[],"gutentor_comment":0,"rttpg_featured_image_url":{"full":["https:\/\/arantv.az\/wp-content\/uploads\/2023\/10\/e1dd964f-3849-32d8-941a-8f3e9c3a6ad2_850.jpg",620,413,false],"landscape":["https:\/\/arantv.az\/wp-content\/uploads\/2023\/10\/e1dd964f-3849-32d8-941a-8f3e9c3a6ad2_850.jpg",620,413,false],"portraits":["https:\/\/arantv.az\/wp-content\/uploads\/2023\/10\/e1dd964f-3849-32d8-941a-8f3e9c3a6ad2_850.jpg",620,413,false],"thumbnail":["https:\/\/arantv.az\/wp-content\/uploads\/2023\/10\/e1dd964f-3849-32d8-941a-8f3e9c3a6ad2_850-500x280.jpg",500,280,true],"medium":["https:\/\/arantv.az\/wp-content\/uploads\/2023\/10\/e1dd964f-3849-32d8-941a-8f3e9c3a6ad2_850-548x365.jpg",548,365,true],"large":["https:\/\/arantv.az\/wp-content\/uploads\/2023\/10\/e1dd964f-3849-32d8-941a-8f3e9c3a6ad2_850.jpg",620,413,false],"1536x1536":["https:\/\/arantv.az\/wp-content\/uploads\/2023\/10\/e1dd964f-3849-32d8-941a-8f3e9c3a6ad2_850.jpg",620,413,false],"2048x2048":["https:\/\/arantv.az\/wp-content\/uploads\/2023\/10\/e1dd964f-3849-32d8-941a-8f3e9c3a6ad2_850.jpg",620,413,false],"post-thumbnail":["https:\/\/arantv.az\/wp-content\/uploads\/2023\/10\/e1dd964f-3849-32d8-941a-8f3e9c3a6ad2_850-240x172.jpg",240,172,true],"advps-thumb-one":["https:\/\/arantv.az\/wp-content\/uploads\/2023\/10\/e1dd964f-3849-32d8-941a-8f3e9c3a6ad2_850.jpg",620,413,false]},"rttpg_author":{"display_name":"V\u00fcsal Rafiqo\u011flu","author_link":"https:\/\/arantv.az\/?author=2"},"rttpg_comment":0,"rttpg_category":"<a href=\"https:\/\/arantv.az\/?cat=19\" rel=\"category\">G\u00fcnd\u0259m<\/a>","rttpg_excerpt":"Avropa Yenid\u0259nqurma v\u0259 \u0130nki\u015faf Bank\u0131 (EBRD) S\u0259udiyy\u0259 \u018fr\u0259bistan\u0131n\u0131n \u201cACWA Power\u201d \u015firk\u0259tin\u0259\u00a0197,1 milyon\u00a0AB\u015e dollar\u0131 (186,9 milyon\u00a0avro) m\u0259bl\u0259\u011find\u0259 sindikatla\u015fd\u0131r\u0131lm\u0131\u015f kredit hesab\u0131na Az\u0259rbaycan\u0131n \u015f\u0259rqind\u0259\u00a0240\u00a0meqavatl\u0131q \u201cX\u0131z\u0131-Ab\u015feron\u201d k\u00fcl\u0259k elektrik stansiyas\u0131n\u0131n tikintisini maliyy\u0259l\u0259\u015fdir\u0259c\u0259k. \u201cReport\u201dun banka istinad\u0259n verdiyi x\u0259b\u0259r\u0259 g\u00f6r\u0259, bu, \u00f6lk\u0259d\u0259 kommunal miqyasl\u0131 ilk k\u00fcl\u0259k enerjisi layih\u0259si v\u0259 Qafqaz regionunda \u0259n b\u00f6y\u00fck layih\u0259 olacaq. Layih\u0259 OPEC Beyn\u0259lxalq \u0130nki\u015faf Fondu il\u0259 birg\u0259&hellip;","_links":{"self":[{"href":"https:\/\/arantv.az\/index.php?rest_route=\/wp\/v2\/posts\/649846"}],"collection":[{"href":"https:\/\/arantv.az\/index.php?rest_route=\/wp\/v2\/posts"}],"about":[{"href":"https:\/\/arantv.az\/index.php?rest_route=\/wp\/v2\/types\/post"}],"author":[{"embeddable":true,"href":"https:\/\/arantv.az\/index.php?rest_route=\/wp\/v2\/users\/2"}],"replies":[{"embeddable":true,"href":"https:\/\/arantv.az\/index.php?rest_route=%2Fwp%2Fv2%2Fcomments&post=649846"}],"version-history":[{"count":0,"href":"https:\/\/arantv.az\/index.php?rest_route=\/wp\/v2\/posts\/649846\/revisions"}],"wp:featuredmedia":[{"embeddable":true,"href":"https:\/\/arantv.az\/index.php?rest_route=\/wp\/v2\/media\/649848"}],"wp:attachment":[{"href":"https:\/\/arantv.az\/index.php?rest_route=%2Fwp%2Fv2%2Fmedia&parent=649846"}],"wp:term":[{"taxonomy":"category","embeddable":true,"href":"https:\/\/arantv.az\/index.php?rest_route=%2Fwp%2Fv2%2Fcategories&post=649846"},{"taxonomy":"post_tag","embeddable":true,"href":"https:\/\/arantv.az\/index.php?rest_route=%2Fwp%2Fv2%2Ftags&post=649846"}],"curies":[{"name":"wp","href":"https:\/\/api.w.org\/{rel}","templated":true}]}}