{"id":649863,"date":"2023-10-26T19:50:44","date_gmt":"2023-10-26T15:50:44","guid":{"rendered":"https:\/\/arantv.az\/?p=649863"},"modified":"2023-10-26T19:50:44","modified_gmt":"2023-10-26T15:50:44","slug":"erm%c9%99nistani-f%c9%99lak%c9%99t%c9%99-surukl%c9%99y%c9%99n-ucluk-makron-kolonna-lekornyu-s%c9%99rh-foto","status":"publish","type":"post","link":"https:\/\/arantv.az\/?p=649863","title":{"rendered":"Erm\u0259nistan\u0131 f\u0259lak\u0259t\u0259 s\u00fcr\u00fckl\u0259y\u0259n \u201c\u00fc\u00e7l\u00fck\u201d &#8211; Makron, Kolonna, Lekornyu &#8211; \u015e\u018fRH + FOTO"},"content":{"rendered":"<p>Son ill\u0259r beyn\u0259lxalq al\u0259md\u0259 Fransa q\u0259d\u0259r u\u011fursuzluqlarla \u00fczl\u0259\u015f\u0259n ikinci bir d\u00f6vl\u0259t tapmaq, \u00e7\u0259tin ki, m\u00fcmk\u00fcn olsun. \u00d6lk\u0259 m\u00fcst\u0259ml\u0259k\u0259l\u0259rd\u0259n qovulman\u0131n, antifrans\u0131z \u0259hvali-ruhiyy\u0259nin s\u0259b\u0259bl\u0259rini ara\u015fd\u0131rmaq yerin\u0259 \u00f6z v\u0259ziyy\u0259tini daha da a\u011f\u0131rla\u015fd\u0131rmaqdad\u0131r. R\u0259smi Paris gah Erm\u0259nistan\u0131 silahland\u0131r\u0131r, gah da \u0130srail-H\u018fMAS qar\u015f\u0131durmas\u0131 il\u0259 ba\u011fl\u0131 qeyri-m\u00fc\u0259yy\u0259n a\u00e7\u0131qlama v\u0259 b\u0259yanatlar verir.<\/p>\n<p>S\u00f6zs\u00fcz ki, bu u\u011fursuzluqlar\u0131n \u201cmemar\u0131\u201d indiki Prezident Emmanuel Makron v\u0259 onun \u0259mr v\u0259 tap\u015f\u0131r\u0131qlar\u0131na kor-koran\u0259 boyun \u0259y\u0259n komandas\u0131d\u0131r. Bu s\u0131rada Fransan\u0131n xarici i\u015fl\u0259r naziri Ketrin Kolonna v\u0259 m\u00fcdafi\u0259 naziri Sebastyan Lekornyu x\u00fcsusi se\u00e7ilirl\u0259r. H\u0259r iki \u015f\u0259xs Fransa prezidentinin komandas\u0131nda m\u0259suliyy\u0259tsiz siyas\u0259t\u0259 kor-koran\u0259 boyun \u0259y\u0259n m\u0259murlar i\u00e7\u0259risind\u0259 liderliyi \u0259l\u0259 al\u0131blar. Erm\u0259ni lobbisind\u0259n ald\u0131qlar\u0131 maliyy\u0259 v\u0259 ian\u0259l\u0259rl\u0259 saxta sevgil\u0259rini ortaya qoyur, C\u0259nubi Qafqaz\u0131 \u201cbar\u0131t \u00e7\u0259ll\u0259yin\u0259\u201d \u00e7evirm\u0259kd\u0259 israrl\u0131 olan Makrona d\u0259st\u0259k verirl\u0259r.<\/p>\n<p>Erm\u0259ni h\u0259mkar\u0131 Suren Papikyanla Parisd\u0259 \u0130r\u0259vana silah sat\u0131\u015f\u0131 bar\u0259d\u0259 sazi\u015f\u0259 imza atan m\u00fcdafi\u0259 naziri Sebastyan Lekornyu bu g\u00fcn \u201cX\u201d sosial \u015f\u0259b\u0259k\u0259sind\u0259: \u201cFransa Erm\u0259nistan\u0131 v\u0259 erm\u0259nil\u0259ri d\u0259st\u0259kl\u0259yir. Bizim daimi v\u0259 q\u0259ti d\u0259st\u0259yimiz sars\u0131lmazd\u0131r\u201d, &#8211; yaz\u0131b.<\/p>\n<p><img src=\"https:\/\/cdn.oxu.az\/uploads\/W1siZiIsIjIwMjMvMTAvMjYvMTcvMjkvNTEvYTgyZWIzYTktYWI5My00ZWU2LTkyNDctNzVmMjM5ZTRlNzExLzUzNTIzNDM4LTcwN2ItM2VmOC1hNTBiLWJiZGQyODMyYzM2NS5qcGciXSxbInAiLCJlbmNvZGUiLCJqcGciLCItcXVhbGl0eSA4MCJdLFsicCIsInRodW1iIiwiNTkweDU5MFx1MDAzZSJdXQ?sha=b2db7aa2e3282c7e\" alt=\"\" \/><\/p>\n<p>Onun K.Kolonna il\u0259 birg\u0259 Fransan\u0131n u\u011fursuz xarici siyas\u0259tind\u0259 \u0259v\u0259zsiz rola malik oldu\u011fu bir daha t\u0259sdiqini tap\u0131r. Kolonna Fransan\u0131n ke\u00e7mi\u015f m\u00fcst\u0259ml\u0259k\u0259l\u0259rind\u0259n qovulmas\u0131n\u0131n g\u00fcnahkar\u0131 kimi g\u00f6st\u0259rilir. D\u0259f\u0259l\u0259rl\u0259 fransal\u0131 senatorlar bu m\u0259s\u0259l\u0259 il\u0259 ba\u011fl\u0131 naraz\u0131l\u0131qlar\u0131n\u0131 v\u0259 narahatl\u0131qlar\u0131n\u0131 ifad\u0259 edibl\u0259r. Nigerd\u0259n qovulma v\u0259 m\u00f6vqel\u0259rin itirilm\u0259sind\u0259 m\u0259hz X\u0130N r\u0259hb\u0259rinin rolunun \u0259v\u0259zsiz oldu\u011fu vur\u011fulan\u0131r. Fransan\u0131n Afrikada itirdiyi m\u00f6vqel\u0259ri is\u0259 Rusiya qazan\u0131r. T\u0259sad\u00fcfi deyil ki, bir ne\u00e7\u0259 ay bundan \u0259vv\u0259l 90-dan art\u0131q frans\u0131z senatorun imzalad\u0131\u011f\u0131 b\u0259yanatda da xarici siyas\u0259td\u0259 u\u011fursuzluqlar sadalan\u0131b v\u0259 g\u00fcnahkar kimi d\u0259 indiki hakimiyy\u0259t qeyd edilib.<\/p>\n<p>Ke\u00e7mi\u015f m\u00fcst\u0259ml\u0259k\u0259l\u0259rd\u0259 antifrans\u0131z \u0259hvali-ruhiyy\u0259nin artmas\u0131 m\u0259hz yar\u0131tmaz xarici siyas\u0259tl\u0259 ba\u011fl\u0131d\u0131r. Bak\u0131da bu g\u00fcnl\u0259rd\u0259 ke\u00e7iril\u0259n \u201cNeokolonializm: \u0130nsan h\u00fcquqlar\u0131n\u0131n pozulmas\u0131 v\u0259 \u0259dal\u0259tsizlik\u201d adl\u0131 beyn\u0259lxalq konfransda bu m\u0259s\u0259l\u0259 x\u00fcsusi vur\u011fulan\u0131b. T\u0259dbird\u0259 14 \u00f6lk\u0259nin, el\u0259c\u0259 d\u0259 Fransan\u0131n m\u00fcst\u0259ml\u0259k\u0259 alt\u0131nda saxlad\u0131\u011f\u0131 d\u0259niza\u015f\u0131r\u0131 \u0259razil\u0259rin, h\u0259m\u00e7inin Korsikan\u0131n t\u0259msil\u00e7il\u0259ri i\u015ftirak edibl\u0259r. \u00c7\u0131x\u0131\u015f\u00e7\u0131lar Fransan\u0131 ke\u00e7mi\u015f m\u00fcst\u0259ml\u0259k\u0259 d\u00f6vl\u0259tl\u0259rinin daxili i\u015fl\u0259rin\u0259 qar\u0131\u015fmaqda g\u00fcnahland\u0131r\u0131blar. Eyni zamanda, Fransan\u0131n m\u00fcst\u0259ml\u0259k\u0259si alt\u0131nda olan d\u00f6vl\u0259tl\u0259rd\u0259, \u0259razil\u0259rd\u0259 apard\u0131\u011f\u0131 etnik t\u0259mizl\u0259m\u0259, insan haqlar\u0131n\u0131n ciddi \u015f\u0259kild\u0259 pozulmas\u0131 faktlar\u0131 diqq\u0259t\u0259 \u00e7atd\u0131r\u0131l\u0131b. R\u0259smi Bak\u0131n\u0131n bu f\u0259aliyy\u0259tinin Fransada naraz\u0131l\u0131q v\u0259 narahatl\u0131q do\u011furdu\u011fu da \u015f\u0259ksizdir. \u0130\u015ftirak\u00e7\u0131 d\u00f6vl\u0259tl\u0259rin t\u0259dbird\u0259 Fransan\u0131n kolonial siyas\u0259tini t\u0259nqid etm\u0259l\u0259ri d\u00fcnya K\u0130V-ind\u0259 i\u015f\u0131qland\u0131r\u0131l\u0131b, x\u00fcsus\u0259n d\u0259, Prezident\u00a0<strong>\u0130lham \u018fliyevin<\/strong>\u00a0Parisi m\u00fcst\u0259ml\u0259k\u0259 d\u00fc\u015f\u00fcnc\u0259d\u0259 ittiham etm\u0259si ciddi rezonans do\u011furub. \u0130\u015ftirak\u00e7\u0131lar a\u00e7\u0131q \u015f\u0259kild\u0259 bildiribl\u0259r ki, Fransan\u0131n inteqrasiyas\u0131n\u0131, assimilyasiya ist\u0259mirl\u0259r. Parisin manipulyasiya siyas\u0259ti h\u0259yata ke\u00e7irdiyi, bu s\u0259b\u0259bd\u0259n d\u0259 ona qar\u015f\u0131 m\u00fcbariz\u0259d\u0259 beyn\u0259lxalq h\u0259mr\u0259yliyin g\u00fccl\u0259ndirilm\u0259sinin z\u0259ruriliyi vur\u011fulan\u0131b.<\/p>\n<p><img src=\"https:\/\/cdn.oxu.az\/uploads\/W1siZiIsIjIwMjMvMTAvMjYvMTcvMjkvNTEvZDRhOTI4MTctODk3Yy00NDlkLThiZTYtZmI4ZGEwZjNiOGM3L2ViM2I2ODUzLWIzOWItMzA3YS1iMmJiLWRiZTM2YzBlN2I3Yy5qcGciXSxbInAiLCJlbmNvZGUiLCJqcGciLCItcXVhbGl0eSA4MCJdLFsicCIsInRodW1iIiwiNTkweDU5MFx1MDAzZSJdXQ?sha=4bae05ab17a00038\" alt=\"\" \/><\/p>\n<p>Makron v\u0259 komandas\u0131 bu ittihamlardan n\u0259tic\u0259 \u00e7\u0131xar\u0131rm\u0131? T\u0259bii ki, yox! \u018fksin\u0259, Erm\u0259nistan\u0131 silahland\u0131rmaqla onu yeni m\u00fcharib\u0259y\u0259 s\u00f6vq edirl\u0259r. B\u0259s Fransa Erm\u0259nistana verdiyi d\u0259st\u0259kd\u0259 s\u0259mimidirmi? \u018flb\u0259tt\u0259 ki, xeyr! Makron v\u0259 komandas\u0131, sad\u0259c\u0259, se\u00e7ki kampaniyalar\u0131na s\u0259xav\u0259tl\u0259 ona dotasiya ver\u0259n erm\u0259ni diasporuna yaltaqlan\u0131r, z\u0259ngin h\u0259yat namin\u0259 ambisiyalar\u0131n\u0131n v\u0259 sevgil\u0259rinin girovuna \u00e7evrilirl\u0259r. \u0130ndiki r\u0259hb\u0259rliyin Erm\u0259nistanla ba\u011fl\u0131 davran\u0131\u015f v\u0259 b\u0259yanatlar\u0131, sad\u0259c\u0259, erm\u0259ni diasporundan as\u0131l\u0131l\u0131\u011f\u0131n g\u00f6st\u0259ricisidir. Makron art\u0131q Erm\u0259nistan\u0131 regional maraqlar\u0131n\u0131n forpostu hesab edir, Az\u0259rbaycan is\u0259 ona bu yolda \u0259sas mane\u0259dir.<\/p>\n<p>Fransan\u0131n Erm\u0259nistan\u0131 silahland\u0131rmas\u0131 art\u0131q regionda mara\u011f\u0131 olan d\u00f6vl\u0259tl\u0259ri d\u0259 ciddi narahat etm\u0259y\u0259 ba\u015flay\u0131b.<\/p>\n<p>\u201cFrans\u0131zlar erm\u0259ni ordusunda islahatlar aparacaq, onu yeni silahlarla t\u0259chiz ed\u0259c\u0259k. B\u0259s bu, Paris v\u0259 \u0130r\u0259vana n\u0259y\u0259 g\u00f6r\u0259 laz\u0131md\u0131r?\u201d &#8211; dey\u0259 Rusiyan\u0131n \u201cVzqlyad\u201d n\u0259\u015fri sualla \u00e7\u0131x\u0131\u015f edib. Q\u0259zet yaz\u0131b: \u201c\u018fvv\u0259l Erm\u0259nistan Rusiyadan silah al\u0131rd\u0131. \u0130ndi \u00fcf\u00fcqd\u0259 g\u00f6zl\u0259nilm\u0259d\u0259n Fransa peyda olub. Paradoksal v\u0259ziyy\u0259t yaran\u0131b: Kollektiv T\u0259hl\u00fck\u0259sizlik M\u00fcqavil\u0259si T\u0259\u015fkilat\u0131n\u0131n (KTMT) \u00fczv\u00fc olan d\u00f6vl\u0259t NATO d\u00f6vl\u0259tind\u0259n silah al\u0131r. H\u0259tta Fransan\u0131n \u201cLe Monde\u201d r\u0259smi q\u0259zeti bunu iki \u00f6lk\u0259 aras\u0131nda presedentsiz h\u0259rbi \u0259m\u0259kda\u015fl\u0131q adland\u0131r\u0131b\u201d.<\/p>\n<p><img src=\"https:\/\/cdn.oxu.az\/uploads\/W1siZiIsIjIwMjMvMTAvMjYvMTcvMjkvNTEvZTk4NjJhYTgtMWVlOS00NzY2LWExOGUtNGFjZjQ3OTU1MDAyL2QyOWNkOWExLWNkY2QtMzBmYi05NzMyLTRlZWY0NTQyZmUwMy5qcGciXSxbInAiLCJlbmNvZGUiLCJqcGciLCItcXVhbGl0eSA4MCJdLFsicCIsInRodW1iIiwiNTkweDU5MFx1MDAzZSJdXQ?sha=9b357fb3a8bcefaa\" alt=\"\" \/><\/p>\n<p>N\u0259\u015fr, eyni zamanda, Fransan\u0131n t\u0259\u0259cc\u00fcb do\u011furacaq formada, s\u00fcr\u0259tli \u015f\u0259kild\u0259 Erm\u0259nistan\u0131 silahland\u0131rmas\u0131na diqq\u0259t \u00e7\u0259kib: \u201cT\u0259\u0259cc\u00fcb do\u011furan h\u0259m d\u0259 ondan ibar\u0259tdir ki, yoxsulluq i\u00e7ind\u0259 olan bir d\u00f6vl\u0259t bu bahal\u0131 silahlar\u0131 alma\u011fa nec\u0259 v\u0259 haradan v\u0259sait tapd\u0131? H\u0259tta r\u0259smi \u201cLe Monde\u201d q\u0259zeti d\u0259 buna toxunub. Q\u0259zetd\u0259 \u201cErm\u0259nistan bu silahlar\u0131 almaq \u00fc\u00e7\u00fcn v\u0259saiti haradan alacaq?\u201d ba\u015fl\u0131ql\u0131 m\u0259qal\u0259 d\u0259rc edilib\u201d.<\/p>\n<p>\u018fn maraql\u0131s\u0131 is\u0259 Rusiya n\u0259\u015frinin g\u0259ldiyi yekun n\u0259tic\u0259dir. Hesab edib ki, Fransan\u0131n Qafqazda \u00e7irkin siyas\u0259tinin arxas\u0131nda AB\u015e dayan\u0131r.<\/p>\n<p>Bel\u0259likl\u0259, Q\u0259rb C\u0259nubi Qafqazda Fransan\u0131n k\u00f6m\u0259yi il\u0259 \u00e7irkin v\u0259 m\u0259krli plan\u0131n\u0131 h\u0259yata ke\u00e7irm\u0259y\u0259 ba\u015flay\u0131b. H\u0259d\u0259f d\u0259 b\u0259llidir: n\u0259yin bahas\u0131na olursa-olsun Rusiyan\u0131 regiondan s\u0131x\u0131\u015fd\u0131r\u0131b \u00e7\u0131xarmaq. Vasit\u0259 kimi is\u0259 Erm\u0259nistandan istifad\u0259 olunur. H\u0259r v\u0259chl\u0259 onu \u00e7irkin oyunun \u0259sas h\u0259r\u0259k\u0259tverici q\u00fcvv\u0259sin\u0259 \u00e7evirm\u0259k ist\u0259nilir.<\/p>\n<p><strong>\u201cReport\u201d \u0130nformasiya Agentliyi<\/strong><\/p>\n","protected":false},"excerpt":{"rendered":"<p>Son ill\u0259r beyn\u0259lxalq al\u0259md\u0259 Fransa q\u0259d\u0259r u\u011fursuzluqlarla \u00fczl\u0259\u015f\u0259n ikinci bir d\u00f6vl\u0259t tapmaq, \u00e7\u0259tin ki, m\u00fcmk\u00fcn olsun. \u00d6lk\u0259 m\u00fcst\u0259ml\u0259k\u0259l\u0259rd\u0259n qovulman\u0131n, antifrans\u0131z \u0259hvali-ruhiyy\u0259nin s\u0259b\u0259bl\u0259rini ara\u015fd\u0131rmaq yerin\u0259 \u00f6z v\u0259ziyy\u0259tini daha da a\u011f\u0131rla\u015fd\u0131rmaqdad\u0131r. R\u0259smi Paris gah Erm\u0259nistan\u0131 silahland\u0131r\u0131r, gah da \u0130srail-H\u018fMAS qar\u015f\u0131durmas\u0131 il\u0259 ba\u011fl\u0131 qeyri-m\u00fc\u0259yy\u0259n a\u00e7\u0131qlama v\u0259 b\u0259yanatlar verir. S\u00f6zs\u00fcz ki, bu u\u011fursuzluqlar\u0131n \u201cmemar\u0131\u201d indiki Prezident Emmanuel Makron v\u0259 onun \u0259mr v\u0259 tap\u015f\u0131r\u0131qlar\u0131na kor-koran\u0259 boyun \u0259y\u0259n komandas\u0131d\u0131r. Bu s\u0131rada Fransan\u0131n xarici i\u015fl\u0259r naziri Ketrin Kolonna v\u0259 m\u00fcdafi\u0259 naziri Sebastyan Lekornyu x\u00fcsusi se\u00e7ilirl\u0259r. H\u0259r iki \u015f\u0259xs Fransa prezidentinin komandas\u0131nda m\u0259suliyy\u0259tsiz siyas\u0259t\u0259 kor-koran\u0259 boyun \u0259y\u0259n m\u0259murlar&hellip;<\/p>\n","protected":false},"author":2,"featured_media":649866,"comment_status":"closed","ping_status":"closed","sticky":false,"template":"","format":"standard","meta":{"om_disable_all_campaigns":false,"_monsterinsights_skip_tracking":false,"_monsterinsights_sitenote_active":false,"_monsterinsights_sitenote_note":"","_monsterinsights_sitenote_category":0},"categories":[4],"tags":[],"aioseo_notices":[],"gutentor_comment":0,"rttpg_featured_image_url":{"full":["https:\/\/arantv.az\/wp-content\/uploads\/2023\/10\/ade74a3a-b883-3dcd-a141-c35a6ede2994_850.jpg",620,413,false],"landscape":["https:\/\/arantv.az\/wp-content\/uploads\/2023\/10\/ade74a3a-b883-3dcd-a141-c35a6ede2994_850.jpg",620,413,false],"portraits":["https:\/\/arantv.az\/wp-content\/uploads\/2023\/10\/ade74a3a-b883-3dcd-a141-c35a6ede2994_850.jpg",620,413,false],"thumbnail":["https:\/\/arantv.az\/wp-content\/uploads\/2023\/10\/ade74a3a-b883-3dcd-a141-c35a6ede2994_850-500x280.jpg",500,280,true],"medium":["https:\/\/arantv.az\/wp-content\/uploads\/2023\/10\/ade74a3a-b883-3dcd-a141-c35a6ede2994_850-548x365.jpg",548,365,true],"large":["https:\/\/arantv.az\/wp-content\/uploads\/2023\/10\/ade74a3a-b883-3dcd-a141-c35a6ede2994_850.jpg",620,413,false],"1536x1536":["https:\/\/arantv.az\/wp-content\/uploads\/2023\/10\/ade74a3a-b883-3dcd-a141-c35a6ede2994_850.jpg",620,413,false],"2048x2048":["https:\/\/arantv.az\/wp-content\/uploads\/2023\/10\/ade74a3a-b883-3dcd-a141-c35a6ede2994_850.jpg",620,413,false],"post-thumbnail":["https:\/\/arantv.az\/wp-content\/uploads\/2023\/10\/ade74a3a-b883-3dcd-a141-c35a6ede2994_850-240x172.jpg",240,172,true],"advps-thumb-one":["https:\/\/arantv.az\/wp-content\/uploads\/2023\/10\/ade74a3a-b883-3dcd-a141-c35a6ede2994_850.jpg",620,413,false]},"rttpg_author":{"display_name":"V\u00fcsal Rafiqo\u011flu","author_link":"https:\/\/arantv.az\/?author=2"},"rttpg_comment":0,"rttpg_category":"<a href=\"https:\/\/arantv.az\/?cat=4\" rel=\"category\">Siyas\u0259t<\/a>","rttpg_excerpt":"Son ill\u0259r beyn\u0259lxalq al\u0259md\u0259 Fransa q\u0259d\u0259r u\u011fursuzluqlarla \u00fczl\u0259\u015f\u0259n ikinci bir d\u00f6vl\u0259t tapmaq, \u00e7\u0259tin ki, m\u00fcmk\u00fcn olsun. \u00d6lk\u0259 m\u00fcst\u0259ml\u0259k\u0259l\u0259rd\u0259n qovulman\u0131n, antifrans\u0131z \u0259hvali-ruhiyy\u0259nin s\u0259b\u0259bl\u0259rini ara\u015fd\u0131rmaq yerin\u0259 \u00f6z v\u0259ziyy\u0259tini daha da a\u011f\u0131rla\u015fd\u0131rmaqdad\u0131r. R\u0259smi Paris gah Erm\u0259nistan\u0131 silahland\u0131r\u0131r, gah da \u0130srail-H\u018fMAS qar\u015f\u0131durmas\u0131 il\u0259 ba\u011fl\u0131 qeyri-m\u00fc\u0259yy\u0259n a\u00e7\u0131qlama v\u0259 b\u0259yanatlar verir. S\u00f6zs\u00fcz ki, bu u\u011fursuzluqlar\u0131n \u201cmemar\u0131\u201d indiki Prezident Emmanuel Makron v\u0259&hellip;","_links":{"self":[{"href":"https:\/\/arantv.az\/index.php?rest_route=\/wp\/v2\/posts\/649863"}],"collection":[{"href":"https:\/\/arantv.az\/index.php?rest_route=\/wp\/v2\/posts"}],"about":[{"href":"https:\/\/arantv.az\/index.php?rest_route=\/wp\/v2\/types\/post"}],"author":[{"embeddable":true,"href":"https:\/\/arantv.az\/index.php?rest_route=\/wp\/v2\/users\/2"}],"replies":[{"embeddable":true,"href":"https:\/\/arantv.az\/index.php?rest_route=%2Fwp%2Fv2%2Fcomments&post=649863"}],"version-history":[{"count":0,"href":"https:\/\/arantv.az\/index.php?rest_route=\/wp\/v2\/posts\/649863\/revisions"}],"wp:featuredmedia":[{"embeddable":true,"href":"https:\/\/arantv.az\/index.php?rest_route=\/wp\/v2\/media\/649866"}],"wp:attachment":[{"href":"https:\/\/arantv.az\/index.php?rest_route=%2Fwp%2Fv2%2Fmedia&parent=649863"}],"wp:term":[{"taxonomy":"category","embeddable":true,"href":"https:\/\/arantv.az\/index.php?rest_route=%2Fwp%2Fv2%2Fcategories&post=649863"},{"taxonomy":"post_tag","embeddable":true,"href":"https:\/\/arantv.az\/index.php?rest_route=%2Fwp%2Fv2%2Ftags&post=649863"}],"curies":[{"name":"wp","href":"https:\/\/api.w.org\/{rel}","templated":true}]}}