{"id":649889,"date":"2023-10-26T20:25:35","date_gmt":"2023-10-26T16:25:35","guid":{"rendered":"https:\/\/arantv.az\/?p=649889"},"modified":"2023-10-26T20:25:35","modified_gmt":"2023-10-26T16:25:35","slug":"turkm%c9%99nistan-prezidenti-turkiy%c9%99d%c9%99-r%c9%99smi-s%c9%99f%c9%99rd%c9%99dir","status":"publish","type":"post","link":"https:\/\/arantv.az\/?p=649889","title":{"rendered":"T\u00fcrkm\u0259nistan Prezidenti T\u00fcrkiy\u0259d\u0259 r\u0259smi s\u0259f\u0259rd\u0259dir"},"content":{"rendered":"<p>T\u00fcrkm\u0259nistan Prezidenti S\u0259rdar Berdim\u0259h\u0259mm\u0259dov T\u00fcrkiy\u0259d\u0259 r\u0259smi s\u0259f\u0259rd\u0259dir.<\/p>\n<p>O, r\u0259smi qar\u015f\u0131lanma m\u0259rasimind\u0259n sonra T\u00fcrkiy\u0259 Prezidenti R\u0259c\u0259b Tayyib \u018frdo\u011fanla g\u00f6r\u00fc\u015f\u00fcb.<\/p>\n<p>Liderl\u0259r ikit\u0259r\u0259fli v\u0259 \u00e7oxt\u0259r\u0259fli \u0259m\u0259kda\u015fl\u0131q bar\u0259d\u0259 dan\u0131\u015f\u0131b, h\u0259m\u00e7inin qar\u015f\u0131l\u0131ql\u0131 maraq do\u011furan m\u0259s\u0259l\u0259l\u0259ri m\u00fczakir\u0259 edibl\u0259r.<\/p>\n<p>D\u00f6vl\u0259t ba\u015f\u00e7\u0131lar\u0131n\u0131n t\u0259kb\u0259t\u0259k v\u0259 geni\u015f t\u0259rkibli g\u00f6r\u00fc\u015fl\u0259rind\u0259n sonra birg\u0259 m\u0259tbuat konfrans\u0131, h\u0259m\u00e7inin\u00a0s\u0259n\u0259dl\u0259rin imzalanmas\u0131 m\u0259rasimi ba\u015f tutacaq.<\/p>\n<p>Qeyd ed\u0259k ki, S.Berdim\u0259h\u0259mm\u0259dovun prezident kimi T\u00fcrkiy\u0259y\u0259 ilk r\u0259smi s\u0259f\u0259ri iki g\u00fcn davam ed\u0259c\u0259k.<\/p>\n<p>Xat\u0131rladaq ki, T\u00fcrkm\u0259nistan\u0131n m\u00fcst\u0259qilliyini ilk tan\u0131yan \u00f6lk\u0259 m\u0259hz T\u00fcrkiy\u0259 olub.<\/p>\n<p>M\u0259nb\u0259: Anadolu<\/p>\n","protected":false},"excerpt":{"rendered":"<p>T\u00fcrkm\u0259nistan Prezidenti S\u0259rdar Berdim\u0259h\u0259mm\u0259dov T\u00fcrkiy\u0259d\u0259 r\u0259smi s\u0259f\u0259rd\u0259dir. O, r\u0259smi qar\u015f\u0131lanma m\u0259rasimind\u0259n sonra T\u00fcrkiy\u0259 Prezidenti R\u0259c\u0259b Tayyib \u018frdo\u011fanla g\u00f6r\u00fc\u015f\u00fcb. Liderl\u0259r ikit\u0259r\u0259fli v\u0259 \u00e7oxt\u0259r\u0259fli \u0259m\u0259kda\u015fl\u0131q bar\u0259d\u0259 dan\u0131\u015f\u0131b, h\u0259m\u00e7inin qar\u015f\u0131l\u0131ql\u0131 maraq do\u011furan m\u0259s\u0259l\u0259l\u0259ri m\u00fczakir\u0259 edibl\u0259r. D\u00f6vl\u0259t ba\u015f\u00e7\u0131lar\u0131n\u0131n t\u0259kb\u0259t\u0259k v\u0259 geni\u015f t\u0259rkibli g\u00f6r\u00fc\u015fl\u0259rind\u0259n sonra birg\u0259 m\u0259tbuat konfrans\u0131, h\u0259m\u00e7inin\u00a0s\u0259n\u0259dl\u0259rin imzalanmas\u0131 m\u0259rasimi ba\u015f tutacaq. Qeyd ed\u0259k ki, S.Berdim\u0259h\u0259mm\u0259dovun prezident kimi T\u00fcrkiy\u0259y\u0259 ilk r\u0259smi s\u0259f\u0259ri iki g\u00fcn davam ed\u0259c\u0259k. Xat\u0131rladaq ki, T\u00fcrkm\u0259nistan\u0131n m\u00fcst\u0259qilliyini ilk tan\u0131yan \u00f6lk\u0259 m\u0259hz T\u00fcrkiy\u0259 olub. M\u0259nb\u0259: Anadolu<\/p>\n","protected":false},"author":2,"featured_media":649891,"comment_status":"closed","ping_status":"closed","sticky":false,"template":"","format":"standard","meta":{"om_disable_all_campaigns":false,"_monsterinsights_skip_tracking":false,"_monsterinsights_sitenote_active":false,"_monsterinsights_sitenote_note":"","_monsterinsights_sitenote_category":0},"categories":[7],"tags":[],"aioseo_notices":[],"gutentor_comment":0,"rttpg_featured_image_url":{"full":["https:\/\/arantv.az\/wp-content\/uploads\/2023\/10\/2023_Ekim_brdm1.jpg",620,413,false],"landscape":["https:\/\/arantv.az\/wp-content\/uploads\/2023\/10\/2023_Ekim_brdm1.jpg",620,413,false],"portraits":["https:\/\/arantv.az\/wp-content\/uploads\/2023\/10\/2023_Ekim_brdm1.jpg",620,413,false],"thumbnail":["https:\/\/arantv.az\/wp-content\/uploads\/2023\/10\/2023_Ekim_brdm1-500x280.jpg",500,280,true],"medium":["https:\/\/arantv.az\/wp-content\/uploads\/2023\/10\/2023_Ekim_brdm1-548x365.jpg",548,365,true],"large":["https:\/\/arantv.az\/wp-content\/uploads\/2023\/10\/2023_Ekim_brdm1.jpg",620,413,false],"1536x1536":["https:\/\/arantv.az\/wp-content\/uploads\/2023\/10\/2023_Ekim_brdm1.jpg",620,413,false],"2048x2048":["https:\/\/arantv.az\/wp-content\/uploads\/2023\/10\/2023_Ekim_brdm1.jpg",620,413,false],"post-thumbnail":["https:\/\/arantv.az\/wp-content\/uploads\/2023\/10\/2023_Ekim_brdm1-240x172.jpg",240,172,true],"advps-thumb-one":["https:\/\/arantv.az\/wp-content\/uploads\/2023\/10\/2023_Ekim_brdm1.jpg",620,413,false]},"rttpg_author":{"display_name":"V\u00fcsal Rafiqo\u011flu","author_link":"https:\/\/arantv.az\/?author=2"},"rttpg_comment":0,"rttpg_category":"<a href=\"https:\/\/arantv.az\/?cat=7\" rel=\"category\">D\u00fcnya<\/a>","rttpg_excerpt":"T\u00fcrkm\u0259nistan Prezidenti S\u0259rdar Berdim\u0259h\u0259mm\u0259dov T\u00fcrkiy\u0259d\u0259 r\u0259smi s\u0259f\u0259rd\u0259dir. O, r\u0259smi qar\u015f\u0131lanma m\u0259rasimind\u0259n sonra T\u00fcrkiy\u0259 Prezidenti R\u0259c\u0259b Tayyib \u018frdo\u011fanla g\u00f6r\u00fc\u015f\u00fcb. Liderl\u0259r ikit\u0259r\u0259fli v\u0259 \u00e7oxt\u0259r\u0259fli \u0259m\u0259kda\u015fl\u0131q bar\u0259d\u0259 dan\u0131\u015f\u0131b, h\u0259m\u00e7inin qar\u015f\u0131l\u0131ql\u0131 maraq do\u011furan m\u0259s\u0259l\u0259l\u0259ri m\u00fczakir\u0259 edibl\u0259r. D\u00f6vl\u0259t ba\u015f\u00e7\u0131lar\u0131n\u0131n t\u0259kb\u0259t\u0259k v\u0259 geni\u015f t\u0259rkibli g\u00f6r\u00fc\u015fl\u0259rind\u0259n sonra birg\u0259 m\u0259tbuat konfrans\u0131, h\u0259m\u00e7inin\u00a0s\u0259n\u0259dl\u0259rin imzalanmas\u0131 m\u0259rasimi ba\u015f tutacaq. Qeyd ed\u0259k ki, S.Berdim\u0259h\u0259mm\u0259dovun prezident kimi T\u00fcrkiy\u0259y\u0259&hellip;","_links":{"self":[{"href":"https:\/\/arantv.az\/index.php?rest_route=\/wp\/v2\/posts\/649889"}],"collection":[{"href":"https:\/\/arantv.az\/index.php?rest_route=\/wp\/v2\/posts"}],"about":[{"href":"https:\/\/arantv.az\/index.php?rest_route=\/wp\/v2\/types\/post"}],"author":[{"embeddable":true,"href":"https:\/\/arantv.az\/index.php?rest_route=\/wp\/v2\/users\/2"}],"replies":[{"embeddable":true,"href":"https:\/\/arantv.az\/index.php?rest_route=%2Fwp%2Fv2%2Fcomments&post=649889"}],"version-history":[{"count":0,"href":"https:\/\/arantv.az\/index.php?rest_route=\/wp\/v2\/posts\/649889\/revisions"}],"wp:featuredmedia":[{"embeddable":true,"href":"https:\/\/arantv.az\/index.php?rest_route=\/wp\/v2\/media\/649891"}],"wp:attachment":[{"href":"https:\/\/arantv.az\/index.php?rest_route=%2Fwp%2Fv2%2Fmedia&parent=649889"}],"wp:term":[{"taxonomy":"category","embeddable":true,"href":"https:\/\/arantv.az\/index.php?rest_route=%2Fwp%2Fv2%2Fcategories&post=649889"},{"taxonomy":"post_tag","embeddable":true,"href":"https:\/\/arantv.az\/index.php?rest_route=%2Fwp%2Fv2%2Ftags&post=649889"}],"curies":[{"name":"wp","href":"https:\/\/api.w.org\/{rel}","templated":true}]}}