{"id":650006,"date":"2023-10-27T11:25:15","date_gmt":"2023-10-27T07:25:15","guid":{"rendered":"https:\/\/arantv.az\/?p=650006"},"modified":"2023-10-27T11:25:15","modified_gmt":"2023-10-27T07:25:15","slug":"ankarada-az%c9%99rbaycan-v%c9%99-turkiy%c9%99-parlamentl%c9%99rarasi-dostluq-qruplarinin-gorusu-olub-foto","status":"publish","type":"post","link":"https:\/\/arantv.az\/?p=650006","title":{"rendered":"Ankarada Az\u0259rbaycan v\u0259 T\u00fcrkiy\u0259 parlamentl\u0259raras\u0131 dostluq qruplar\u0131n\u0131n g\u00f6r\u00fc\u015f\u00fc olub &#8211; FOTO"},"content":{"rendered":"<p>Spiker Sahib\u0259 Qafarovan\u0131n ba\u015f\u00e7\u0131l\u0131\u011f\u0131 il\u0259 Milli M\u0259clisin n\u00fcmay\u0259nd\u0259 hey\u0259ti T\u00fcrkiy\u0259nin Ankara \u015f\u0259h\u0259rind\u0259 r\u0259smi s\u0259f\u0259rd\u0259dir. S\u0259f\u0259r \u00e7\u0259r\u00e7iv\u0259sind\u0259 Az\u0259rbaycan-T\u00fcrkiy\u0259 parlamentl\u0259raras\u0131 \u0259laq\u0259l\u0259r \u00fczr\u0259 i\u015f\u00e7i qrupunun \u00fczvl\u0259ri T\u00fcrkiy\u0259 B\u00f6y\u00fck Mill\u0259t M\u0259clisinin Az\u0259rbaycanla dostluq qrupunun \u00fczvl\u0259ri il\u0259 g\u00f6r\u00fc\u015f\u00fcbl\u0259r.<\/p>\n<p>Milli M\u0259clisd\u0259n bildirilib ki, T\u00fcrkiy\u0259-Az\u0259rbaycan parlamentl\u0259raras\u0131 dostluq qrupunun r\u0259hb\u0259ri \u015eamil Ayr\u0131m Az\u0259rbaycan n\u00fcmay\u0259nd\u0259 hey\u0259tini salamlayaraq, dost v\u0259 qarda\u015f \u00f6lk\u0259l\u0259rimiz aras\u0131nda m\u00fcnasib\u0259tl\u0259rin b\u00fct\u00fcn sah\u0259l\u0259rd\u0259 u\u011furlu inki\u015faf\u0131ndan dan\u0131\u015faraq, \u0259laq\u0259l\u0259rimizin g\u00fccl\u0259ndirilm\u0259sind\u0259 h\u0259r iki \u00f6lk\u0259nin d\u00f6vl\u0259t ba\u015f\u00e7\u0131lar\u0131n\u0131n x\u00fcsusi rolunu qeyd edib. O, \u00f6lk\u0259l\u0259rimizin parlamentl\u0259ri aras\u0131nda da m\u00f6hk\u0259m \u0259m\u0259kda\u015fl\u0131\u011f\u0131n m\u00f6vcud oldu\u011funu dey\u0259r\u0259k, qar\u015f\u0131l\u0131ql\u0131 s\u0259f\u0259rl\u0259rin, ke\u00e7iril\u0259n g\u00f6r\u00fc\u015fl\u0259rin bu \u0259laq\u0259l\u0259rin m\u00f6hk\u0259ml\u0259ndirilm\u0259si bax\u0131m\u0131ndan vacibliyini vur\u011fulay\u0131b. Dostluq qrupunun r\u0259hb\u0259ri Milli M\u0259clisin s\u0259dri Sahib\u0259 Qafarovan\u0131n bu s\u0259f\u0259rinin d\u0259 m\u00fcnasib\u0259tl\u0259rimizin daha da inki\u015faf\u0131na t\u00f6hf\u0259 ver\u0259c\u0259yin\u0259 inam\u0131n\u0131 ifad\u0259 edib.<\/p>\n<p>G\u00f6r\u00fc\u015fd\u0259 Milli M\u0259clisin S\u0259hiyy\u0259 komit\u0259sinin s\u0259dri, Az\u0259rbaycan-T\u00fcrkiy\u0259 parlamentl\u0259raras\u0131 \u0259laq\u0259l\u0259r \u00fczr\u0259 i\u015f\u00e7i qrupunun r\u0259hb\u0259ri \u018fhliman \u018fmiraslanov da \u00f6lk\u0259l\u0259rimiz aras\u0131nda m\u00fcnasib\u0259tl\u0259rin Prezident\u00a0<strong>\u0130lham \u018fliyevin<\/strong>\u00a0ifad\u0259 etdiyi kimi, d\u00fcnyada ox\u015far\u0131 olmad\u0131\u011f\u0131n\u0131 s\u00f6yl\u0259yib. Qeyd edib ki, qarda\u015fl\u0131q v\u0259 dostluq m\u00fcnasib\u0259tl\u0259rimiz g\u00fcnb\u0259g\u00fcn m\u00f6hk\u0259ml\u0259nir v\u0259 geni\u015fl\u0259nir. O, h\u0259m\u00e7inin, qanunverici orqanlar\u0131m\u0131z\u0131n da iki qarda\u015f v\u0259 dost \u00f6lk\u0259l\u0259rimiz aras\u0131nda \u0259laq\u0259l\u0259rin d\u0259rinl\u0259\u015fm\u0259sin\u0259 \u00f6z\u00fcn\u0259m\u0259xsus t\u00f6hf\u0259l\u0259r verdiyini qeyd ed\u0259r\u0259k bu istiqam\u0259td\u0259 g\u00f6r\u00fcl\u0259n i\u015fl\u0259rin t\u0259qdir\u0259layiq oldu\u011funu diqq\u0259t\u0259 \u00e7atd\u0131r\u0131b.<\/p>\n<p>G\u00f6r\u00fc\u015fd\u0259 \u00e7\u0131x\u0131\u015f ed\u0259n T\u00fcrkiy\u0259 il\u0259 parlamentl\u0259raras\u0131 \u0259laq\u0259l\u0259r \u00fczr\u0259 i\u015f\u00e7i qrupunun \u00fczvl\u0259ri Eldar Quliyev, Cavan\u015fir Pa\u015fazad\u0259, A\u011falar V\u0259liyev, Fazil Mustafa, T\u00fcrkiy\u0259-Az\u0259rbaycan parlamentl\u0259raras\u0131 dostluq qrupunun \u00fczvl\u0259ri Kemal \u00c7elik, Cant\u00fcrk Alag\u00f6z, Orhan Erdem, Mehmet \u015eahin, U\u011fur Bayraktutan qarda\u015f v\u0259 dost \u00f6lk\u0259l\u0259rimiz aras\u0131nda m\u00fcnasib\u0259tl\u0259rin haz\u0131rk\u0131\u00a0y\u00fcks\u0259k s\u0259viyy\u0259sind\u0259n, parlamentl\u0259raras\u0131 m\u00fcnasib\u0259tl\u0259rin daha da d\u0259rinl\u0259\u015fm\u0259sind\u0259n v\u0259 qar\u015f\u0131l\u0131ql\u0131 maraq do\u011furan dig\u0259r m\u0259s\u0259l\u0259l\u0259r haqq\u0131nda fikirl\u0259rini ifad\u0259 edibl\u0259r.<\/p>\n<p>&nbsp;<\/p>\n<div class=\"gallery\">\n<div class=\"gallery-i\"><img src=\"https:\/\/cdn.oxu.az\/uploads\/W1siZiIsIjIwMjMvMTAvMjcvMTAvMzcvNDEvYzg3MzEyMmItODcxNi00MTdmLWFhOTItZmUyNDA3MjdjMDkyL2UyYWYyZTUxLTg3NmUtMzVkOS1hZDdmLTRjZjIyYzZlOTIwMS5qcGVnIl0sWyJwIiwiZW5jb2RlIiwianBnIiwiLXF1YWxpdHkgODAiXSxbInAiLCJ0aHVtYiIsIjU5MHg1OTBcdTAwM2UiXV0?sha=73b8e8342f49bb0e\" alt=\"\" \/><\/p>\n<div class=\"gallery-i-caption\"><\/div>\n<\/div>\n<div class=\"gallery-i\"><img src=\"https:\/\/cdn.oxu.az\/uploads\/W1siZiIsIjIwMjMvMTAvMjcvMTAvMzcvNDEvNDEwNjUwMWQtOWRhOC00OWYxLWJjNjAtYjgyMWUxMmE1NTEzLzdmMjhjZjdkLWJmYzMtMzE3NS1iOWZkLWQ5OTIxZTZhYTY1YS5qcGVnIl0sWyJwIiwiZW5jb2RlIiwianBnIiwiLXF1YWxpdHkgODAiXSxbInAiLCJ0aHVtYiIsIjU5MHg1OTBcdTAwM2UiXV0?sha=38df6b20cf3b0961\" alt=\"\" \/><\/p>\n<div class=\"gallery-i-caption\"><\/div>\n<\/div>\n<div class=\"gallery-i\"><img src=\"https:\/\/cdn.oxu.az\/uploads\/W1siZiIsIjIwMjMvMTAvMjcvMTAvMzcvNDEvNzY3ZDEzZjktNjAyYy00MzExLWFmNjktODc2Y2EyZWM1MmQzLzVhM2Q5YjFhLWVkZGUtMzE3ZS04NDcyLTkwZWQyN2YxYmIxOC5qcGVnIl0sWyJwIiwiZW5jb2RlIiwianBnIiwiLXF1YWxpdHkgODAiXSxbInAiLCJ0aHVtYiIsIjU5MHg1OTBcdTAwM2UiXV0?sha=c5b4f46fe2e0d5d5\" alt=\"\" \/><\/div>\n<\/div>\n","protected":false},"excerpt":{"rendered":"<p>Spiker Sahib\u0259 Qafarovan\u0131n ba\u015f\u00e7\u0131l\u0131\u011f\u0131 il\u0259 Milli M\u0259clisin n\u00fcmay\u0259nd\u0259 hey\u0259ti T\u00fcrkiy\u0259nin Ankara \u015f\u0259h\u0259rind\u0259 r\u0259smi s\u0259f\u0259rd\u0259dir. S\u0259f\u0259r \u00e7\u0259r\u00e7iv\u0259sind\u0259 Az\u0259rbaycan-T\u00fcrkiy\u0259 parlamentl\u0259raras\u0131 \u0259laq\u0259l\u0259r \u00fczr\u0259 i\u015f\u00e7i qrupunun \u00fczvl\u0259ri T\u00fcrkiy\u0259 B\u00f6y\u00fck Mill\u0259t M\u0259clisinin Az\u0259rbaycanla dostluq qrupunun \u00fczvl\u0259ri il\u0259 g\u00f6r\u00fc\u015f\u00fcbl\u0259r. Milli M\u0259clisd\u0259n bildirilib ki, T\u00fcrkiy\u0259-Az\u0259rbaycan parlamentl\u0259raras\u0131 dostluq qrupunun r\u0259hb\u0259ri \u015eamil Ayr\u0131m Az\u0259rbaycan n\u00fcmay\u0259nd\u0259 hey\u0259tini salamlayaraq, dost v\u0259 qarda\u015f \u00f6lk\u0259l\u0259rimiz aras\u0131nda m\u00fcnasib\u0259tl\u0259rin b\u00fct\u00fcn sah\u0259l\u0259rd\u0259 u\u011furlu inki\u015faf\u0131ndan dan\u0131\u015faraq, \u0259laq\u0259l\u0259rimizin g\u00fccl\u0259ndirilm\u0259sind\u0259 h\u0259r iki \u00f6lk\u0259nin d\u00f6vl\u0259t ba\u015f\u00e7\u0131lar\u0131n\u0131n x\u00fcsusi rolunu qeyd edib. O, \u00f6lk\u0259l\u0259rimizin parlamentl\u0259ri aras\u0131nda da m\u00f6hk\u0259m \u0259m\u0259kda\u015fl\u0131\u011f\u0131n m\u00f6vcud oldu\u011funu dey\u0259r\u0259k, qar\u015f\u0131l\u0131ql\u0131 s\u0259f\u0259rl\u0259rin, ke\u00e7iril\u0259n g\u00f6r\u00fc\u015fl\u0259rin bu \u0259laq\u0259l\u0259rin m\u00f6hk\u0259ml\u0259ndirilm\u0259si bax\u0131m\u0131ndan vacibliyini vur\u011fulay\u0131b.&hellip;<\/p>\n","protected":false},"author":2,"featured_media":650010,"comment_status":"closed","ping_status":"closed","sticky":false,"template":"","format":"standard","meta":{"om_disable_all_campaigns":false,"_monsterinsights_skip_tracking":false,"_monsterinsights_sitenote_active":false,"_monsterinsights_sitenote_note":"","_monsterinsights_sitenote_category":0},"categories":[4],"tags":[],"aioseo_notices":[],"gutentor_comment":0,"rttpg_featured_image_url":{"full":["https:\/\/arantv.az\/wp-content\/uploads\/2023\/10\/facc5e39-1b61-3969-a74f-76cfd277b837_850.jpg",620,413,false],"landscape":["https:\/\/arantv.az\/wp-content\/uploads\/2023\/10\/facc5e39-1b61-3969-a74f-76cfd277b837_850.jpg",620,413,false],"portraits":["https:\/\/arantv.az\/wp-content\/uploads\/2023\/10\/facc5e39-1b61-3969-a74f-76cfd277b837_850.jpg",620,413,false],"thumbnail":["https:\/\/arantv.az\/wp-content\/uploads\/2023\/10\/facc5e39-1b61-3969-a74f-76cfd277b837_850-500x280.jpg",500,280,true],"medium":["https:\/\/arantv.az\/wp-content\/uploads\/2023\/10\/facc5e39-1b61-3969-a74f-76cfd277b837_850-548x365.jpg",548,365,true],"large":["https:\/\/arantv.az\/wp-content\/uploads\/2023\/10\/facc5e39-1b61-3969-a74f-76cfd277b837_850.jpg",620,413,false],"1536x1536":["https:\/\/arantv.az\/wp-content\/uploads\/2023\/10\/facc5e39-1b61-3969-a74f-76cfd277b837_850.jpg",620,413,false],"2048x2048":["https:\/\/arantv.az\/wp-content\/uploads\/2023\/10\/facc5e39-1b61-3969-a74f-76cfd277b837_850.jpg",620,413,false],"post-thumbnail":["https:\/\/arantv.az\/wp-content\/uploads\/2023\/10\/facc5e39-1b61-3969-a74f-76cfd277b837_850-240x172.jpg",240,172,true],"advps-thumb-one":["https:\/\/arantv.az\/wp-content\/uploads\/2023\/10\/facc5e39-1b61-3969-a74f-76cfd277b837_850.jpg",620,413,false]},"rttpg_author":{"display_name":"V\u00fcsal Rafiqo\u011flu","author_link":"https:\/\/arantv.az\/?author=2"},"rttpg_comment":0,"rttpg_category":"<a href=\"https:\/\/arantv.az\/?cat=4\" rel=\"category\">Siyas\u0259t<\/a>","rttpg_excerpt":"Spiker Sahib\u0259 Qafarovan\u0131n ba\u015f\u00e7\u0131l\u0131\u011f\u0131 il\u0259 Milli M\u0259clisin n\u00fcmay\u0259nd\u0259 hey\u0259ti T\u00fcrkiy\u0259nin Ankara \u015f\u0259h\u0259rind\u0259 r\u0259smi s\u0259f\u0259rd\u0259dir. S\u0259f\u0259r \u00e7\u0259r\u00e7iv\u0259sind\u0259 Az\u0259rbaycan-T\u00fcrkiy\u0259 parlamentl\u0259raras\u0131 \u0259laq\u0259l\u0259r \u00fczr\u0259 i\u015f\u00e7i qrupunun \u00fczvl\u0259ri T\u00fcrkiy\u0259 B\u00f6y\u00fck Mill\u0259t M\u0259clisinin Az\u0259rbaycanla dostluq qrupunun \u00fczvl\u0259ri il\u0259 g\u00f6r\u00fc\u015f\u00fcbl\u0259r. Milli M\u0259clisd\u0259n bildirilib ki, T\u00fcrkiy\u0259-Az\u0259rbaycan parlamentl\u0259raras\u0131 dostluq qrupunun r\u0259hb\u0259ri \u015eamil Ayr\u0131m Az\u0259rbaycan n\u00fcmay\u0259nd\u0259 hey\u0259tini salamlayaraq, dost v\u0259 qarda\u015f \u00f6lk\u0259l\u0259rimiz aras\u0131nda m\u00fcnasib\u0259tl\u0259rin b\u00fct\u00fcn&hellip;","_links":{"self":[{"href":"https:\/\/arantv.az\/index.php?rest_route=\/wp\/v2\/posts\/650006"}],"collection":[{"href":"https:\/\/arantv.az\/index.php?rest_route=\/wp\/v2\/posts"}],"about":[{"href":"https:\/\/arantv.az\/index.php?rest_route=\/wp\/v2\/types\/post"}],"author":[{"embeddable":true,"href":"https:\/\/arantv.az\/index.php?rest_route=\/wp\/v2\/users\/2"}],"replies":[{"embeddable":true,"href":"https:\/\/arantv.az\/index.php?rest_route=%2Fwp%2Fv2%2Fcomments&post=650006"}],"version-history":[{"count":0,"href":"https:\/\/arantv.az\/index.php?rest_route=\/wp\/v2\/posts\/650006\/revisions"}],"wp:featuredmedia":[{"embeddable":true,"href":"https:\/\/arantv.az\/index.php?rest_route=\/wp\/v2\/media\/650010"}],"wp:attachment":[{"href":"https:\/\/arantv.az\/index.php?rest_route=%2Fwp%2Fv2%2Fmedia&parent=650006"}],"wp:term":[{"taxonomy":"category","embeddable":true,"href":"https:\/\/arantv.az\/index.php?rest_route=%2Fwp%2Fv2%2Fcategories&post=650006"},{"taxonomy":"post_tag","embeddable":true,"href":"https:\/\/arantv.az\/index.php?rest_route=%2Fwp%2Fv2%2Ftags&post=650006"}],"curies":[{"name":"wp","href":"https:\/\/api.w.org\/{rel}","templated":true}]}}