{"id":650011,"date":"2023-10-27T11:46:39","date_gmt":"2023-10-27T07:46:39","guid":{"rendered":"https:\/\/arantv.az\/?p=650011"},"modified":"2023-10-27T11:46:39","modified_gmt":"2023-10-27T07:46:39","slug":"tbilisid%c9%99-az%c9%99rbaycan-dram-teatrinin-yeni-binasinin-t%c9%99m%c9%99lqoyma-m%c9%99rasimi-kecirilir","status":"publish","type":"post","link":"https:\/\/arantv.az\/?p=650011","title":{"rendered":"Tbilisid\u0259 Az\u0259rbaycan Dram Teatr\u0131n\u0131n yeni binas\u0131n\u0131n t\u0259m\u0259lqoyma m\u0259rasimi ke\u00e7irilir"},"content":{"rendered":"<p>G\u00fcrc\u00fcstanda 150 illik tarixi olan Heyd\u0259r \u018fliyev ad\u0131na Tbilisi D\u00f6vl\u0259t Az\u0259rbaycan Dram Teatr\u0131n\u0131n m\u00fcasir \u00fcslubda in\u015fa edil\u0259c\u0259k yeni binas\u0131n\u0131n t\u0259m\u0259lqoyma m\u0259rasimi ke\u00e7irilir.<\/p>\n<p>\u201cReport\u201dun yerli b\u00fcrosu x\u0259b\u0259r verir ki, t\u0259dbird\u0259 Az\u0259rbaycan\u0131n Ba\u015f naziri \u018fli \u018fs\u0259dov v\u0259 onun r\u0259hb\u0259rlik etdiyi n\u00fcm\u0259y\u0259nd\u0259 hey\u0259ti, G\u00fcrc\u00fcstan\u0131n Ba\u015f naziri \u0130rakli Qariba\u015fvili, yerli ictimaiyy\u0259t v\u0259 media n\u00fcmay\u0259nd\u0259l\u0259ri i\u015ftirak edirl\u0259r.<\/p>\n<p>Az\u0259rbaycan Prezidenti\u00a0<strong>\u0130lham \u018fliyevin<\/strong>\u00a0m\u00fcvafiq S\u0259r\u0259ncam\u0131na \u0259sas\u0259n, ulu \u00f6nd\u0259r Heyd\u0259r \u018fliyevin 100 illik yubileyi il\u0259 \u0259laq\u0259dar 2023-c\u00fc il Az\u0259rbaycan Respublikas\u0131nda \u201cHeyd\u0259r \u018fliyev \u0130li\u201d elan olunub. Yeni teatr kompleksinin t\u0259m\u0259lqoyma m\u0259rasiminin Az\u0259rbaycan xalq\u0131n\u0131n \u00fcmummilli lideri, G\u00fcrc\u00fcstan\u0131n b\u00f6y\u00fck dostu Heyd\u0259r \u018fliyevin 100 illiyin\u0259 h\u0259sr olunan m\u00f6t\u0259b\u0259r t\u0259dbirl\u0259r \u00e7\u0259r\u00e7iv\u0259sind\u0259 ke\u00e7irilm\u0259si b\u00f6y\u00fck r\u0259mzi m\u0259na da\u015f\u0131y\u0131r.<\/p>\n<p>Abid\u0259 m\u00fcasir fasadla sintez olunacaq. El\u0259c\u0259 d\u0259 m\u00fcasir v\u0259 qabaqc\u0131l texnologiyalarla t\u0259chiz olunmu\u015f 500-600 n\u0259f\u0259rlik tama\u015fa zal\u0131 v\u0259 interaktiv ekspozisiya sah\u0259sinin yarad\u0131lmas\u0131 planla\u015fd\u0131r\u0131l\u0131r. Bununla da y\u00fcks\u0259k texnoloji imkanlar\u0131 il\u0259 beyn\u0259lxalq \u0259h\u0259miyy\u0259tli konfranslar\u0131n, m\u00fcxt\u0259lif n\u00f6v s\u0259rgil\u0259rin ke\u00e7irilm\u0259si imkan\u0131 yarad\u0131lacaq. Teatr\u0131n \u00fcmumi \u0259razisi 3 564 kvadratmetrdir.<\/p>\n<p>Qeyd ed\u0259k ki, G\u00fcrc\u00fcstan\u0131n paytaxt\u0131 Tbilisi \u015f\u0259h\u0259rind\u0259 Tbilisi D\u00f6vl\u0259t Az\u0259rbaycan Dram Teatr\u0131 1872-ci ilin bu g\u00fcn\u00fcnd\u0259\u00a0t\u0259sis edilib v\u0259 1947-ci il\u0259 kimi f\u0259aliyy\u0259t g\u00f6st\u0259rib. H\u0259min ild\u0259 ba\u011flanan teatr 2004-c\u00fc ild\u0259 ulu \u00f6nd\u0259r Heyd\u0259r \u018fliyevin ad\u0131 il\u0259 yenid\u0259n f\u0259aliyy\u0259t\u0259 ba\u015flay\u0131b.<\/p>\n","protected":false},"excerpt":{"rendered":"<p>G\u00fcrc\u00fcstanda 150 illik tarixi olan Heyd\u0259r \u018fliyev ad\u0131na Tbilisi D\u00f6vl\u0259t Az\u0259rbaycan Dram Teatr\u0131n\u0131n m\u00fcasir \u00fcslubda in\u015fa edil\u0259c\u0259k yeni binas\u0131n\u0131n t\u0259m\u0259lqoyma m\u0259rasimi ke\u00e7irilir. \u201cReport\u201dun yerli b\u00fcrosu x\u0259b\u0259r verir ki, t\u0259dbird\u0259 Az\u0259rbaycan\u0131n Ba\u015f naziri \u018fli \u018fs\u0259dov v\u0259 onun r\u0259hb\u0259rlik etdiyi n\u00fcm\u0259y\u0259nd\u0259 hey\u0259ti, G\u00fcrc\u00fcstan\u0131n Ba\u015f naziri \u0130rakli Qariba\u015fvili, yerli ictimaiyy\u0259t v\u0259 media n\u00fcmay\u0259nd\u0259l\u0259ri i\u015ftirak edirl\u0259r. Az\u0259rbaycan Prezidenti\u00a0\u0130lham \u018fliyevin\u00a0m\u00fcvafiq S\u0259r\u0259ncam\u0131na \u0259sas\u0259n, ulu \u00f6nd\u0259r Heyd\u0259r \u018fliyevin 100 illik yubileyi il\u0259 \u0259laq\u0259dar 2023-c\u00fc il Az\u0259rbaycan Respublikas\u0131nda \u201cHeyd\u0259r \u018fliyev \u0130li\u201d elan olunub. Yeni teatr kompleksinin t\u0259m\u0259lqoyma m\u0259rasiminin Az\u0259rbaycan xalq\u0131n\u0131n \u00fcmummilli lideri, G\u00fcrc\u00fcstan\u0131n b\u00f6y\u00fck dostu Heyd\u0259r \u018fliyevin 100&hellip;<\/p>\n","protected":false},"author":2,"featured_media":650013,"comment_status":"closed","ping_status":"closed","sticky":false,"template":"","format":"standard","meta":{"om_disable_all_campaigns":false,"_monsterinsights_skip_tracking":false,"_monsterinsights_sitenote_active":false,"_monsterinsights_sitenote_note":"","_monsterinsights_sitenote_category":0},"categories":[4],"tags":[],"aioseo_notices":[],"gutentor_comment":0,"rttpg_featured_image_url":{"full":["https:\/\/arantv.az\/wp-content\/uploads\/2023\/10\/5c7d4c28-9f94-392a-ae7c-2d7146dcf317_850.jpg",620,413,false],"landscape":["https:\/\/arantv.az\/wp-content\/uploads\/2023\/10\/5c7d4c28-9f94-392a-ae7c-2d7146dcf317_850.jpg",620,413,false],"portraits":["https:\/\/arantv.az\/wp-content\/uploads\/2023\/10\/5c7d4c28-9f94-392a-ae7c-2d7146dcf317_850.jpg",620,413,false],"thumbnail":["https:\/\/arantv.az\/wp-content\/uploads\/2023\/10\/5c7d4c28-9f94-392a-ae7c-2d7146dcf317_850-500x280.jpg",500,280,true],"medium":["https:\/\/arantv.az\/wp-content\/uploads\/2023\/10\/5c7d4c28-9f94-392a-ae7c-2d7146dcf317_850-548x365.jpg",548,365,true],"large":["https:\/\/arantv.az\/wp-content\/uploads\/2023\/10\/5c7d4c28-9f94-392a-ae7c-2d7146dcf317_850.jpg",620,413,false],"1536x1536":["https:\/\/arantv.az\/wp-content\/uploads\/2023\/10\/5c7d4c28-9f94-392a-ae7c-2d7146dcf317_850.jpg",620,413,false],"2048x2048":["https:\/\/arantv.az\/wp-content\/uploads\/2023\/10\/5c7d4c28-9f94-392a-ae7c-2d7146dcf317_850.jpg",620,413,false],"post-thumbnail":["https:\/\/arantv.az\/wp-content\/uploads\/2023\/10\/5c7d4c28-9f94-392a-ae7c-2d7146dcf317_850-240x172.jpg",240,172,true],"advps-thumb-one":["https:\/\/arantv.az\/wp-content\/uploads\/2023\/10\/5c7d4c28-9f94-392a-ae7c-2d7146dcf317_850.jpg",620,413,false]},"rttpg_author":{"display_name":"V\u00fcsal Rafiqo\u011flu","author_link":"https:\/\/arantv.az\/?author=2"},"rttpg_comment":0,"rttpg_category":"<a href=\"https:\/\/arantv.az\/?cat=4\" rel=\"category\">Siyas\u0259t<\/a>","rttpg_excerpt":"G\u00fcrc\u00fcstanda 150 illik tarixi olan Heyd\u0259r \u018fliyev ad\u0131na Tbilisi D\u00f6vl\u0259t Az\u0259rbaycan Dram Teatr\u0131n\u0131n m\u00fcasir \u00fcslubda in\u015fa edil\u0259c\u0259k yeni binas\u0131n\u0131n t\u0259m\u0259lqoyma m\u0259rasimi ke\u00e7irilir. \u201cReport\u201dun yerli b\u00fcrosu x\u0259b\u0259r verir ki, t\u0259dbird\u0259 Az\u0259rbaycan\u0131n Ba\u015f naziri \u018fli \u018fs\u0259dov v\u0259 onun r\u0259hb\u0259rlik etdiyi n\u00fcm\u0259y\u0259nd\u0259 hey\u0259ti, G\u00fcrc\u00fcstan\u0131n Ba\u015f naziri \u0130rakli Qariba\u015fvili, yerli ictimaiyy\u0259t v\u0259 media n\u00fcmay\u0259nd\u0259l\u0259ri i\u015ftirak edirl\u0259r. Az\u0259rbaycan Prezidenti\u00a0\u0130lham \u018fliyevin\u00a0m\u00fcvafiq&hellip;","_links":{"self":[{"href":"https:\/\/arantv.az\/index.php?rest_route=\/wp\/v2\/posts\/650011"}],"collection":[{"href":"https:\/\/arantv.az\/index.php?rest_route=\/wp\/v2\/posts"}],"about":[{"href":"https:\/\/arantv.az\/index.php?rest_route=\/wp\/v2\/types\/post"}],"author":[{"embeddable":true,"href":"https:\/\/arantv.az\/index.php?rest_route=\/wp\/v2\/users\/2"}],"replies":[{"embeddable":true,"href":"https:\/\/arantv.az\/index.php?rest_route=%2Fwp%2Fv2%2Fcomments&post=650011"}],"version-history":[{"count":0,"href":"https:\/\/arantv.az\/index.php?rest_route=\/wp\/v2\/posts\/650011\/revisions"}],"wp:featuredmedia":[{"embeddable":true,"href":"https:\/\/arantv.az\/index.php?rest_route=\/wp\/v2\/media\/650013"}],"wp:attachment":[{"href":"https:\/\/arantv.az\/index.php?rest_route=%2Fwp%2Fv2%2Fmedia&parent=650011"}],"wp:term":[{"taxonomy":"category","embeddable":true,"href":"https:\/\/arantv.az\/index.php?rest_route=%2Fwp%2Fv2%2Fcategories&post=650011"},{"taxonomy":"post_tag","embeddable":true,"href":"https:\/\/arantv.az\/index.php?rest_route=%2Fwp%2Fv2%2Ftags&post=650011"}],"curies":[{"name":"wp","href":"https:\/\/api.w.org\/{rel}","templated":true}]}}