{"id":650023,"date":"2023-10-27T11:53:56","date_gmt":"2023-10-27T07:53:56","guid":{"rendered":"https:\/\/arantv.az\/?p=650023"},"modified":"2023-10-27T11:53:56","modified_gmt":"2023-10-27T07:53:56","slug":"az%c9%99rbaycan-hokum%c9%99ti-gurcustana-t%c9%99s%c9%99kkur-edib","status":"publish","type":"post","link":"https:\/\/arantv.az\/?p=650023","title":{"rendered":"Az\u0259rbaycan h\u00f6kum\u0259ti G\u00fcrc\u00fcstana t\u0259\u015f\u0259kk\u00fcr edib"},"content":{"rendered":"<p>\u201cM\u00fcasir d\u00f6vrd\u0259 Prezident\u00a0<strong>\u0130lham \u018fliyev\u00a0<\/strong>v\u0259 Ba\u015f nazir \u0130rakli Qariba\u015fvili biz\u0259 miras qalan z\u0259ngin tarixi \u0259n\u0259n\u0259l\u0259ri ya\u015fad\u0131r v\u0259 demokratiya yolu il\u0259 inki\u015faf ed\u0259n m\u00fcst\u0259qil d\u00f6vl\u0259tl\u0259rimizin milli maraqlar\u0131n\u0131 qoruyaraq onlar\u0131 daha b\u00f6y\u00fck nailiyy\u0259tl\u0259r\u0259 do\u011fru apar\u0131rlar\u201d.<\/p>\n<p>\u201cReport\u201dun G\u00fcrc\u00fcstan b\u00fcrosunun x\u0259b\u0259rin\u0259 g\u00f6r\u0259, bunu Az\u0259rbaycan\u0131n Ba\u015f naziri \u018fli \u018fs\u0259dov oktyabr\u0131n 27-d\u0259 Tbilisid\u0259 Heyd\u0259r \u018fliyev ad\u0131na Tbilisi D\u00f6vl\u0259t Pe\u015f\u0259kar Az\u0259rbaycan Dram Teatr\u0131n\u0131n yeni binas\u0131n\u0131n t\u0259m\u0259lqoyma m\u0259rasimind\u0259 \u00e7\u0131x\u0131\u015f\u0131 zaman\u0131 deyib.<\/p>\n<p>O bildirib ki, bu teatr m\u0259d\u0259niyy\u0259t v\u0259 inc\u0259s\u0259n\u0259tsev\u0259rl\u0259r\u0259 layiqli h\u0259diyy\u0259 olmaqla yana\u015f\u0131, h\u0259m d\u0259 tarixi, q\u0259dimliyi v\u0259 m\u00fcasirliyi \u00f6z\u00fcnd\u0259 m\u00fck\u0259mm\u0259l \u015f\u0259kild\u0259 sintez ed\u0259n Tbilisi \u015f\u0259h\u0259rinin g\u00f6rk\u0259min\u0259 x\u00fcsusi g\u00f6z\u0259llik ver\u0259c\u0259k v\u0259 G\u00fcrc\u00fcstan paytaxt\u0131n\u0131n m\u0259d\u0259ni oca\u011f\u0131na \u00e7evril\u0259c\u0259k:<\/p>\n<p>\u201c\u018flam\u0259tdar hald\u0131r ki, Heyd\u0259r \u018fliyevin ad\u0131n\u0131 da\u015f\u0131yan bu m\u0259d\u0259niyy\u0259t oca\u011f\u0131n\u0131n yeni binas\u0131n\u0131n t\u0259m\u0259lqoymas\u0131 m\u0259hz cari il\u0259 &#8211; Az\u0259rbaycan xalq\u0131n\u0131n \u00fcmummilli liderinin anadan olmas\u0131n\u0131n 100-c\u00fc ild\u00f6n\u00fcm\u00fcn\u0259 t\u0259sad\u00fcf edir. Heyd\u0259r \u018fliyevin bu m\u00f6t\u0259b\u0259r yubileyi m\u00fcnasib\u0259til\u0259 G\u00fcrc\u00fcstanda da silsil\u0259 t\u0259dbirl\u0259r ke\u00e7irilib\u201d.<\/p>\n<p>\u018f.\u018fs\u0259dov ulu \u00f6nd\u0259r Heyd\u0259r \u018fliyevin \u0259ziz xatir\u0259sin\u0259 g\u00f6st\u0259ril\u0259n h\u00f6rm\u0259t v\u0259 ehtirama g\u00f6r\u0259 \u00f6z ad\u0131ndan, Az\u0259rbaycan h\u00f6kum\u0259ti v\u0259 xalq\u0131 ad\u0131ndan Ba\u015f nazir \u0130rakli Qariba\u015fviliy\u0259, G\u00fcrc\u00fcstan h\u00f6kum\u0259tin\u0259 v\u0259 xalq\u0131na t\u0259\u015f\u0259kk\u00fcr\u00fcn\u00fc ifad\u0259 edib:<\/p>\n<p>\u201cBir m\u0259qam\u0131 da qeyd etm\u0259k ist\u0259rdim, Az\u0259rbaycanda da h\u0259r zaman oldu\u011fu kimi, G\u00fcrc\u00fcstan\u0131n g\u00f6rk\u0259mli \u015f\u0259xsiyy\u0259tl\u0259rin\u0259 b\u00f6y\u00fck h\u00f6rm\u0259t v\u0259 ehtiramla yana\u015f\u0131l\u0131r. Bel\u0259 ki, bu g\u00fcnl\u0259rd\u0259 Az\u0259rbaycan\u0131n ikinci b\u00f6y\u00fck \u015f\u0259h\u0259ri olar G\u0259nc\u0259d\u0259 g\u00f6rk\u0259mli g\u00fcrc\u00fc \u015fairi Nikoloz Barata\u015fvilinin bir zamanlar ya\u015fay\u0131b-yaratd\u0131\u011f\u0131 v\u0259 \u00e7al\u0131\u015fd\u0131\u011f\u0131 binan\u0131n \u00f6n\u00fcn\u0259 onun xatir\u0259 l\u00f6vh\u0259si vurulub. Eyni zamanda Az\u0259rbaycan\u0131n Qax rayonunda f\u0259aliyy\u0259t g\u00f6st\u0259r\u0259n G\u00fcrc\u00fc D\u00f6vl\u0259t Dram Teatr\u0131na b\u00f6y\u00fck g\u00fcrc\u00fc \u0259dibi \u0130lya \u00c7av\u00e7avadzenin ad\u0131 verilib\u00a0v\u0259 bu, m\u00fcvafiq qaydada r\u0259smil\u0259\u015fdirilib\u201d.<\/p>\n","protected":false},"excerpt":{"rendered":"<p>\u201cM\u00fcasir d\u00f6vrd\u0259 Prezident\u00a0\u0130lham \u018fliyev\u00a0v\u0259 Ba\u015f nazir \u0130rakli Qariba\u015fvili biz\u0259 miras qalan z\u0259ngin tarixi \u0259n\u0259n\u0259l\u0259ri ya\u015fad\u0131r v\u0259 demokratiya yolu il\u0259 inki\u015faf ed\u0259n m\u00fcst\u0259qil d\u00f6vl\u0259tl\u0259rimizin milli maraqlar\u0131n\u0131 qoruyaraq onlar\u0131 daha b\u00f6y\u00fck nailiyy\u0259tl\u0259r\u0259 do\u011fru apar\u0131rlar\u201d. \u201cReport\u201dun G\u00fcrc\u00fcstan b\u00fcrosunun x\u0259b\u0259rin\u0259 g\u00f6r\u0259, bunu Az\u0259rbaycan\u0131n Ba\u015f naziri \u018fli \u018fs\u0259dov oktyabr\u0131n 27-d\u0259 Tbilisid\u0259 Heyd\u0259r \u018fliyev ad\u0131na Tbilisi D\u00f6vl\u0259t Pe\u015f\u0259kar Az\u0259rbaycan Dram Teatr\u0131n\u0131n yeni binas\u0131n\u0131n t\u0259m\u0259lqoyma m\u0259rasimind\u0259 \u00e7\u0131x\u0131\u015f\u0131 zaman\u0131 deyib. O bildirib ki, bu teatr m\u0259d\u0259niyy\u0259t v\u0259 inc\u0259s\u0259n\u0259tsev\u0259rl\u0259r\u0259 layiqli h\u0259diyy\u0259 olmaqla yana\u015f\u0131, h\u0259m d\u0259 tarixi, q\u0259dimliyi v\u0259 m\u00fcasirliyi \u00f6z\u00fcnd\u0259 m\u00fck\u0259mm\u0259l \u015f\u0259kild\u0259 sintez ed\u0259n Tbilisi \u015f\u0259h\u0259rinin g\u00f6rk\u0259min\u0259 x\u00fcsusi g\u00f6z\u0259llik&hellip;<\/p>\n","protected":false},"author":2,"featured_media":650026,"comment_status":"closed","ping_status":"closed","sticky":false,"template":"","format":"standard","meta":{"om_disable_all_campaigns":false,"_monsterinsights_skip_tracking":false,"_monsterinsights_sitenote_active":false,"_monsterinsights_sitenote_note":"","_monsterinsights_sitenote_category":0},"categories":[4],"tags":[],"aioseo_notices":[],"gutentor_comment":0,"rttpg_featured_image_url":{"full":["https:\/\/arantv.az\/wp-content\/uploads\/2023\/10\/az-gurcustan.jpg",800,526,false],"landscape":["https:\/\/arantv.az\/wp-content\/uploads\/2023\/10\/az-gurcustan.jpg",800,526,false],"portraits":["https:\/\/arantv.az\/wp-content\/uploads\/2023\/10\/az-gurcustan.jpg",800,526,false],"thumbnail":["https:\/\/arantv.az\/wp-content\/uploads\/2023\/10\/az-gurcustan-500x280.jpg",500,280,true],"medium":["https:\/\/arantv.az\/wp-content\/uploads\/2023\/10\/az-gurcustan-555x365.jpg",555,365,true],"large":["https:\/\/arantv.az\/wp-content\/uploads\/2023\/10\/az-gurcustan.jpg",640,421,false],"1536x1536":["https:\/\/arantv.az\/wp-content\/uploads\/2023\/10\/az-gurcustan.jpg",800,526,false],"2048x2048":["https:\/\/arantv.az\/wp-content\/uploads\/2023\/10\/az-gurcustan.jpg",800,526,false],"post-thumbnail":["https:\/\/arantv.az\/wp-content\/uploads\/2023\/10\/az-gurcustan-240x172.jpg",240,172,true],"advps-thumb-one":["https:\/\/arantv.az\/wp-content\/uploads\/2023\/10\/az-gurcustan.jpg",800,526,false]},"rttpg_author":{"display_name":"V\u00fcsal Rafiqo\u011flu","author_link":"https:\/\/arantv.az\/?author=2"},"rttpg_comment":0,"rttpg_category":"<a href=\"https:\/\/arantv.az\/?cat=4\" rel=\"category\">Siyas\u0259t<\/a>","rttpg_excerpt":"\u201cM\u00fcasir d\u00f6vrd\u0259 Prezident\u00a0\u0130lham \u018fliyev\u00a0v\u0259 Ba\u015f nazir \u0130rakli Qariba\u015fvili biz\u0259 miras qalan z\u0259ngin tarixi \u0259n\u0259n\u0259l\u0259ri ya\u015fad\u0131r v\u0259 demokratiya yolu il\u0259 inki\u015faf ed\u0259n m\u00fcst\u0259qil d\u00f6vl\u0259tl\u0259rimizin milli maraqlar\u0131n\u0131 qoruyaraq onlar\u0131 daha b\u00f6y\u00fck nailiyy\u0259tl\u0259r\u0259 do\u011fru apar\u0131rlar\u201d. \u201cReport\u201dun G\u00fcrc\u00fcstan b\u00fcrosunun x\u0259b\u0259rin\u0259 g\u00f6r\u0259, bunu Az\u0259rbaycan\u0131n Ba\u015f naziri \u018fli \u018fs\u0259dov oktyabr\u0131n 27-d\u0259 Tbilisid\u0259 Heyd\u0259r \u018fliyev ad\u0131na Tbilisi D\u00f6vl\u0259t Pe\u015f\u0259kar Az\u0259rbaycan Dram Teatr\u0131n\u0131n&hellip;","_links":{"self":[{"href":"https:\/\/arantv.az\/index.php?rest_route=\/wp\/v2\/posts\/650023"}],"collection":[{"href":"https:\/\/arantv.az\/index.php?rest_route=\/wp\/v2\/posts"}],"about":[{"href":"https:\/\/arantv.az\/index.php?rest_route=\/wp\/v2\/types\/post"}],"author":[{"embeddable":true,"href":"https:\/\/arantv.az\/index.php?rest_route=\/wp\/v2\/users\/2"}],"replies":[{"embeddable":true,"href":"https:\/\/arantv.az\/index.php?rest_route=%2Fwp%2Fv2%2Fcomments&post=650023"}],"version-history":[{"count":0,"href":"https:\/\/arantv.az\/index.php?rest_route=\/wp\/v2\/posts\/650023\/revisions"}],"wp:featuredmedia":[{"embeddable":true,"href":"https:\/\/arantv.az\/index.php?rest_route=\/wp\/v2\/media\/650026"}],"wp:attachment":[{"href":"https:\/\/arantv.az\/index.php?rest_route=%2Fwp%2Fv2%2Fmedia&parent=650023"}],"wp:term":[{"taxonomy":"category","embeddable":true,"href":"https:\/\/arantv.az\/index.php?rest_route=%2Fwp%2Fv2%2Fcategories&post=650023"},{"taxonomy":"post_tag","embeddable":true,"href":"https:\/\/arantv.az\/index.php?rest_route=%2Fwp%2Fv2%2Ftags&post=650023"}],"curies":[{"name":"wp","href":"https:\/\/api.w.org\/{rel}","templated":true}]}}