{"id":650027,"date":"2023-10-27T11:54:19","date_gmt":"2023-10-27T07:54:19","guid":{"rendered":"https:\/\/arantv.az\/?p=650027"},"modified":"2023-10-27T11:54:19","modified_gmt":"2023-10-27T07:54:19","slug":"h%c9%99kim-sud-v%c9%99zi-x%c9%99rc%c9%99ngini-protokola-uygun-mualic%c9%99-etdirm%c9%99y%c9%99n-x%c9%99st%c9%99l%c9%99r-var-foto","status":"publish","type":"post","link":"https:\/\/arantv.az\/?p=650027","title":{"rendered":"H\u0259kim: \u201cS\u00fcd v\u0259zi x\u0259r\u00e7\u0259ngini protokola uy\u011fun m\u00fcalic\u0259 etdirm\u0259y\u0259n x\u0259st\u0259l\u0259r var\u201d &#8211; FOTO"},"content":{"rendered":"<p>\u201cBu g\u00fcn h\u0259l\u0259 d\u0259 s\u00fcd v\u0259zi x\u0259r\u00e7\u0259ngini protokola uy\u011fun m\u00fcalic\u0259 etdirm\u0259y\u0259n x\u0259st\u0259l\u0259r var\u201d.<\/p>\n<p>\u201cReport\u201d\u00a0x\u0259b\u0259r verir ki, bunu Az\u0259rbaycan Tibb Universitetinin (ATU) Onkologiya kafedras\u0131n\u0131n dosenti H\u0259qiq\u0259t V\u0259liyeva Bak\u0131da ke\u00e7iril\u0259n II Beyn\u0259lxalq Bak\u0131 S\u00fcd V\u0259zi X\u0259r\u00e7\u0259ngi Konqresind\u0259 \u00e7\u0131x\u0131\u015f\u0131 zaman\u0131 deyib.<\/p>\n<p>&nbsp;<\/p>\n<div class=\"gallery\">\n<div class=\"gallery-i\"><img src=\"https:\/\/cdn.oxu.az\/uploads\/W1siZiIsIjIwMjMvMTAvMjcvMTAvNTEvMzkvNTIwMzU4NjgtM2I4Mi00ZDNjLWE2MzYtOGNlNjgwNzQ2YjE2LzliMGQyZjIyLWE2NzItMzNhMy04MjczLTMwZTA4NDc1MzU1Nl84NTAgKDEpLmpwZyJdLFsicCIsImVuY29kZSIsImpwZyIsIi1xdWFsaXR5IDgwIl0sWyJwIiwidGh1bWIiLCI1OTB4NTkwXHUwMDNlIl1d?sha=bd2372728f5f8b3e\" \/><\/p>\n<div class=\"gallery-i-caption\"><\/div>\n<\/div>\n<\/div>\n<p>O bildirib ki, bu g\u00fcn h\u0259tta xalq t\u0259bab\u0259ti il\u0259 x\u0259r\u00e7\u0259ngi sa\u011faldan, ixtisasa uy\u011fun olmayan i\u015fl\u0259 m\u0259\u015f\u011ful olub diaqnoz qoyan, m\u00fcalic\u0259 ed\u0259n, el\u0259c\u0259 d\u0259 bir ba\u015fqas\u0131n\u0131n \u0259m\u0259liyyat n\u0259tic\u0259sini \u00f6z\u00fcn\u00fcnk\u00fc kimi t\u0259qdim ed\u0259nl\u0259r d\u0259 var.<\/p>\n<p>H.V\u0259liyeva s\u00f6yl\u0259yib ki, \u00f6lk\u0259d\u0259 h\u0259l\u0259 d\u0259 s\u00fcd v\u0259zi x\u0259r\u00e7\u0259ngi il\u0259 \u0259laq\u0259li mastektomiya hallar\u0131n\u0131n say\u0131 \u00e7oxdur:<\/p>\n<p>\u201cDig\u0259r \u00f6lk\u0259l\u0259rl\u0259 m\u00fcqayis\u0259d\u0259 port az sayda x\u0259st\u0259l\u0259r\u0259 qoyulur. Kontrol m\u00fc\u015fahid\u0259 d\u00f6vr\u00fcnd\u0259 d\u0259 m\u00fc\u0259yy\u0259n probleml\u0259r var\u201d.<\/p>\n","protected":false},"excerpt":{"rendered":"<p>\u201cBu g\u00fcn h\u0259l\u0259 d\u0259 s\u00fcd v\u0259zi x\u0259r\u00e7\u0259ngini protokola uy\u011fun m\u00fcalic\u0259 etdirm\u0259y\u0259n x\u0259st\u0259l\u0259r var\u201d. \u201cReport\u201d\u00a0x\u0259b\u0259r verir ki, bunu Az\u0259rbaycan Tibb Universitetinin (ATU) Onkologiya kafedras\u0131n\u0131n dosenti H\u0259qiq\u0259t V\u0259liyeva Bak\u0131da ke\u00e7iril\u0259n II Beyn\u0259lxalq Bak\u0131 S\u00fcd V\u0259zi X\u0259r\u00e7\u0259ngi Konqresind\u0259 \u00e7\u0131x\u0131\u015f\u0131 zaman\u0131 deyib. &nbsp; O bildirib ki, bu g\u00fcn h\u0259tta xalq t\u0259bab\u0259ti il\u0259 x\u0259r\u00e7\u0259ngi sa\u011faldan, ixtisasa uy\u011fun olmayan i\u015fl\u0259 m\u0259\u015f\u011ful olub diaqnoz qoyan, m\u00fcalic\u0259 ed\u0259n, el\u0259c\u0259 d\u0259 bir ba\u015fqas\u0131n\u0131n \u0259m\u0259liyyat n\u0259tic\u0259sini \u00f6z\u00fcn\u00fcnk\u00fc kimi t\u0259qdim ed\u0259nl\u0259r d\u0259 var. H.V\u0259liyeva s\u00f6yl\u0259yib ki, \u00f6lk\u0259d\u0259 h\u0259l\u0259 d\u0259 s\u00fcd v\u0259zi x\u0259r\u00e7\u0259ngi il\u0259 \u0259laq\u0259li mastektomiya hallar\u0131n\u0131n say\u0131 \u00e7oxdur: \u201cDig\u0259r \u00f6lk\u0259l\u0259rl\u0259 m\u00fcqayis\u0259d\u0259&hellip;<\/p>\n","protected":false},"author":2,"featured_media":650029,"comment_status":"closed","ping_status":"closed","sticky":false,"template":"","format":"standard","meta":{"om_disable_all_campaigns":false,"_monsterinsights_skip_tracking":false,"_monsterinsights_sitenote_active":false,"_monsterinsights_sitenote_note":"","_monsterinsights_sitenote_category":0},"categories":[1],"tags":[],"aioseo_notices":[],"gutentor_comment":0,"rttpg_featured_image_url":{"full":["https:\/\/arantv.az\/wp-content\/uploads\/2023\/10\/breast_cancer_symbol_shutterstock_20150530_8aa030b1d6884379b7928403e3e9aa2a-17438.jpg",620,413,false],"landscape":["https:\/\/arantv.az\/wp-content\/uploads\/2023\/10\/breast_cancer_symbol_shutterstock_20150530_8aa030b1d6884379b7928403e3e9aa2a-17438.jpg",620,413,false],"portraits":["https:\/\/arantv.az\/wp-content\/uploads\/2023\/10\/breast_cancer_symbol_shutterstock_20150530_8aa030b1d6884379b7928403e3e9aa2a-17438.jpg",620,413,false],"thumbnail":["https:\/\/arantv.az\/wp-content\/uploads\/2023\/10\/breast_cancer_symbol_shutterstock_20150530_8aa030b1d6884379b7928403e3e9aa2a-17438-500x280.jpg",500,280,true],"medium":["https:\/\/arantv.az\/wp-content\/uploads\/2023\/10\/breast_cancer_symbol_shutterstock_20150530_8aa030b1d6884379b7928403e3e9aa2a-17438-548x365.jpg",548,365,true],"large":["https:\/\/arantv.az\/wp-content\/uploads\/2023\/10\/breast_cancer_symbol_shutterstock_20150530_8aa030b1d6884379b7928403e3e9aa2a-17438.jpg",620,413,false],"1536x1536":["https:\/\/arantv.az\/wp-content\/uploads\/2023\/10\/breast_cancer_symbol_shutterstock_20150530_8aa030b1d6884379b7928403e3e9aa2a-17438.jpg",620,413,false],"2048x2048":["https:\/\/arantv.az\/wp-content\/uploads\/2023\/10\/breast_cancer_symbol_shutterstock_20150530_8aa030b1d6884379b7928403e3e9aa2a-17438.jpg",620,413,false],"post-thumbnail":["https:\/\/arantv.az\/wp-content\/uploads\/2023\/10\/breast_cancer_symbol_shutterstock_20150530_8aa030b1d6884379b7928403e3e9aa2a-17438-240x172.jpg",240,172,true],"advps-thumb-one":["https:\/\/arantv.az\/wp-content\/uploads\/2023\/10\/breast_cancer_symbol_shutterstock_20150530_8aa030b1d6884379b7928403e3e9aa2a-17438.jpg",620,413,false]},"rttpg_author":{"display_name":"V\u00fcsal Rafiqo\u011flu","author_link":"https:\/\/arantv.az\/?author=2"},"rttpg_comment":0,"rttpg_category":"<a href=\"https:\/\/arantv.az\/?cat=1\" rel=\"category\">C\u0259miyy\u0259t<\/a>","rttpg_excerpt":"\u201cBu g\u00fcn h\u0259l\u0259 d\u0259 s\u00fcd v\u0259zi x\u0259r\u00e7\u0259ngini protokola uy\u011fun m\u00fcalic\u0259 etdirm\u0259y\u0259n x\u0259st\u0259l\u0259r var\u201d. \u201cReport\u201d\u00a0x\u0259b\u0259r verir ki, bunu Az\u0259rbaycan Tibb Universitetinin (ATU) Onkologiya kafedras\u0131n\u0131n dosenti H\u0259qiq\u0259t V\u0259liyeva Bak\u0131da ke\u00e7iril\u0259n II Beyn\u0259lxalq Bak\u0131 S\u00fcd V\u0259zi X\u0259r\u00e7\u0259ngi Konqresind\u0259 \u00e7\u0131x\u0131\u015f\u0131 zaman\u0131 deyib. &nbsp; O bildirib ki, bu g\u00fcn h\u0259tta xalq t\u0259bab\u0259ti il\u0259 x\u0259r\u00e7\u0259ngi sa\u011faldan, ixtisasa uy\u011fun olmayan i\u015fl\u0259 m\u0259\u015f\u011ful&hellip;","_links":{"self":[{"href":"https:\/\/arantv.az\/index.php?rest_route=\/wp\/v2\/posts\/650027"}],"collection":[{"href":"https:\/\/arantv.az\/index.php?rest_route=\/wp\/v2\/posts"}],"about":[{"href":"https:\/\/arantv.az\/index.php?rest_route=\/wp\/v2\/types\/post"}],"author":[{"embeddable":true,"href":"https:\/\/arantv.az\/index.php?rest_route=\/wp\/v2\/users\/2"}],"replies":[{"embeddable":true,"href":"https:\/\/arantv.az\/index.php?rest_route=%2Fwp%2Fv2%2Fcomments&post=650027"}],"version-history":[{"count":0,"href":"https:\/\/arantv.az\/index.php?rest_route=\/wp\/v2\/posts\/650027\/revisions"}],"wp:featuredmedia":[{"embeddable":true,"href":"https:\/\/arantv.az\/index.php?rest_route=\/wp\/v2\/media\/650029"}],"wp:attachment":[{"href":"https:\/\/arantv.az\/index.php?rest_route=%2Fwp%2Fv2%2Fmedia&parent=650027"}],"wp:term":[{"taxonomy":"category","embeddable":true,"href":"https:\/\/arantv.az\/index.php?rest_route=%2Fwp%2Fv2%2Fcategories&post=650027"},{"taxonomy":"post_tag","embeddable":true,"href":"https:\/\/arantv.az\/index.php?rest_route=%2Fwp%2Fv2%2Ftags&post=650027"}],"curies":[{"name":"wp","href":"https:\/\/api.w.org\/{rel}","templated":true}]}}