{"id":650076,"date":"2023-10-27T13:16:22","date_gmt":"2023-10-27T09:16:22","guid":{"rendered":"https:\/\/arantv.az\/?p=650076"},"modified":"2023-10-27T13:16:22","modified_gmt":"2023-10-27T09:16:22","slug":"bas-prokurorluq-goycayda-konfrans-kecir%c9%99c%c9%99k","status":"publish","type":"post","link":"https:\/\/arantv.az\/?p=650076","title":{"rendered":"Ba\u015f Prokurorluq G\u00f6y\u00e7ayda konfrans ke\u00e7ir\u0259c\u0259k"},"content":{"rendered":"<p>Ba\u015f Prokurorluq noyabr\u0131n 3-d\u0259 G\u00f6y\u00e7ay \u015f\u0259h\u0259rind\u0259 \u0259traf region prokurorluqlar\u0131 v\u0259 h\u00fcquq-m\u00fchafiz\u0259 orqanlar\u0131n\u0131n m\u0259sul \u0259m\u0259kda\u015flar\u0131, dig\u0259r d\u00f6vl\u0259t qurumlar\u0131n\u0131n, habel\u0259 t\u0259hsil m\u00fc\u0259ssis\u0259l\u0259rinin n\u00fcmay\u0259nd\u0259l\u0259rinin i\u015ftirak\u0131 il\u0259 konfrans t\u0259\u015fkil ed\u0259c\u0259k.<\/p>\n<p>Bu bar\u0259d\u0259\u00a0&#8220;\u0130ki sahil&#8221;\u0259\u00a0qurumdan bildirilib.<\/p>\n<p>Qeyd olunub ki, \u201cHeyd\u0259r \u018fliyev v\u0259 \u015fanl\u0131 Z\u0259f\u0259r tariximiz\u201d adl\u0131 konfransda, Ba\u015f Prokurorlu\u011fun v\u0259 dig\u0259r d\u00f6vl\u0259t qurumlar\u0131n\u0131n m\u0259sul \u015f\u0259xsl\u0259ri, regional media n\u00fcmay\u0259nd\u0259l\u0259ri il\u0259 yana\u015f\u0131, qeyri-h\u00f6kum\u0259t t\u0259\u015fkilatlar\u0131 v\u0259 v\u0259t\u0259nda\u015f c\u0259miyy\u0259ti institutlar\u0131n\u0131n n\u00fcmay\u0259nd\u0259l\u0259ri i\u015ftirak ed\u0259c\u0259k.<\/p>\n<p>Xat\u0131rladaq ki, Ba\u015f Prokurorluq bundan \u0259vv\u0259l, G\u0259nc\u0259, L\u0259nk\u0259ran, \u015e\u0259ki, G\u0259d\u0259b\u0259y, Quba, B\u0259rd\u0259, Zaqatala,Sabirabad v\u0259 \u015e\u0259mkir \u015f\u0259h\u0259rl\u0259rind\u0259 regional konfranslar ke\u00e7irib.<\/p>\n","protected":false},"excerpt":{"rendered":"<p>Ba\u015f Prokurorluq noyabr\u0131n 3-d\u0259 G\u00f6y\u00e7ay \u015f\u0259h\u0259rind\u0259 \u0259traf region prokurorluqlar\u0131 v\u0259 h\u00fcquq-m\u00fchafiz\u0259 orqanlar\u0131n\u0131n m\u0259sul \u0259m\u0259kda\u015flar\u0131, dig\u0259r d\u00f6vl\u0259t qurumlar\u0131n\u0131n, habel\u0259 t\u0259hsil m\u00fc\u0259ssis\u0259l\u0259rinin n\u00fcmay\u0259nd\u0259l\u0259rinin i\u015ftirak\u0131 il\u0259 konfrans t\u0259\u015fkil ed\u0259c\u0259k. Bu bar\u0259d\u0259\u00a0&#8220;\u0130ki sahil&#8221;\u0259\u00a0qurumdan bildirilib. Qeyd olunub ki, \u201cHeyd\u0259r \u018fliyev v\u0259 \u015fanl\u0131 Z\u0259f\u0259r tariximiz\u201d adl\u0131 konfransda, Ba\u015f Prokurorlu\u011fun v\u0259 dig\u0259r d\u00f6vl\u0259t qurumlar\u0131n\u0131n m\u0259sul \u015f\u0259xsl\u0259ri, regional media n\u00fcmay\u0259nd\u0259l\u0259ri il\u0259 yana\u015f\u0131, qeyri-h\u00f6kum\u0259t t\u0259\u015fkilatlar\u0131 v\u0259 v\u0259t\u0259nda\u015f c\u0259miyy\u0259ti institutlar\u0131n\u0131n n\u00fcmay\u0259nd\u0259l\u0259ri i\u015ftirak ed\u0259c\u0259k. Xat\u0131rladaq ki, Ba\u015f Prokurorluq bundan \u0259vv\u0259l, G\u0259nc\u0259, L\u0259nk\u0259ran, \u015e\u0259ki, G\u0259d\u0259b\u0259y, Quba, B\u0259rd\u0259, Zaqatala,Sabirabad v\u0259 \u015e\u0259mkir \u015f\u0259h\u0259rl\u0259rind\u0259 regional konfranslar ke\u00e7irib.<\/p>\n","protected":false},"author":2,"featured_media":650079,"comment_status":"closed","ping_status":"closed","sticky":false,"template":"","format":"standard","meta":{"om_disable_all_campaigns":false,"_monsterinsights_skip_tracking":false,"_monsterinsights_sitenote_active":false,"_monsterinsights_sitenote_note":"","_monsterinsights_sitenote_category":0},"categories":[4],"tags":[],"aioseo_notices":[],"gutentor_comment":0,"rttpg_featured_image_url":{"full":["https:\/\/arantv.az\/wp-content\/uploads\/2023\/10\/d4a89791169838890219238642610135468.jpg",975,540,false],"landscape":["https:\/\/arantv.az\/wp-content\/uploads\/2023\/10\/d4a89791169838890219238642610135468.jpg",975,540,false],"portraits":["https:\/\/arantv.az\/wp-content\/uploads\/2023\/10\/d4a89791169838890219238642610135468.jpg",975,540,false],"thumbnail":["https:\/\/arantv.az\/wp-content\/uploads\/2023\/10\/d4a89791169838890219238642610135468-500x280.jpg",500,280,true],"medium":["https:\/\/arantv.az\/wp-content\/uploads\/2023\/10\/d4a89791169838890219238642610135468-660x365.jpg",660,365,true],"large":["https:\/\/arantv.az\/wp-content\/uploads\/2023\/10\/d4a89791169838890219238642610135468-840x465.jpg",640,354,true],"1536x1536":["https:\/\/arantv.az\/wp-content\/uploads\/2023\/10\/d4a89791169838890219238642610135468.jpg",975,540,false],"2048x2048":["https:\/\/arantv.az\/wp-content\/uploads\/2023\/10\/d4a89791169838890219238642610135468.jpg",975,540,false],"post-thumbnail":["https:\/\/arantv.az\/wp-content\/uploads\/2023\/10\/d4a89791169838890219238642610135468-240x172.jpg",240,172,true],"advps-thumb-one":["https:\/\/arantv.az\/wp-content\/uploads\/2023\/10\/d4a89791169838890219238642610135468.jpg",975,540,false]},"rttpg_author":{"display_name":"V\u00fcsal Rafiqo\u011flu","author_link":"https:\/\/arantv.az\/?author=2"},"rttpg_comment":0,"rttpg_category":"<a href=\"https:\/\/arantv.az\/?cat=4\" rel=\"category\">Siyas\u0259t<\/a>","rttpg_excerpt":"Ba\u015f Prokurorluq noyabr\u0131n 3-d\u0259 G\u00f6y\u00e7ay \u015f\u0259h\u0259rind\u0259 \u0259traf region prokurorluqlar\u0131 v\u0259 h\u00fcquq-m\u00fchafiz\u0259 orqanlar\u0131n\u0131n m\u0259sul \u0259m\u0259kda\u015flar\u0131, dig\u0259r d\u00f6vl\u0259t qurumlar\u0131n\u0131n, habel\u0259 t\u0259hsil m\u00fc\u0259ssis\u0259l\u0259rinin n\u00fcmay\u0259nd\u0259l\u0259rinin i\u015ftirak\u0131 il\u0259 konfrans t\u0259\u015fkil ed\u0259c\u0259k. Bu bar\u0259d\u0259\u00a0&#8220;\u0130ki sahil&#8221;\u0259\u00a0qurumdan bildirilib. Qeyd olunub ki, \u201cHeyd\u0259r \u018fliyev v\u0259 \u015fanl\u0131 Z\u0259f\u0259r tariximiz\u201d adl\u0131 konfransda, Ba\u015f Prokurorlu\u011fun v\u0259 dig\u0259r d\u00f6vl\u0259t qurumlar\u0131n\u0131n m\u0259sul \u015f\u0259xsl\u0259ri, regional media n\u00fcmay\u0259nd\u0259l\u0259ri il\u0259 yana\u015f\u0131, qeyri-h\u00f6kum\u0259t&hellip;","_links":{"self":[{"href":"https:\/\/arantv.az\/index.php?rest_route=\/wp\/v2\/posts\/650076"}],"collection":[{"href":"https:\/\/arantv.az\/index.php?rest_route=\/wp\/v2\/posts"}],"about":[{"href":"https:\/\/arantv.az\/index.php?rest_route=\/wp\/v2\/types\/post"}],"author":[{"embeddable":true,"href":"https:\/\/arantv.az\/index.php?rest_route=\/wp\/v2\/users\/2"}],"replies":[{"embeddable":true,"href":"https:\/\/arantv.az\/index.php?rest_route=%2Fwp%2Fv2%2Fcomments&post=650076"}],"version-history":[{"count":0,"href":"https:\/\/arantv.az\/index.php?rest_route=\/wp\/v2\/posts\/650076\/revisions"}],"wp:featuredmedia":[{"embeddable":true,"href":"https:\/\/arantv.az\/index.php?rest_route=\/wp\/v2\/media\/650079"}],"wp:attachment":[{"href":"https:\/\/arantv.az\/index.php?rest_route=%2Fwp%2Fv2%2Fmedia&parent=650076"}],"wp:term":[{"taxonomy":"category","embeddable":true,"href":"https:\/\/arantv.az\/index.php?rest_route=%2Fwp%2Fv2%2Fcategories&post=650076"},{"taxonomy":"post_tag","embeddable":true,"href":"https:\/\/arantv.az\/index.php?rest_route=%2Fwp%2Fv2%2Ftags&post=650076"}],"curies":[{"name":"wp","href":"https:\/\/api.w.org\/{rel}","templated":true}]}}