{"id":650095,"date":"2023-10-27T13:37:07","date_gmt":"2023-10-27T09:37:07","guid":{"rendered":"https:\/\/arantv.az\/?p=650095"},"modified":"2023-10-27T13:37:07","modified_gmt":"2023-10-27T09:37:07","slug":"bmt-nin-%c9%99hali-fondu-az%c9%99rbaycanda-abortlarin-sayi-yuks%c9%99kdir","status":"publish","type":"post","link":"https:\/\/arantv.az\/?p=650095","title":{"rendered":"BMT-nin \u018fhali Fondu: Az\u0259rbaycanda abortlar\u0131n say\u0131 y\u00fcks\u0259kdir"},"content":{"rendered":"<p>&#8220;Az\u0259rbaycan regionda yegan\u0259 \u00f6lk\u0259dir ki, u\u015faql\u0131q boynu x\u0259r\u00e7\u0259ngi m\u00fcalic\u0259si d\u00f6vl\u0259t s\u0259viyy\u0259sind\u0259 apar\u0131lm\u0131r&#8221;.<\/p>\n<p><strong>ARANTV.AZ x\u0259b\u0259r verir ki,<\/strong>\u00a0bunu bunu Milli M\u0259clisd\u0259 ke\u00e7iril\u0259n ictimai dinl\u0259m\u0259d\u0259 BMT-nin \u018fhali Fondunun Az\u0259rbaycandak\u0131 n\u00fcmay\u0259nd\u0259liyinin r\u0259hb\u0259ri F\u0259rid Babayev Milli M\u0259clisin Ail\u0259, qad\u0131n v\u0259 u\u015faq m\u0259s\u0259l\u0259l\u0259ri v\u0259 \u0130nsan h\u00fcquqlar\u0131 komit\u0259sinin birg\u0259 dinl\u0259m\u0259si zaman\u0131 deyib.<\/p>\n<p>O, h\u0259m\u00e7inin bildirib ki, Az\u0259rbaycanda ana \u00f6l\u00fcm\u00fc \u0259msal\u0131 xeyli azal\u0131b v\u0259 bu, b\u00f6y\u00fck ir\u0259lil\u0259yi\u015fdir:<\/p>\n<p>&#8220;Bug\u00fcnk\u00fc g\u00fcn\u0259 bu \u0259msal 100 min diri do\u011fu\u015flara 15 ana \u00f6l\u00fcm\u00fc dem\u0259kdir. Lakin r\u0259smi statistikaya g\u00f6r\u0259, abortlar\u0131n say\u0131 y\u00fcks\u0259kdir. \u018fg\u0259r 2008-2009-cu ill\u0259rd\u0259 Az\u0259rbaycanda Milli Ail\u0259 Planlamas\u0131 proqram\u0131 q\u0259bul olunsayd\u0131, onda 16,5 olan ana \u00f6l\u00fcm\u00fc indi 9,8 ola bil\u0259rdi&#8221;.<\/p>\n","protected":false},"excerpt":{"rendered":"<p>&#8220;Az\u0259rbaycan regionda yegan\u0259 \u00f6lk\u0259dir ki, u\u015faql\u0131q boynu x\u0259r\u00e7\u0259ngi m\u00fcalic\u0259si d\u00f6vl\u0259t s\u0259viyy\u0259sind\u0259 apar\u0131lm\u0131r&#8221;. ARANTV.AZ x\u0259b\u0259r verir ki,\u00a0bunu bunu Milli M\u0259clisd\u0259 ke\u00e7iril\u0259n ictimai dinl\u0259m\u0259d\u0259 BMT-nin \u018fhali Fondunun Az\u0259rbaycandak\u0131 n\u00fcmay\u0259nd\u0259liyinin r\u0259hb\u0259ri F\u0259rid Babayev Milli M\u0259clisin Ail\u0259, qad\u0131n v\u0259 u\u015faq m\u0259s\u0259l\u0259l\u0259ri v\u0259 \u0130nsan h\u00fcquqlar\u0131 komit\u0259sinin birg\u0259 dinl\u0259m\u0259si zaman\u0131 deyib. O, h\u0259m\u00e7inin bildirib ki, Az\u0259rbaycanda ana \u00f6l\u00fcm\u00fc \u0259msal\u0131 xeyli azal\u0131b v\u0259 bu, b\u00f6y\u00fck ir\u0259lil\u0259yi\u015fdir: &#8220;Bug\u00fcnk\u00fc g\u00fcn\u0259 bu \u0259msal 100 min diri do\u011fu\u015flara 15 ana \u00f6l\u00fcm\u00fc dem\u0259kdir. Lakin r\u0259smi statistikaya g\u00f6r\u0259, abortlar\u0131n say\u0131 y\u00fcks\u0259kdir. \u018fg\u0259r 2008-2009-cu ill\u0259rd\u0259 Az\u0259rbaycanda Milli Ail\u0259 Planlamas\u0131 proqram\u0131 q\u0259bul olunsayd\u0131, onda 16,5&hellip;<\/p>\n","protected":false},"author":2,"featured_media":650096,"comment_status":"closed","ping_status":"closed","sticky":false,"template":"","format":"standard","meta":{"om_disable_all_campaigns":false,"_monsterinsights_skip_tracking":false,"_monsterinsights_sitenote_active":false,"_monsterinsights_sitenote_note":"","_monsterinsights_sitenote_category":0},"categories":[1],"tags":[],"aioseo_notices":[],"gutentor_comment":0,"rttpg_featured_image_url":{"full":["https:\/\/arantv.az\/wp-content\/uploads\/2023\/10\/1b932eaf166532280556857853210564908.jpg",975,540,false],"landscape":["https:\/\/arantv.az\/wp-content\/uploads\/2023\/10\/1b932eaf166532280556857853210564908.jpg",975,540,false],"portraits":["https:\/\/arantv.az\/wp-content\/uploads\/2023\/10\/1b932eaf166532280556857853210564908.jpg",975,540,false],"thumbnail":["https:\/\/arantv.az\/wp-content\/uploads\/2023\/10\/1b932eaf166532280556857853210564908-500x280.jpg",500,280,true],"medium":["https:\/\/arantv.az\/wp-content\/uploads\/2023\/10\/1b932eaf166532280556857853210564908-660x365.jpg",660,365,true],"large":["https:\/\/arantv.az\/wp-content\/uploads\/2023\/10\/1b932eaf166532280556857853210564908-840x465.jpg",640,354,true],"1536x1536":["https:\/\/arantv.az\/wp-content\/uploads\/2023\/10\/1b932eaf166532280556857853210564908.jpg",975,540,false],"2048x2048":["https:\/\/arantv.az\/wp-content\/uploads\/2023\/10\/1b932eaf166532280556857853210564908.jpg",975,540,false],"post-thumbnail":["https:\/\/arantv.az\/wp-content\/uploads\/2023\/10\/1b932eaf166532280556857853210564908-240x172.jpg",240,172,true],"advps-thumb-one":["https:\/\/arantv.az\/wp-content\/uploads\/2023\/10\/1b932eaf166532280556857853210564908.jpg",975,540,false]},"rttpg_author":{"display_name":"V\u00fcsal Rafiqo\u011flu","author_link":"https:\/\/arantv.az\/?author=2"},"rttpg_comment":0,"rttpg_category":"<a href=\"https:\/\/arantv.az\/?cat=1\" rel=\"category\">C\u0259miyy\u0259t<\/a>","rttpg_excerpt":"&#8220;Az\u0259rbaycan regionda yegan\u0259 \u00f6lk\u0259dir ki, u\u015faql\u0131q boynu x\u0259r\u00e7\u0259ngi m\u00fcalic\u0259si d\u00f6vl\u0259t s\u0259viyy\u0259sind\u0259 apar\u0131lm\u0131r&#8221;. ARANTV.AZ x\u0259b\u0259r verir ki,\u00a0bunu bunu Milli M\u0259clisd\u0259 ke\u00e7iril\u0259n ictimai dinl\u0259m\u0259d\u0259 BMT-nin \u018fhali Fondunun Az\u0259rbaycandak\u0131 n\u00fcmay\u0259nd\u0259liyinin r\u0259hb\u0259ri F\u0259rid Babayev Milli M\u0259clisin Ail\u0259, qad\u0131n v\u0259 u\u015faq m\u0259s\u0259l\u0259l\u0259ri v\u0259 \u0130nsan h\u00fcquqlar\u0131 komit\u0259sinin birg\u0259 dinl\u0259m\u0259si zaman\u0131 deyib. O, h\u0259m\u00e7inin bildirib ki, Az\u0259rbaycanda ana \u00f6l\u00fcm\u00fc \u0259msal\u0131 xeyli azal\u0131b&hellip;","_links":{"self":[{"href":"https:\/\/arantv.az\/index.php?rest_route=\/wp\/v2\/posts\/650095"}],"collection":[{"href":"https:\/\/arantv.az\/index.php?rest_route=\/wp\/v2\/posts"}],"about":[{"href":"https:\/\/arantv.az\/index.php?rest_route=\/wp\/v2\/types\/post"}],"author":[{"embeddable":true,"href":"https:\/\/arantv.az\/index.php?rest_route=\/wp\/v2\/users\/2"}],"replies":[{"embeddable":true,"href":"https:\/\/arantv.az\/index.php?rest_route=%2Fwp%2Fv2%2Fcomments&post=650095"}],"version-history":[{"count":0,"href":"https:\/\/arantv.az\/index.php?rest_route=\/wp\/v2\/posts\/650095\/revisions"}],"wp:featuredmedia":[{"embeddable":true,"href":"https:\/\/arantv.az\/index.php?rest_route=\/wp\/v2\/media\/650096"}],"wp:attachment":[{"href":"https:\/\/arantv.az\/index.php?rest_route=%2Fwp%2Fv2%2Fmedia&parent=650095"}],"wp:term":[{"taxonomy":"category","embeddable":true,"href":"https:\/\/arantv.az\/index.php?rest_route=%2Fwp%2Fv2%2Fcategories&post=650095"},{"taxonomy":"post_tag","embeddable":true,"href":"https:\/\/arantv.az\/index.php?rest_route=%2Fwp%2Fv2%2Ftags&post=650095"}],"curies":[{"name":"wp","href":"https:\/\/api.w.org\/{rel}","templated":true}]}}