{"id":650101,"date":"2023-10-27T13:54:58","date_gmt":"2023-10-27T09:54:58","guid":{"rendered":"https:\/\/arantv.az\/?p=650101"},"modified":"2023-10-27T13:54:58","modified_gmt":"2023-10-27T09:54:58","slug":"az%c9%99rbaycan-selektiv-aborta-gor%c9%99-dunyada-cini-d%c9%99-kec%c9%99r%c9%99k-birinci-yerd%c9%99-q%c9%99rarlasib-foto","status":"publish","type":"post","link":"https:\/\/arantv.az\/?p=650101","title":{"rendered":"Az\u0259rbaycan selektiv aborta g\u00f6r\u0259 d\u00fcnyada \u00c7ini d\u0259 ke\u00e7\u0259r\u0259k birinci yerd\u0259 q\u0259rarla\u015f\u0131b &#8211; FOTO"},"content":{"rendered":"<p>\u201cAz\u0259rbaycan selektiv abortlara g\u00f6r\u0259 d\u00fcnya \u00f6lk\u0259l\u0259ri aras\u0131nda liderlik edir. \u018fg\u0259r, bu tendensiya d\u0259yi\u015fm\u0259s\u0259, 2050-ci ild\u0259 \u00f6lk\u0259miz m\u00fc\u0259yy\u0259n probleml\u0259rl\u0259 \u00fcz-\u00fcz\u0259 qalacaq\u201d.<\/p>\n<p>\u201cReport\u201d x\u0259b\u0259r verir ki, bunu BMT \u018fhali Fondun Az\u0259rbaycandak\u0131 n\u00fcmay\u0259nd\u0259liyinin r\u0259hb\u0259ri F\u0259rid Babayev \u201cQad\u0131n v\u0259 u\u015faq h\u00fcquqlar\u0131 \u00fczr\u0259 qanunvericiliyin t\u0259kmill\u0259\u015fdirilm\u0259si: m\u00f6vcud v\u0259ziyy\u0259t v\u0259 yeni \u00e7a\u011f\u0131r\u0131\u015flar\u201d m\u00f6vzusunda ke\u00e7iril\u0259n ictimai dinl\u0259m\u0259d\u0259 deyib.<\/p>\n<p>&nbsp;<\/p>\n<div class=\"gallery\">\n<div class=\"gallery-i\"><img src=\"https:\/\/cdn.oxu.az\/uploads\/W1siZiIsIjIwMjMvMTAvMjcvMTIvNDkvMzgvNDQ3NGM2MDMtNDNkOS00ZWU3LWE3NDUtMWIwOGE5YTA2MTZhL2E1MzE0M2U1LWU4MzItM2Q2NS1hMmM3LTM1MWZkMGJjYjU4Y184NTAuanBnIl0sWyJwIiwiZW5jb2RlIiwianBnIiwiLXF1YWxpdHkgODAiXSxbInAiLCJ0aHVtYiIsIjU5MHg1OTBcdTAwM2UiXV0?sha=5ef982094bcc0b29\" alt=\"\" \/><\/p>\n<div class=\"gallery-i-caption\"><\/div>\n<\/div>\n<\/div>\n<p>O h\u0259m\u00e7inin xat\u0131rlad\u0131b ki, Az\u0259rbaycan cins se\u00e7imin\u0259 g\u00f6r\u0259 d\u00fcnyada \u00c7ini d\u0259 ke\u00e7\u0259r\u0259k birinci yerd\u0259 q\u0259rarla\u015f\u0131b:<\/p>\n<p>\u201cBu bax\u0131mdan \u00f6lk\u0259d\u0259 maarifl\u0259ndirm\u0259 apar\u0131lmal\u0131, el\u0259c\u0259 d\u0259 qanunvericiliy\u0259 m\u00fc\u0259yy\u0259n d\u0259yi\u015fiklikl\u0259r edilm\u0259lidir\u201d.<\/p>\n","protected":false},"excerpt":{"rendered":"<p>\u201cAz\u0259rbaycan selektiv abortlara g\u00f6r\u0259 d\u00fcnya \u00f6lk\u0259l\u0259ri aras\u0131nda liderlik edir. \u018fg\u0259r, bu tendensiya d\u0259yi\u015fm\u0259s\u0259, 2050-ci ild\u0259 \u00f6lk\u0259miz m\u00fc\u0259yy\u0259n probleml\u0259rl\u0259 \u00fcz-\u00fcz\u0259 qalacaq\u201d. \u201cReport\u201d x\u0259b\u0259r verir ki, bunu BMT \u018fhali Fondun Az\u0259rbaycandak\u0131 n\u00fcmay\u0259nd\u0259liyinin r\u0259hb\u0259ri F\u0259rid Babayev \u201cQad\u0131n v\u0259 u\u015faq h\u00fcquqlar\u0131 \u00fczr\u0259 qanunvericiliyin t\u0259kmill\u0259\u015fdirilm\u0259si: m\u00f6vcud v\u0259ziyy\u0259t v\u0259 yeni \u00e7a\u011f\u0131r\u0131\u015flar\u201d m\u00f6vzusunda ke\u00e7iril\u0259n ictimai dinl\u0259m\u0259d\u0259 deyib. &nbsp; O h\u0259m\u00e7inin xat\u0131rlad\u0131b ki, Az\u0259rbaycan cins se\u00e7imin\u0259 g\u00f6r\u0259 d\u00fcnyada \u00c7ini d\u0259 ke\u00e7\u0259r\u0259k birinci yerd\u0259 q\u0259rarla\u015f\u0131b: \u201cBu bax\u0131mdan \u00f6lk\u0259d\u0259 maarifl\u0259ndirm\u0259 apar\u0131lmal\u0131, el\u0259c\u0259 d\u0259 qanunvericiliy\u0259 m\u00fc\u0259yy\u0259n d\u0259yi\u015fiklikl\u0259r edilm\u0259lidir\u201d.<\/p>\n","protected":false},"author":2,"featured_media":650102,"comment_status":"closed","ping_status":"closed","sticky":false,"template":"","format":"standard","meta":{"om_disable_all_campaigns":false,"_monsterinsights_skip_tracking":false,"_monsterinsights_sitenote_active":false,"_monsterinsights_sitenote_note":"","_monsterinsights_sitenote_category":0},"categories":[1],"tags":[],"aioseo_notices":[],"gutentor_comment":0,"rttpg_featured_image_url":{"full":["https:\/\/arantv.az\/wp-content\/uploads\/2023\/10\/FotoJet-100.jpg",620,413,false],"landscape":["https:\/\/arantv.az\/wp-content\/uploads\/2023\/10\/FotoJet-100.jpg",620,413,false],"portraits":["https:\/\/arantv.az\/wp-content\/uploads\/2023\/10\/FotoJet-100.jpg",620,413,false],"thumbnail":["https:\/\/arantv.az\/wp-content\/uploads\/2023\/10\/FotoJet-100-500x280.jpg",500,280,true],"medium":["https:\/\/arantv.az\/wp-content\/uploads\/2023\/10\/FotoJet-100-548x365.jpg",548,365,true],"large":["https:\/\/arantv.az\/wp-content\/uploads\/2023\/10\/FotoJet-100.jpg",620,413,false],"1536x1536":["https:\/\/arantv.az\/wp-content\/uploads\/2023\/10\/FotoJet-100.jpg",620,413,false],"2048x2048":["https:\/\/arantv.az\/wp-content\/uploads\/2023\/10\/FotoJet-100.jpg",620,413,false],"post-thumbnail":["https:\/\/arantv.az\/wp-content\/uploads\/2023\/10\/FotoJet-100-240x172.jpg",240,172,true],"advps-thumb-one":["https:\/\/arantv.az\/wp-content\/uploads\/2023\/10\/FotoJet-100.jpg",620,413,false]},"rttpg_author":{"display_name":"V\u00fcsal Rafiqo\u011flu","author_link":"https:\/\/arantv.az\/?author=2"},"rttpg_comment":0,"rttpg_category":"<a href=\"https:\/\/arantv.az\/?cat=1\" rel=\"category\">C\u0259miyy\u0259t<\/a>","rttpg_excerpt":"\u201cAz\u0259rbaycan selektiv abortlara g\u00f6r\u0259 d\u00fcnya \u00f6lk\u0259l\u0259ri aras\u0131nda liderlik edir. \u018fg\u0259r, bu tendensiya d\u0259yi\u015fm\u0259s\u0259, 2050-ci ild\u0259 \u00f6lk\u0259miz m\u00fc\u0259yy\u0259n probleml\u0259rl\u0259 \u00fcz-\u00fcz\u0259 qalacaq\u201d. \u201cReport\u201d x\u0259b\u0259r verir ki, bunu BMT \u018fhali Fondun Az\u0259rbaycandak\u0131 n\u00fcmay\u0259nd\u0259liyinin r\u0259hb\u0259ri F\u0259rid Babayev \u201cQad\u0131n v\u0259 u\u015faq h\u00fcquqlar\u0131 \u00fczr\u0259 qanunvericiliyin t\u0259kmill\u0259\u015fdirilm\u0259si: m\u00f6vcud v\u0259ziyy\u0259t v\u0259 yeni \u00e7a\u011f\u0131r\u0131\u015flar\u201d m\u00f6vzusunda ke\u00e7iril\u0259n ictimai dinl\u0259m\u0259d\u0259 deyib. &nbsp; O h\u0259m\u00e7inin xat\u0131rlad\u0131b ki,&hellip;","_links":{"self":[{"href":"https:\/\/arantv.az\/index.php?rest_route=\/wp\/v2\/posts\/650101"}],"collection":[{"href":"https:\/\/arantv.az\/index.php?rest_route=\/wp\/v2\/posts"}],"about":[{"href":"https:\/\/arantv.az\/index.php?rest_route=\/wp\/v2\/types\/post"}],"author":[{"embeddable":true,"href":"https:\/\/arantv.az\/index.php?rest_route=\/wp\/v2\/users\/2"}],"replies":[{"embeddable":true,"href":"https:\/\/arantv.az\/index.php?rest_route=%2Fwp%2Fv2%2Fcomments&post=650101"}],"version-history":[{"count":0,"href":"https:\/\/arantv.az\/index.php?rest_route=\/wp\/v2\/posts\/650101\/revisions"}],"wp:featuredmedia":[{"embeddable":true,"href":"https:\/\/arantv.az\/index.php?rest_route=\/wp\/v2\/media\/650102"}],"wp:attachment":[{"href":"https:\/\/arantv.az\/index.php?rest_route=%2Fwp%2Fv2%2Fmedia&parent=650101"}],"wp:term":[{"taxonomy":"category","embeddable":true,"href":"https:\/\/arantv.az\/index.php?rest_route=%2Fwp%2Fv2%2Fcategories&post=650101"},{"taxonomy":"post_tag","embeddable":true,"href":"https:\/\/arantv.az\/index.php?rest_route=%2Fwp%2Fv2%2Ftags&post=650101"}],"curies":[{"name":"wp","href":"https:\/\/api.w.org\/{rel}","templated":true}]}}