{"id":650104,"date":"2023-10-27T13:56:53","date_gmt":"2023-10-27T09:56:53","guid":{"rendered":"https:\/\/arantv.az\/?p=650104"},"modified":"2023-10-27T13:56:53","modified_gmt":"2023-10-27T09:56:53","slug":"s%c9%99nb%c9%99-bazar-qadinlar-isl%c9%99m%c9%99sin-t%c9%99klifin%c9%99-kisil%c9%99rd%c9%99n-etiraz-var","status":"publish","type":"post","link":"https:\/\/arantv.az\/?p=650104","title":{"rendered":"\u201c\u015e\u0259nb\u0259-bazar qad\u0131nlar i\u015fl\u0259m\u0259sin\u201d t\u0259klifin\u0259 ki\u015fil\u0259rd\u0259n etiraz var"},"content":{"rendered":"<p><strong>\u201cT\u0259klif edir\u0259m ki, \u015f\u0259nb\u0259-bazar g\u00fcnl\u0259ri qad\u0131nlar i\u015fl\u0259m\u0259sinl\u0259r\u201d. Bunu deputat Rauf \u018fliyev Ail\u0259, Qad\u0131n v\u0259 U\u015faq Probleml\u0259ri \u00fczr\u0259 D\u00f6vl\u0259t Komit\u0259sinin 2022-ci il\u0259 dair hesabat\u0131n\u0131n m\u00fczakir\u0259sind\u0259 deyib. O bildirib ki, xarici \u00f6lk\u0259l\u0259rin birind\u0259 bu t\u0259cr\u00fcb\u0259ni g\u00f6r\u00fcb: \u201cOnlar bel\u0259 \u0259sasland\u0131rd\u0131lar ki, qad\u0131nlar\u0131n ail\u0259nin h\u0259yat\u0131nda rolu b\u00f6y\u00fckd\u00fcr. Ona g\u00f6r\u0259 u\u015faqlarla daha \u00e7ox vaxt ke\u00e7irm\u0259l\u0259ri \u00fc\u00e7\u00fcn bel\u0259 bir add\u0131m at\u0131rlar\u201d.<\/strong><\/p>\n<p>Milli M\u0259clisin Ail\u0259, qad\u0131n v\u0259 u\u015faq m\u0259s\u0259l\u0259l\u0259ri komit\u0259sinin s\u0259dri Hicran H\u00fcseynova is\u0259 qeyd edib ki, el\u0259 ki\u015fil\u0259r d\u0259 ail\u0259 il\u0259 daha \u00e7ox vaxt ke\u00e7irm\u0259lidirl\u0259r. Bu m\u0259s\u0259l\u0259ni t\u0259kc\u0259 qad\u0131nlarla m\u0259hdudla\u015fd\u0131rmaq do\u011fru deyil.<\/p>\n<p>Milli M\u0259clisin \u018fm\u0259k v\u0259 sosial siyas\u0259t komit\u0259sinin s\u0259dri Musa Quliyev Teleqram.az-a\u00a0 a\u00e7\u0131qlamas\u0131nda s\u00f6z\u00fcged\u0259n t\u0259klifin xo\u015fniyy\u0259tl\u0259 verildiyini bildirib. O, t\u0259klifi h\u00f6rm\u0259tl\u0259 qar\u015f\u0131lad\u0131\u011f\u0131n deyib: \u201cAmma bu, Az\u0259rbaycan\u0131n \u00f6z qanunvericiliyin\u0259, el\u0259c\u0259 d\u0259 qo\u015fuldu\u011fu beyn\u0259lxalq konvensiyalara uy\u011fun t\u0259klif deyil. Az\u0259rbaycan gender b\u0259rab\u0259rliyi haqq\u0131nda BMT-nin konvensiyas\u0131na qo\u015fulub.<\/p>\n<p>Gender b\u0259rab\u0259rliyinin qorunmas\u0131 haqq\u0131nda Az\u0259rbaycanda qanun q\u0259bul olunub. Eyni zamanda m\u0259i\u015f\u0259t zorak\u0131l\u0131\u011f\u0131n\u0131n qar\u015f\u0131s\u0131n\u0131n al\u0131nmas\u0131, el\u0259c\u0259 d\u0259 dig\u0259r qanunlarda qad\u0131nla ki\u015fil\u0259rin h\u00fcquq v\u0259 v\u0259zif\u0259l\u0259rinin b\u0259rab\u0259rliyi haqq\u0131nda m\u00fcdd\u0259alar var. Sovet d\u00f6n\u0259mind\u0259 bir siyah\u0131 vard\u0131, x\u00fcsusil\u0259 a\u011f\u0131r v\u0259 t\u0259hl\u00fck\u0259li i\u015fl\u0259rd\u0259 i\u015fl\u0259m\u0259k qad\u0131nlara qada\u011fan olunurdu. T\u0259xmin\u0259n 760 pe\u015f\u0259 v\u0259 v\u0259zif\u0259d\u0259 qad\u0131nlar\u0131n i\u015fl\u0259m\u0259sin\u0259 icaz\u0259 verilmirdi. Bu da bizim q\u0259bul etdiyimiz qanunlara v\u0259 gender b\u0259rab\u0259rliyi haqq\u0131nda konvensiyaya uy\u011fun deyildi.<\/p>\n<p>Bunu n\u0259z\u0259r\u0259 alaraq \u00f6t\u0259n il \u018fm\u0259k M\u0259c\u0259ll\u0259sin\u0259 d\u0259yi\u015fiklikl\u0259r etdik. Qad\u0131nlar v\u0259 ki\u015fil\u0259r aras\u0131ndak\u0131 \u0259m\u0259k b\u00f6lg\u00fcs\u00fcnd\u0259ki ayr\u0131-se\u00e7kilik aradan qald\u0131r\u0131ld\u0131. Yaln\u0131z hamil\u0259 qad\u0131nlar\u0131n m\u00fc\u0259yy\u0259n i\u015fl\u0259ri g\u00f6rm\u0259sin\u0259 m\u0259hdudiyy\u0259t qoyuldu. Qalan hallarda qad\u0131n v\u0259 ki\u015finin \u0259m\u0259k b\u0259rab\u0259rliyi qorundu.<\/p>\n<p><strong>Az\u0259rbaycan reall\u0131\u011f\u0131nda dem\u0259k olar ki, bazar g\u00fcnl\u0259ri i\u015fl\u0259y\u0259n qad\u0131nlar\u0131n v\u0259 m\u00fc\u0259ssis\u0259l\u0259rin say\u0131 o q\u0259d\u0259r \u00e7ox deyil. \u015e\u0259nb\u0259 g\u00fcnl\u0259ri qad\u0131nlar v\u0259 ki\u015fil\u0259r \u0259ks\u0259r vaxt ya istirah\u0259t edirl\u0259r, ya da g\u00fcnortaya q\u0259d\u0259r i\u015fl\u0259yirl\u0259r. Bu m\u0259nada hesab edir\u0259m ki, bel\u0259 bir m\u0259s\u0259l\u0259nin qanunil\u0259\u015fdirilm\u0259si do\u011fru olmazd\u0131. D\u00fcnyada getdikc\u0259 artan qad\u0131n v\u0259 ki\u015fi h\u00fcququnun b\u0259rab\u0259rl\u0259\u015fdirilm\u0259si meyll\u0259rin\u0259 zidd bir add\u0131m olard\u0131&#8221;.<\/strong><\/p>\n<p><strong><img src=\"https:\/\/gdb.voanews.com\/AC3AC980-4EB8-424A-96E7-1EDE796183FB_w1200_r1.jpg\" alt=\"\u018fkr\u0259m H\u0259s\u0259nov: &quot;G\u00fcnaybank&quot;\u0131n ba\u011flanmas\u0131 inhisar\u00e7\u0131l\u0131qla ba\u011fl\u0131d\u0131r\" \/><\/strong><\/p>\n<p><strong>\u018fkr\u0259m H\u0259s\u0259nov: \u201cNiy\u0259 \u015f\u0259nb\u0259-bazar m\u0259hz qad\u0131nlar i\u015fl\u0259m\u0259sinl\u0259r, ki\u015fil\u0259r is\u0259 i\u015f\u0259 \u00e7\u0131xs\u0131nlar?<\/strong><\/p>\n<p>H\u00fcquq\u015f\u00fcnas \u018fkr\u0259m H\u0259s\u0259nov is\u0259 qad\u0131nlar\u0131n \u015f\u0259nb\u0259-bazar g\u00fcnl\u0259ri i\u015fl\u0259m\u0259m\u0259si il\u0259 ba\u011fl\u0131 t\u0259klif\u0259 s\u0259rt m\u00fcnasib\u0259t bildirib. \u018f.H\u0259s\u0259nov Pravda.az-a a\u00e7\u0131qlamas\u0131nda deyib ki, \u015f\u0259nb\u0259-bazar g\u00fcn\u00fc i\u015fl\u0259y\u0259nl\u0259r\u0259 h\u0259ft\u0259i\u00e7i istirah\u0259t verilir: \u201cNiy\u0259 m\u0259hz qad\u0131nlar \u015f\u0259nb\u0259-bazar g\u00fcnl\u0259ri i\u015fl\u0259m\u0259sinl\u0259r? Bunu ba\u015fa d\u00fc\u015f\u0259 bilmir\u0259m. Ail\u0259li qad\u0131n \u015f\u0259nb\u0259-bazar i\u015fl\u0259y\u0259nd\u0259 n\u0259 d\u0259yi\u015fir? H\u0259ft\u0259sonu ail\u0259li qad\u0131nda qeyri-adi n\u0259 ba\u015f verir? \u018fksin\u0259, \u015f\u0259nb\u0259-bazar \u0259ri d\u0259 evd\u0259dir. U\u015faqlara baxmaq laz\u0131md\u0131rsa, \u0259ri baxacaq. B\u0259lk\u0259 d\u0259 qad\u0131n\u0131n dig\u0259r i\u015f g\u00fcn\u00fc istirah\u0259t etm\u0259si yax\u015f\u0131d\u0131r ki, vaxt\u0131ndan daha s\u0259m\u0259r\u0259li istifad\u0259 ed\u0259 bil\u0259r. \u018fg\u0259r \u00fcmum\u0259n \u0259m\u0259k qanunvericiliyi pozulmursa, h\u0259ft\u0259lik, y\u0259ni 40 saat i\u015fl\u0259yirs\u0259, h\u0259r bir halda 2 istirah\u0259t g\u00fcn\u00fcn\u00fc qad\u0131na verirl\u0259r. Niy\u0259 \u015f\u0259nb\u0259-bazar m\u0259hz qad\u0131nlar i\u015fl\u0259m\u0259sinl\u0259r, ki\u015fil\u0259r is\u0259 i\u015f\u0259 \u00e7\u0131xs\u0131nlar? Bunun m\u0259ntiqini tuta bilmir\u0259m. Onsuz da Az\u0259rbaycanda \u00e7ox hallarda \u0259m\u0259k qanunvericiliyin\u0259 riay\u0259t olunmad\u0131\u011f\u0131n\u0131 bilir\u0259m. H\u0259tta i\u015f h\u0259ft\u0259si 40 saatdan da \u00e7ox olur. B\u0259z\u0259n he\u00e7 2 g\u00fcn istirah\u0259t d\u0259 vermirl\u0259r. Pozuntu ed\u0259nl\u0259r m\u0259suliyy\u0259t\u0259 c\u0259lb olunmal\u0131d\u0131rlar, amma s\u00f6hb\u0259timiz bu deyil&#8230;\u201d<\/p>\n<p><img src=\"https:\/\/gdb.voanews.com\/022a0000-0aff-0242-8d24-08dadf583a4e_w1080_h608.jpeg\" alt=\"Zahid Oruc: Ke\u00e7mi\u015f Ba\u015f porkuror v\u0259 h\u0259rbi prokuror xalqdan \u00fczr ist\u0259m\u0259lidir\" \/><\/p>\n<p><strong>Zahid Oruc<\/strong><\/p>\n<p>&nbsp;<\/p>\n<p><strong>Mill\u0259t v\u0259kili, Sosial T\u0259dqiqatlar M\u0259rk\u0259zinin \u0130dar\u0259 Hey\u0259tinin s\u0259dri Zahid Oruc m\u00f6vzu il\u0259 ba\u011fl\u0131 \u201cYeni M\u00fcsavat\u201da\u00a0 deyib ki, bu m\u0259s\u0259l\u0259d\u0259 \u0259ks-m\u00f6vqe g\u00f6st\u0259r\u0259nl\u0259rin yana\u015fmalar\u0131 ba\u015fa d\u00fc\u015f\u00fcl\u0259ndir. \u00c7\u00fcnki bu, \u00f6z\u00fc-\u00f6zl\u00fcy\u00fcnd\u0259 m\u00fcxt\u0259lif g\u00fcz\u0259\u015ftl\u0259ri ehtiva ed\u0259n qanunvericilik istiqam\u0259tind\u0259 d\u0259yi\u015fiklikl\u0259ri t\u0259l\u0259b ed\u0259c\u0259k:<\/strong>\u00a0\u201cBu g\u00fcz\u0259\u015ftl\u0259r\u00a0 h\u0259qiq\u0259t\u0259n sonda bizi ist\u0259diyimiz m\u0259qs\u0259d\u0259 \u00e7atd\u0131racaqm\u0131? He\u00e7 \u015f\u00fcbh\u0259siz ki, qad\u0131n ilahi missiyan\u0131 da\u015f\u0131y\u0131r, ail\u0259 oca\u011f\u0131n\u0131n \u0259sas qurucusu v\u0259 qoruyucusudur, onun \u00fcz\u0259rin\u0259 \u00e7ox b\u00f6y\u00fck y\u00fck d\u00fc\u015f\u00fcr. Bu g\u00fcn Az\u0259rbaycan qad\u0131nlar\u0131 \u015f\u0259hid anas\u0131, \u015f\u0259hid bac\u0131s\u0131, \u015f\u0259hid h\u0259yat yolda\u015f\u0131 kimi m\u00fcq\u0259dd\u0259s adlar\u0131 da\u015f\u0131y\u0131r. Bir t\u0259r\u0259fd\u0259n v\u0259t\u0259n torpaqlar\u0131n\u0131n azad olunmas\u0131nda ger\u00e7\u0259k d\u00f6y\u00fc\u015f\u00e7\u00fc kimi i\u015ftirak edibl\u0259r, dig\u0259r t\u0259r\u0259fd\u0259n \u015f\u0259hidl\u0259rimizin, q\u0259hr\u0259manlarm\u0131z\u0131n valideyni, analar\u0131 olaraq d\u00f6vl\u0259tin, mill\u0259tin \u00e7ox b\u00f6y\u00fck ehtiram\u0131n\u0131 qazan\u0131blar. Bu g\u00fcn qad\u0131nlar\u0131m\u0131z ictimai h\u0259yatda, siyasi prosesd\u0259 d\u00f6vl\u0259t idar\u0259\u00e7iliyind\u0259 \u00f6n\u0259mli yer tutur, parlamentd\u0259 x\u00fcsusi \u00e7\u0259kiy\u0259 malikdirl\u0259r, h\u0259m\u00e7inin parlamentd\u0259 spikerin qad\u0131n olmas\u0131 s\u00fcbut edir ki, Az\u0259rbaycan xan\u0131mlar\u0131 b\u00fct\u00fcn sah\u0259l\u0259rd\u0259 b\u0259rab\u0259r h\u00fcquqa malikdir. Biz bu gender b\u0259rab\u0259rliyini Q\u0259rbin hans\u0131sa titullu q\u0259rarlar\u0131ndan sonra deyil, ondan \u00f6nc\u0259 b\u0259rq\u0259rar etmi\u015fik. Y\u0259ni qad\u0131n\u0131 orta \u0259sr k\u00f6l\u0259liyind\u0259 q\u0259bul ed\u0259n m\u00fcxt\u0259lif c\u0259miyy\u0259tl\u0259rd\u0259n tamamil\u0259 f\u0259rqliyik. Qeyd edim ki, Sosial T\u0259dqiqatlar M\u0259rk\u0259zind\u0259 kollektivin m\u00fch\u00fcm bir hiss\u0259si qad\u0131nlard\u0131r. Onlarla i\u015fl\u0259m\u0259k h\u0259qiq\u0259t\u0259n d\u0259 ikiqat\u00a0 m\u0259suliyy\u0259t t\u0259l\u0259b edir. Hesab edir\u0259m ki, m\u00fc\u0259yy\u0259n q\u0259d\u0259r g\u00fcz\u0259\u015ftl\u0259rin d\u0259 olmas\u0131 onlar\u0131n h\u0259m i\u015fin\u0259, h\u0259m d\u0259 dig\u0259r t\u0259r\u0259fd\u0259n d\u0259 ail\u0259 oca\u011f\u0131n\u0131n qorunmas\u0131nda \u00fcz\u0259rin\u0259 d\u00fc\u015f\u0259n m\u0259suliyy\u0259ti yerin\u0259 yetirm\u0259y\u0259 \u015f\u0259rait yarad\u0131r\u201d.<\/p>\n<p><strong>Zahid Oruc qeyd edib ki, qad\u0131nlar\u0131n \u015f\u0259nb\u0259-bazar i\u015fl\u0259m\u0259m\u0259si il\u0259 ba\u011fl\u0131 ir\u0259li s\u00fcr\u00fcl\u0259n t\u0259klif m\u00fczakir\u0259y\u0259 layiqdir: \u201cBu h\u0259m\u00e7inin t\u0259dqiqat t\u0259l\u0259b edir ki, m\u0259s\u0259l\u0259 geni\u015f \u015f\u0259kild\u0259 ara\u015fd\u0131r\u0131ls\u0131n, y\u0259ni q\u0259rar q\u0259bul etm\u0259 zaman\u0131 subyektiv\u00a0 m\u00f6vqe g\u00f6r\u00fcnm\u0259sin dey\u0259\u201d.<\/strong><\/p>\n<p><img loading=\"lazy\" src=\"https:\/\/img.redaktor.az\/news\/2023\/04\/photo_200555.jpg?v=MjAyMy0wNC0xOCAxNTo1NzoxNw==\" alt=\"Bo\u015fanmalar\u0131n say\u0131 bir az da artacaq&quot; - \u018fhm\u0259d Q\u0259\u015f\u0259mo\u011flu\" width=\"877\" height=\"717\" \/><\/p>\n<p><strong>\u018fhm\u0259d Q\u0259\u015f\u0259mo\u011flu: \u201cQad\u0131nlar \u015f\u0259nb\u0259-bazar g\u00fcn\u00fc i\u015fl\u0259sin v\u0259 yaxud i\u015fl\u0259m\u0259sin \u201d\u00e7iy&#8221; s\u00f6hb\u0259tdir, ona g\u00f6r\u0259 ki&#8230; \u201c<\/strong><\/p>\n<p>Sosioloq \u018fhm\u0259d Q\u0259\u015f\u0259mo\u011flu is\u0259 ir\u0259li s\u00fcr\u00fcl\u0259n t\u0259klifi \u201cyar\u0131m\u00e7\u0131q, sad\u0259l\u00f6vh m\u00fczakir\u0259\u201d adland\u0131r\u0131b: \u201cY\u0259ni qad\u0131nlar \u015f\u0259nb\u0259-bazar g\u00fcn\u00fc i\u015fl\u0259sin v\u0259 yaxud i\u015fl\u0259m\u0259sin &#8220;\u00e7iy&#8221; s\u00f6hb\u0259tdir. M\u0259s\u0259l\u0259n, tutaq ki, q\u0259rar q\u0259bul etdik ki, qad\u0131nlar \u015f\u0259nb\u0259-bazar g\u00fcn\u00fc i\u015fl\u0259m\u0259sin, amma hans\u0131sa qad\u0131nlar \u00fc\u00e7\u00fcn h\u0259min g\u00fcnl\u0259r i\u015fl\u0259m\u0259k \u00e7ox \u00f6n\u0259mlidir. B\u0259s onda nec\u0259 olacaq? Hesab edir\u0259m ki, bu c\u00fcr q\u0259rar q\u0259bul etm\u0259k \u00fc\u00e7\u00fcn ilk n\u00f6vb\u0259d\u0259\u00a0 iqtisadiyyat\u0131m\u0131z\u0131 el\u0259 qurmal\u0131y\u0131q ki, qad\u0131nlar \u00fc\u00e7\u00fcn \u015f\u0259nb\u0259-bazar g\u00fcn\u00fc i\u015f olmas\u0131n. El\u0259 i\u015fl\u0259r var ki, m\u0259hz \u015f\u0259nb\u0259-bazar g\u00fcn\u00fcd\u00fcr. Onda qad\u0131nlar n\u0259 etm\u0259lidir? Bu c\u00fcr fikir s\u0259sl\u0259ndir\u0259nd\u0259 h\u0259rt\u0259r\u0259fli, d\u0259rin d\u00fc\u015f\u00fcnm\u0259k laz\u0131md\u0131r.\u00a0 Onsuz da bir \u00e7ox i\u015fl\u0259rd\u0259 \u015f\u0259nb\u0259-bazar g\u00fcn\u00fc \u0259ks\u0259r\u0259n qad\u0131nlar i\u015fl\u0259mir, y\u0259ni m\u00fc\u0259yy\u0259n faiz qad\u0131nlar i\u015fl\u0259yir, o da ba\u015fqa \u00e7\u0131x\u0131\u015f yolu olmad\u0131\u011f\u0131ndan. \u0130ndi bel\u0259 \u00e7\u0131x\u0131r ki, \u015f\u0259nb\u0259-bazar g\u00fcn\u00fc \u00f6lk\u0259d\u0259 iqtisadi prosesl\u0259ri dayand\u0131rmal\u0131y\u0131q? Bir daha qeyd edir\u0259m ki, bu, absurd, \u201c\u00e7iy\u201d s\u00f6hb\u0259tdir. Biz niy\u0259 deyirik ki, qad\u0131nlar \u015f\u0259nb\u0259-bazar i\u015fl\u0259m\u0259sin, ona g\u00f6r\u0259 ki, b\u00f6y\u00fcy\u0259n yeni n\u0259slin keyfiyy\u0259ti daha yax\u015f\u0131 olsun. \u018fg\u0259r\u00a0 m\u0259qs\u0259d budursa, onda niy\u0259 sa\u011f \u0259limizl\u0259 sol qula\u011f\u0131m\u0131z\u0131 axtar\u0131r\u0131q? Bunun \u00fc\u00e7\u00fcn t\u00f6vsiy\u0259l\u0259r aparmal\u0131, valideynl\u0259ri maarifl\u0259ndirm\u0259liyik. Yoxsa ki, m\u0259s\u0259l\u0259nin mahiyy\u0259ti qal\u0131b bir t\u0259r\u0259fd\u0259, bird\u0259n kimins\u0259 a\u011fl\u0131na g\u0259lir ki, \u201cxaricd\u0259 g\u00f6rd\u00fcm, bizd\u0259 d\u0259 qad\u0131nlar \u015f\u0259nb\u0259-bazar g\u00fcn\u00fc i\u015fl\u0259m\u0259sin\u201d. M\u0259nim\u00a0 \u00f6z c\u0259miyy\u0259timin mahiyy\u0259tind\u0259n ir\u0259li g\u0259l\u0259n i\u015fl\u0259ri g\u00f6rm\u0259k laz\u0131md\u0131r&#8221;.<\/p>\n","protected":false},"excerpt":{"rendered":"<p>\u201cT\u0259klif edir\u0259m ki, \u015f\u0259nb\u0259-bazar g\u00fcnl\u0259ri qad\u0131nlar i\u015fl\u0259m\u0259sinl\u0259r\u201d. Bunu deputat Rauf \u018fliyev Ail\u0259, Qad\u0131n v\u0259 U\u015faq Probleml\u0259ri \u00fczr\u0259 D\u00f6vl\u0259t Komit\u0259sinin 2022-ci il\u0259 dair hesabat\u0131n\u0131n m\u00fczakir\u0259sind\u0259 deyib. O bildirib ki, xarici \u00f6lk\u0259l\u0259rin birind\u0259 bu t\u0259cr\u00fcb\u0259ni g\u00f6r\u00fcb: \u201cOnlar bel\u0259 \u0259sasland\u0131rd\u0131lar ki, qad\u0131nlar\u0131n ail\u0259nin h\u0259yat\u0131nda rolu b\u00f6y\u00fckd\u00fcr. Ona g\u00f6r\u0259 u\u015faqlarla daha \u00e7ox vaxt ke\u00e7irm\u0259l\u0259ri \u00fc\u00e7\u00fcn bel\u0259 bir add\u0131m at\u0131rlar\u201d. Milli M\u0259clisin Ail\u0259, qad\u0131n v\u0259 u\u015faq m\u0259s\u0259l\u0259l\u0259ri komit\u0259sinin s\u0259dri Hicran H\u00fcseynova is\u0259 qeyd edib ki, el\u0259 ki\u015fil\u0259r d\u0259 ail\u0259 il\u0259 daha \u00e7ox vaxt ke\u00e7irm\u0259lidirl\u0259r. Bu m\u0259s\u0259l\u0259ni t\u0259kc\u0259 qad\u0131nlarla m\u0259hdudla\u015fd\u0131rmaq do\u011fru deyil. Milli M\u0259clisin \u018fm\u0259k v\u0259&hellip;<\/p>\n","protected":false},"author":2,"featured_media":650105,"comment_status":"closed","ping_status":"closed","sticky":false,"template":"","format":"standard","meta":{"om_disable_all_campaigns":false,"_monsterinsights_skip_tracking":false,"_monsterinsights_sitenote_active":false,"_monsterinsights_sitenote_note":"","_monsterinsights_sitenote_category":0},"categories":[1],"tags":[],"aioseo_notices":[],"gutentor_comment":0,"rttpg_featured_image_url":{"full":["https:\/\/arantv.az\/wp-content\/uploads\/2023\/10\/5cb69bfbfe83aa94a016af5017c946a5.jpg",637,400,false],"landscape":["https:\/\/arantv.az\/wp-content\/uploads\/2023\/10\/5cb69bfbfe83aa94a016af5017c946a5.jpg",637,400,false],"portraits":["https:\/\/arantv.az\/wp-content\/uploads\/2023\/10\/5cb69bfbfe83aa94a016af5017c946a5.jpg",637,400,false],"thumbnail":["https:\/\/arantv.az\/wp-content\/uploads\/2023\/10\/5cb69bfbfe83aa94a016af5017c946a5-500x280.jpg",500,280,true],"medium":["https:\/\/arantv.az\/wp-content\/uploads\/2023\/10\/5cb69bfbfe83aa94a016af5017c946a5-581x365.jpg",581,365,true],"large":["https:\/\/arantv.az\/wp-content\/uploads\/2023\/10\/5cb69bfbfe83aa94a016af5017c946a5.jpg",637,400,false],"1536x1536":["https:\/\/arantv.az\/wp-content\/uploads\/2023\/10\/5cb69bfbfe83aa94a016af5017c946a5.jpg",637,400,false],"2048x2048":["https:\/\/arantv.az\/wp-content\/uploads\/2023\/10\/5cb69bfbfe83aa94a016af5017c946a5.jpg",637,400,false],"post-thumbnail":["https:\/\/arantv.az\/wp-content\/uploads\/2023\/10\/5cb69bfbfe83aa94a016af5017c946a5-240x172.jpg",240,172,true],"advps-thumb-one":["https:\/\/arantv.az\/wp-content\/uploads\/2023\/10\/5cb69bfbfe83aa94a016af5017c946a5.jpg",637,400,false]},"rttpg_author":{"display_name":"V\u00fcsal Rafiqo\u011flu","author_link":"https:\/\/arantv.az\/?author=2"},"rttpg_comment":0,"rttpg_category":"<a href=\"https:\/\/arantv.az\/?cat=1\" rel=\"category\">C\u0259miyy\u0259t<\/a>","rttpg_excerpt":"\u201cT\u0259klif edir\u0259m ki, \u015f\u0259nb\u0259-bazar g\u00fcnl\u0259ri qad\u0131nlar i\u015fl\u0259m\u0259sinl\u0259r\u201d. Bunu deputat Rauf \u018fliyev Ail\u0259, Qad\u0131n v\u0259 U\u015faq Probleml\u0259ri \u00fczr\u0259 D\u00f6vl\u0259t Komit\u0259sinin 2022-ci il\u0259 dair hesabat\u0131n\u0131n m\u00fczakir\u0259sind\u0259 deyib. O bildirib ki, xarici \u00f6lk\u0259l\u0259rin birind\u0259 bu t\u0259cr\u00fcb\u0259ni g\u00f6r\u00fcb: \u201cOnlar bel\u0259 \u0259sasland\u0131rd\u0131lar ki, qad\u0131nlar\u0131n ail\u0259nin h\u0259yat\u0131nda rolu b\u00f6y\u00fckd\u00fcr. Ona g\u00f6r\u0259 u\u015faqlarla daha \u00e7ox vaxt ke\u00e7irm\u0259l\u0259ri \u00fc\u00e7\u00fcn bel\u0259 bir add\u0131m at\u0131rlar\u201d.&hellip;","_links":{"self":[{"href":"https:\/\/arantv.az\/index.php?rest_route=\/wp\/v2\/posts\/650104"}],"collection":[{"href":"https:\/\/arantv.az\/index.php?rest_route=\/wp\/v2\/posts"}],"about":[{"href":"https:\/\/arantv.az\/index.php?rest_route=\/wp\/v2\/types\/post"}],"author":[{"embeddable":true,"href":"https:\/\/arantv.az\/index.php?rest_route=\/wp\/v2\/users\/2"}],"replies":[{"embeddable":true,"href":"https:\/\/arantv.az\/index.php?rest_route=%2Fwp%2Fv2%2Fcomments&post=650104"}],"version-history":[{"count":0,"href":"https:\/\/arantv.az\/index.php?rest_route=\/wp\/v2\/posts\/650104\/revisions"}],"wp:featuredmedia":[{"embeddable":true,"href":"https:\/\/arantv.az\/index.php?rest_route=\/wp\/v2\/media\/650105"}],"wp:attachment":[{"href":"https:\/\/arantv.az\/index.php?rest_route=%2Fwp%2Fv2%2Fmedia&parent=650104"}],"wp:term":[{"taxonomy":"category","embeddable":true,"href":"https:\/\/arantv.az\/index.php?rest_route=%2Fwp%2Fv2%2Fcategories&post=650104"},{"taxonomy":"post_tag","embeddable":true,"href":"https:\/\/arantv.az\/index.php?rest_route=%2Fwp%2Fv2%2Ftags&post=650104"}],"curies":[{"name":"wp","href":"https:\/\/api.w.org\/{rel}","templated":true}]}}