{"id":650108,"date":"2023-10-27T16:51:48","date_gmt":"2023-10-27T12:51:48","guid":{"rendered":"https:\/\/arantv.az\/?p=650108"},"modified":"2023-10-27T16:51:48","modified_gmt":"2023-10-27T12:51:48","slug":"erm%c9%99nistan-xin-alma-ata-b%c9%99yannam%c9%99sinin-yerin%c9%99-yetirilm%c9%99si-az%c9%99rbaycanla-sulhu-mumkun-ed%c9%99c%c9%99k","status":"publish","type":"post","link":"https:\/\/arantv.az\/?p=650108","title":{"rendered":"Erm\u0259nistan X\u0130N: \u201cAlma-Ata B\u0259yannam\u0259sinin yerin\u0259 yetirilm\u0259si Az\u0259rbaycanla s\u00fclh\u00fc m\u00fcmk\u00fcn ed\u0259c\u0259k\u201d"},"content":{"rendered":"<p>\u0130r\u0259vanla Bak\u0131 aras\u0131nda s\u00fclh 1991-ci ild\u0259 imzalanm\u0131\u015f Alma-Ata B\u0259yannam\u0259sinin yerin\u0259 yetirilm\u0259si \u015f\u0259rti il\u0259 ba\u015f ver\u0259 bil\u0259r.<\/p>\n<p>Bu \u015f\u0259rti Erm\u0259nistan Xarici \u0130\u015fl\u0259r Nazirliyinin r\u0259hb\u0259ri Ararat Mirzoyan macar h\u0259mkar\u0131 Peter Siyartonun da i\u015ftirak etdiyi m\u0259tbuat konfrans\u0131nda \u00e7\u0131x\u0131\u015f\u0131 zaman\u0131 s\u00f6yl\u0259yib.<\/p>\n<p>Erm\u0259ni diplomat vur\u011fulay\u0131b ki, uzunm\u00fcdd\u0259tli s\u00fclh \u00fc\u00e7\u00fcn regiona aid olan b\u00fct\u00fcn d\u00f6vl\u0259tl\u0259r t\u0259sirli add\u0131mlar atmal\u0131, el\u0259c\u0259 d\u0259 maksimalist iddialardan imtina etm\u0259li olacaqlar.<\/p>\n<p>\u201cErm\u0259nistan v\u0259 Az\u0259rbaycan\u0131n \u0259razi b\u00fct\u00f6vl\u00fckl\u0259ri birm\u0259nal\u0131 \u015f\u0259kild\u0259 tan\u0131naca\u011f\u0131, s\u0259rh\u0259dl\u0259rin delimitasiyas\u0131n\u0131n 1991-ci ilin Alma-Ata b\u0259yannam\u0259si v\u0259 SSR\u0130-nin \u0259n son x\u0259rit\u0259l\u0259ri \u0259sas\u0131nda h\u0259yata ke\u00e7iril\u0259c\u0259yi halda Erm\u0259nistan v\u0259 Az\u0259rbaycan aras\u0131nda sabit s\u00fclh\u0259, s\u00fclh m\u00fcqavil\u0259sinin ba\u011flanmas\u0131na nail olmaq m\u00fcmk\u00fcnd\u00fcr\u201d, &#8211; dey\u0259 erm\u0259ni diplomatiyas\u0131n\u0131n r\u0259hb\u0259ri bildirib.<\/p>\n<p>M\u0259nb\u0259: R\u0130A Novosti<\/p>\n","protected":false},"excerpt":{"rendered":"<p>\u0130r\u0259vanla Bak\u0131 aras\u0131nda s\u00fclh 1991-ci ild\u0259 imzalanm\u0131\u015f Alma-Ata B\u0259yannam\u0259sinin yerin\u0259 yetirilm\u0259si \u015f\u0259rti il\u0259 ba\u015f ver\u0259 bil\u0259r. Bu \u015f\u0259rti Erm\u0259nistan Xarici \u0130\u015fl\u0259r Nazirliyinin r\u0259hb\u0259ri Ararat Mirzoyan macar h\u0259mkar\u0131 Peter Siyartonun da i\u015ftirak etdiyi m\u0259tbuat konfrans\u0131nda \u00e7\u0131x\u0131\u015f\u0131 zaman\u0131 s\u00f6yl\u0259yib. Erm\u0259ni diplomat vur\u011fulay\u0131b ki, uzunm\u00fcdd\u0259tli s\u00fclh \u00fc\u00e7\u00fcn regiona aid olan b\u00fct\u00fcn d\u00f6vl\u0259tl\u0259r t\u0259sirli add\u0131mlar atmal\u0131, el\u0259c\u0259 d\u0259 maksimalist iddialardan imtina etm\u0259li olacaqlar. \u201cErm\u0259nistan v\u0259 Az\u0259rbaycan\u0131n \u0259razi b\u00fct\u00f6vl\u00fckl\u0259ri birm\u0259nal\u0131 \u015f\u0259kild\u0259 tan\u0131naca\u011f\u0131, s\u0259rh\u0259dl\u0259rin delimitasiyas\u0131n\u0131n 1991-ci ilin Alma-Ata b\u0259yannam\u0259si v\u0259 SSR\u0130-nin \u0259n son x\u0259rit\u0259l\u0259ri \u0259sas\u0131nda h\u0259yata ke\u00e7iril\u0259c\u0259yi halda Erm\u0259nistan v\u0259 Az\u0259rbaycan aras\u0131nda sabit s\u00fclh\u0259, s\u00fclh m\u00fcqavil\u0259sinin&hellip;<\/p>\n","protected":false},"author":2,"featured_media":650110,"comment_status":"closed","ping_status":"closed","sticky":false,"template":"","format":"standard","meta":{"om_disable_all_campaigns":false,"_monsterinsights_skip_tracking":false,"_monsterinsights_sitenote_active":false,"_monsterinsights_sitenote_note":"","_monsterinsights_sitenote_category":0},"categories":[7],"tags":[],"aioseo_notices":[],"gutentor_comment":0,"rttpg_featured_image_url":{"full":["https:\/\/arantv.az\/wp-content\/uploads\/2023\/10\/FotoJet-2023-10-27T161302.447.jpg",620,413,false],"landscape":["https:\/\/arantv.az\/wp-content\/uploads\/2023\/10\/FotoJet-2023-10-27T161302.447.jpg",620,413,false],"portraits":["https:\/\/arantv.az\/wp-content\/uploads\/2023\/10\/FotoJet-2023-10-27T161302.447.jpg",620,413,false],"thumbnail":["https:\/\/arantv.az\/wp-content\/uploads\/2023\/10\/FotoJet-2023-10-27T161302.447-500x280.jpg",500,280,true],"medium":["https:\/\/arantv.az\/wp-content\/uploads\/2023\/10\/FotoJet-2023-10-27T161302.447-548x365.jpg",548,365,true],"large":["https:\/\/arantv.az\/wp-content\/uploads\/2023\/10\/FotoJet-2023-10-27T161302.447.jpg",620,413,false],"1536x1536":["https:\/\/arantv.az\/wp-content\/uploads\/2023\/10\/FotoJet-2023-10-27T161302.447.jpg",620,413,false],"2048x2048":["https:\/\/arantv.az\/wp-content\/uploads\/2023\/10\/FotoJet-2023-10-27T161302.447.jpg",620,413,false],"post-thumbnail":["https:\/\/arantv.az\/wp-content\/uploads\/2023\/10\/FotoJet-2023-10-27T161302.447-240x172.jpg",240,172,true],"advps-thumb-one":["https:\/\/arantv.az\/wp-content\/uploads\/2023\/10\/FotoJet-2023-10-27T161302.447.jpg",620,413,false]},"rttpg_author":{"display_name":"V\u00fcsal Rafiqo\u011flu","author_link":"https:\/\/arantv.az\/?author=2"},"rttpg_comment":0,"rttpg_category":"<a href=\"https:\/\/arantv.az\/?cat=7\" rel=\"category\">D\u00fcnya<\/a>","rttpg_excerpt":"\u0130r\u0259vanla Bak\u0131 aras\u0131nda s\u00fclh 1991-ci ild\u0259 imzalanm\u0131\u015f Alma-Ata B\u0259yannam\u0259sinin yerin\u0259 yetirilm\u0259si \u015f\u0259rti il\u0259 ba\u015f ver\u0259 bil\u0259r. Bu \u015f\u0259rti Erm\u0259nistan Xarici \u0130\u015fl\u0259r Nazirliyinin r\u0259hb\u0259ri Ararat Mirzoyan macar h\u0259mkar\u0131 Peter Siyartonun da i\u015ftirak etdiyi m\u0259tbuat konfrans\u0131nda \u00e7\u0131x\u0131\u015f\u0131 zaman\u0131 s\u00f6yl\u0259yib. Erm\u0259ni diplomat vur\u011fulay\u0131b ki, uzunm\u00fcdd\u0259tli s\u00fclh \u00fc\u00e7\u00fcn regiona aid olan b\u00fct\u00fcn d\u00f6vl\u0259tl\u0259r t\u0259sirli add\u0131mlar atmal\u0131, el\u0259c\u0259 d\u0259 maksimalist&hellip;","_links":{"self":[{"href":"https:\/\/arantv.az\/index.php?rest_route=\/wp\/v2\/posts\/650108"}],"collection":[{"href":"https:\/\/arantv.az\/index.php?rest_route=\/wp\/v2\/posts"}],"about":[{"href":"https:\/\/arantv.az\/index.php?rest_route=\/wp\/v2\/types\/post"}],"author":[{"embeddable":true,"href":"https:\/\/arantv.az\/index.php?rest_route=\/wp\/v2\/users\/2"}],"replies":[{"embeddable":true,"href":"https:\/\/arantv.az\/index.php?rest_route=%2Fwp%2Fv2%2Fcomments&post=650108"}],"version-history":[{"count":0,"href":"https:\/\/arantv.az\/index.php?rest_route=\/wp\/v2\/posts\/650108\/revisions"}],"wp:featuredmedia":[{"embeddable":true,"href":"https:\/\/arantv.az\/index.php?rest_route=\/wp\/v2\/media\/650110"}],"wp:attachment":[{"href":"https:\/\/arantv.az\/index.php?rest_route=%2Fwp%2Fv2%2Fmedia&parent=650108"}],"wp:term":[{"taxonomy":"category","embeddable":true,"href":"https:\/\/arantv.az\/index.php?rest_route=%2Fwp%2Fv2%2Fcategories&post=650108"},{"taxonomy":"post_tag","embeddable":true,"href":"https:\/\/arantv.az\/index.php?rest_route=%2Fwp%2Fv2%2Ftags&post=650108"}],"curies":[{"name":"wp","href":"https:\/\/api.w.org\/{rel}","templated":true}]}}