{"id":650114,"date":"2023-10-27T16:54:32","date_gmt":"2023-10-27T12:54:32","guid":{"rendered":"https:\/\/arantv.az\/?p=650114"},"modified":"2023-10-27T16:54:32","modified_gmt":"2023-10-27T12:54:32","slug":"s%c9%99hiyy%c9%99-nazirinin-birinci-muavini-v%c9%99zif%c9%99si-l%c9%99gv-olunub","status":"publish","type":"post","link":"https:\/\/arantv.az\/?p=650114","title":{"rendered":"S\u0259hiyy\u0259 nazirinin birinci m\u00fcavini v\u0259zif\u0259si l\u0259\u011fv olunub"},"content":{"rendered":"<p>S\u0259hiyy\u0259 nazirinin birinci m\u00fcavini v\u0259zif\u0259si l\u0259\u011fv olunub.<\/p>\n<p>\u201cReport\u201dun x\u0259b\u0259rin\u0259 g\u00f6r\u0259, bu, Prezident\u00a0<strong>\u0130lham \u018fliyevin\u00a0<\/strong>\u201cS\u0259hiyy\u0259 Nazirliyi haqq\u0131nda \u018fsasnam\u0259\u201dd\u0259 d\u0259yi\u015fiklik edilm\u0259si il\u0259 ba\u011fl\u0131 F\u0259rman\u0131nda \u0259ksini tap\u0131b.<\/p>\n<p>F\u0259rmanla s\u0259hiyy\u0259 nazirinin \u00fc\u00e7 m\u00fcavini olacaq.<\/p>\n<p>Qeyd ed\u0259k ki, f\u0259rmana edilmi\u015f d\u0259yi\u015fiklikd\u0259n \u0259vv\u0259l s\u0259hiyy\u0259 nazirinin d\u00f6rd m\u00fcavini (birinci m\u00fcavin v\u0259 m\u00fcavinl\u0259r) var idi.<\/p>\n","protected":false},"excerpt":{"rendered":"<p>S\u0259hiyy\u0259 nazirinin birinci m\u00fcavini v\u0259zif\u0259si l\u0259\u011fv olunub. \u201cReport\u201dun x\u0259b\u0259rin\u0259 g\u00f6r\u0259, bu, Prezident\u00a0\u0130lham \u018fliyevin\u00a0\u201cS\u0259hiyy\u0259 Nazirliyi haqq\u0131nda \u018fsasnam\u0259\u201dd\u0259 d\u0259yi\u015fiklik edilm\u0259si il\u0259 ba\u011fl\u0131 F\u0259rman\u0131nda \u0259ksini tap\u0131b. F\u0259rmanla s\u0259hiyy\u0259 nazirinin \u00fc\u00e7 m\u00fcavini olacaq. Qeyd ed\u0259k ki, f\u0259rmana edilmi\u015f d\u0259yi\u015fiklikd\u0259n \u0259vv\u0259l s\u0259hiyy\u0259 nazirinin d\u00f6rd m\u00fcavini (birinci m\u00fcavin v\u0259 m\u00fcavinl\u0259r) var idi.<\/p>\n","protected":false},"author":2,"featured_media":304844,"comment_status":"closed","ping_status":"closed","sticky":false,"template":"","format":"standard","meta":{"om_disable_all_campaigns":false,"_monsterinsights_skip_tracking":false,"_monsterinsights_sitenote_active":false,"_monsterinsights_sitenote_note":"","_monsterinsights_sitenote_category":0},"categories":[19],"tags":[],"aioseo_notices":[],"gutentor_comment":0,"rttpg_featured_image_url":{"full":["https:\/\/arantv.az\/wp-content\/uploads\/2021\/03\/kreslo_201214.jpg",500,375,false],"landscape":["https:\/\/arantv.az\/wp-content\/uploads\/2021\/03\/kreslo_201214.jpg",500,375,false],"portraits":["https:\/\/arantv.az\/wp-content\/uploads\/2021\/03\/kreslo_201214.jpg",500,375,false],"thumbnail":["https:\/\/arantv.az\/wp-content\/uploads\/2021\/03\/kreslo_201214-150x150.jpg",150,150,true],"medium":["https:\/\/arantv.az\/wp-content\/uploads\/2021\/03\/kreslo_201214-300x225.jpg",300,225,true],"large":["https:\/\/arantv.az\/wp-content\/uploads\/2021\/03\/kreslo_201214.jpg",500,375,false],"1536x1536":["https:\/\/arantv.az\/wp-content\/uploads\/2021\/03\/kreslo_201214.jpg",500,375,false],"2048x2048":["https:\/\/arantv.az\/wp-content\/uploads\/2021\/03\/kreslo_201214.jpg",500,375,false],"post-thumbnail":["https:\/\/arantv.az\/wp-content\/uploads\/2021\/03\/kreslo_201214-240x172.jpg",240,172,true],"advps-thumb-one":["https:\/\/arantv.az\/wp-content\/uploads\/2021\/03\/kreslo_201214.jpg",500,375,false]},"rttpg_author":{"display_name":"V\u00fcsal Rafiqo\u011flu","author_link":"https:\/\/arantv.az\/?author=2"},"rttpg_comment":0,"rttpg_category":"<a href=\"https:\/\/arantv.az\/?cat=19\" rel=\"category\">G\u00fcnd\u0259m<\/a>","rttpg_excerpt":"S\u0259hiyy\u0259 nazirinin birinci m\u00fcavini v\u0259zif\u0259si l\u0259\u011fv olunub. \u201cReport\u201dun x\u0259b\u0259rin\u0259 g\u00f6r\u0259, bu, Prezident\u00a0\u0130lham \u018fliyevin\u00a0\u201cS\u0259hiyy\u0259 Nazirliyi haqq\u0131nda \u018fsasnam\u0259\u201dd\u0259 d\u0259yi\u015fiklik edilm\u0259si il\u0259 ba\u011fl\u0131 F\u0259rman\u0131nda \u0259ksini tap\u0131b. F\u0259rmanla s\u0259hiyy\u0259 nazirinin \u00fc\u00e7 m\u00fcavini olacaq. Qeyd ed\u0259k ki, f\u0259rmana edilmi\u015f d\u0259yi\u015fiklikd\u0259n \u0259vv\u0259l s\u0259hiyy\u0259 nazirinin d\u00f6rd m\u00fcavini (birinci m\u00fcavin v\u0259 m\u00fcavinl\u0259r) var idi.","_links":{"self":[{"href":"https:\/\/arantv.az\/index.php?rest_route=\/wp\/v2\/posts\/650114"}],"collection":[{"href":"https:\/\/arantv.az\/index.php?rest_route=\/wp\/v2\/posts"}],"about":[{"href":"https:\/\/arantv.az\/index.php?rest_route=\/wp\/v2\/types\/post"}],"author":[{"embeddable":true,"href":"https:\/\/arantv.az\/index.php?rest_route=\/wp\/v2\/users\/2"}],"replies":[{"embeddable":true,"href":"https:\/\/arantv.az\/index.php?rest_route=%2Fwp%2Fv2%2Fcomments&post=650114"}],"version-history":[{"count":0,"href":"https:\/\/arantv.az\/index.php?rest_route=\/wp\/v2\/posts\/650114\/revisions"}],"wp:featuredmedia":[{"embeddable":true,"href":"https:\/\/arantv.az\/index.php?rest_route=\/wp\/v2\/media\/304844"}],"wp:attachment":[{"href":"https:\/\/arantv.az\/index.php?rest_route=%2Fwp%2Fv2%2Fmedia&parent=650114"}],"wp:term":[{"taxonomy":"category","embeddable":true,"href":"https:\/\/arantv.az\/index.php?rest_route=%2Fwp%2Fv2%2Fcategories&post=650114"},{"taxonomy":"post_tag","embeddable":true,"href":"https:\/\/arantv.az\/index.php?rest_route=%2Fwp%2Fv2%2Ftags&post=650114"}],"curies":[{"name":"wp","href":"https:\/\/api.w.org\/{rel}","templated":true}]}}