{"id":650160,"date":"2023-10-27T17:39:00","date_gmt":"2023-10-27T13:39:00","guid":{"rendered":"https:\/\/arantv.az\/?p=650160"},"modified":"2023-10-27T17:39:00","modified_gmt":"2023-10-27T13:39:00","slug":"dovl%c9%99t-komit%c9%99si-usaqlar-koloniyalara-gond%c9%99rilm%c9%99kd%c9%99ns%c9%99-reabilitasiya-oluna-bil%c9%99rl%c9%99r","status":"publish","type":"post","link":"https:\/\/arantv.az\/?p=650160","title":{"rendered":"D\u00f6vl\u0259t Komit\u0259si: \u201cU\u015faqlar koloniyalara g\u00f6nd\u0259rilm\u0259kd\u0259ns\u0259, reabilitasiya oluna bil\u0259rl\u0259r\u201d"},"content":{"rendered":"<p>\u201cU\u015faqlar koloniyalarda reabilitasiya ke\u00e7mirl\u0259r v\u0259 biz 14 ya\u015fl\u0131 u\u015faqlar\u0131m\u0131z\u0131 itirm\u0259li oluruq\u201d.<\/p>\n<p>APA x\u0259b\u0259r verir ki, bunu Ail\u0259 Qad\u0131n v\u0259 U\u015faq Probleml\u0259ri \u00fczr\u0259 D\u00f6vl\u0259t Komit\u0259sinin aparat r\u0259hb\u0259ri Ceyran R\u0259hm\u0259tullayeva Milli M\u0259clisin Ail\u0259, qad\u0131n v\u0259 u\u015faq m\u0259s\u0259l\u0259l\u0259ri v\u0259 \u0130nsan h\u00fcquqlar\u0131 komit\u0259sinin birg\u0259 dinl\u0259m\u0259si zaman\u0131 deyib.<\/p>\n<p>O bildirib ki, bu ya\u015fda u\u015faqlar koloniyalara g\u00f6nd\u0259rilm\u0259kd\u0259ns\u0259, alternativ reabilitasiya proqramlar\u0131 il\u0259 reabilitasiya oluna bil\u0259rl\u0259r:<\/p>\n<p>\u201cM\u00fcsb\u0259t hald\u0131r ki, Az\u0259rbaycanda u\u015faq \u0259li il\u0259 t\u00f6r\u0259dil\u0259n cinay\u0259tl\u0259r yoxdur. T\u00fcrkiy\u0259d\u0259 v\u0259 dig\u0259r \u00f6lk\u0259l\u0259rd\u0259 bu hal \u00e7ox yay\u0131l\u0131b. Bizd\u0259 koloniyalarda u\u015faqlar\u0131n say\u0131 da azd\u0131r. Bu s\u0259b\u0259bd\u0259n onlar m\u00fcvafiq reabilitasiya proqramlar\u0131na c\u0259lb olunmal\u0131 v\u0259 c\u0259miyy\u0259t\u0259 inteqrasiya edilm\u0259lidirl\u0259r\u201d.<\/p>\n","protected":false},"excerpt":{"rendered":"<p>\u201cU\u015faqlar koloniyalarda reabilitasiya ke\u00e7mirl\u0259r v\u0259 biz 14 ya\u015fl\u0131 u\u015faqlar\u0131m\u0131z\u0131 itirm\u0259li oluruq\u201d. APA x\u0259b\u0259r verir ki, bunu Ail\u0259 Qad\u0131n v\u0259 U\u015faq Probleml\u0259ri \u00fczr\u0259 D\u00f6vl\u0259t Komit\u0259sinin aparat r\u0259hb\u0259ri Ceyran R\u0259hm\u0259tullayeva Milli M\u0259clisin Ail\u0259, qad\u0131n v\u0259 u\u015faq m\u0259s\u0259l\u0259l\u0259ri v\u0259 \u0130nsan h\u00fcquqlar\u0131 komit\u0259sinin birg\u0259 dinl\u0259m\u0259si zaman\u0131 deyib. O bildirib ki, bu ya\u015fda u\u015faqlar koloniyalara g\u00f6nd\u0259rilm\u0259kd\u0259ns\u0259, alternativ reabilitasiya proqramlar\u0131 il\u0259 reabilitasiya oluna bil\u0259rl\u0259r: \u201cM\u00fcsb\u0259t hald\u0131r ki, Az\u0259rbaycanda u\u015faq \u0259li il\u0259 t\u00f6r\u0259dil\u0259n cinay\u0259tl\u0259r yoxdur. T\u00fcrkiy\u0259d\u0259 v\u0259 dig\u0259r \u00f6lk\u0259l\u0259rd\u0259 bu hal \u00e7ox yay\u0131l\u0131b. Bizd\u0259 koloniyalarda u\u015faqlar\u0131n say\u0131 da azd\u0131r. Bu s\u0259b\u0259bd\u0259n onlar m\u00fcvafiq reabilitasiya proqramlar\u0131na c\u0259lb olunmal\u0131&hellip;<\/p>\n","protected":false},"author":2,"featured_media":650162,"comment_status":"closed","ping_status":"closed","sticky":false,"template":"","format":"standard","meta":{"om_disable_all_campaigns":false,"_monsterinsights_skip_tracking":false,"_monsterinsights_sitenote_active":false,"_monsterinsights_sitenote_note":"","_monsterinsights_sitenote_category":0},"categories":[1],"tags":[],"aioseo_notices":[],"gutentor_comment":0,"rttpg_featured_image_url":{"full":["https:\/\/arantv.az\/wp-content\/uploads\/2023\/10\/653b724ec04a4653b724ec04a51698394702653b724ec04a0653b724ec04a2.jpg",620,413,false],"landscape":["https:\/\/arantv.az\/wp-content\/uploads\/2023\/10\/653b724ec04a4653b724ec04a51698394702653b724ec04a0653b724ec04a2.jpg",620,413,false],"portraits":["https:\/\/arantv.az\/wp-content\/uploads\/2023\/10\/653b724ec04a4653b724ec04a51698394702653b724ec04a0653b724ec04a2.jpg",620,413,false],"thumbnail":["https:\/\/arantv.az\/wp-content\/uploads\/2023\/10\/653b724ec04a4653b724ec04a51698394702653b724ec04a0653b724ec04a2-500x280.jpg",500,280,true],"medium":["https:\/\/arantv.az\/wp-content\/uploads\/2023\/10\/653b724ec04a4653b724ec04a51698394702653b724ec04a0653b724ec04a2-548x365.jpg",548,365,true],"large":["https:\/\/arantv.az\/wp-content\/uploads\/2023\/10\/653b724ec04a4653b724ec04a51698394702653b724ec04a0653b724ec04a2.jpg",620,413,false],"1536x1536":["https:\/\/arantv.az\/wp-content\/uploads\/2023\/10\/653b724ec04a4653b724ec04a51698394702653b724ec04a0653b724ec04a2.jpg",620,413,false],"2048x2048":["https:\/\/arantv.az\/wp-content\/uploads\/2023\/10\/653b724ec04a4653b724ec04a51698394702653b724ec04a0653b724ec04a2.jpg",620,413,false],"post-thumbnail":["https:\/\/arantv.az\/wp-content\/uploads\/2023\/10\/653b724ec04a4653b724ec04a51698394702653b724ec04a0653b724ec04a2-240x172.jpg",240,172,true],"advps-thumb-one":["https:\/\/arantv.az\/wp-content\/uploads\/2023\/10\/653b724ec04a4653b724ec04a51698394702653b724ec04a0653b724ec04a2.jpg",620,413,false]},"rttpg_author":{"display_name":"V\u00fcsal Rafiqo\u011flu","author_link":"https:\/\/arantv.az\/?author=2"},"rttpg_comment":0,"rttpg_category":"<a href=\"https:\/\/arantv.az\/?cat=1\" rel=\"category\">C\u0259miyy\u0259t<\/a>","rttpg_excerpt":"\u201cU\u015faqlar koloniyalarda reabilitasiya ke\u00e7mirl\u0259r v\u0259 biz 14 ya\u015fl\u0131 u\u015faqlar\u0131m\u0131z\u0131 itirm\u0259li oluruq\u201d. APA x\u0259b\u0259r verir ki, bunu Ail\u0259 Qad\u0131n v\u0259 U\u015faq Probleml\u0259ri \u00fczr\u0259 D\u00f6vl\u0259t Komit\u0259sinin aparat r\u0259hb\u0259ri Ceyran R\u0259hm\u0259tullayeva Milli M\u0259clisin Ail\u0259, qad\u0131n v\u0259 u\u015faq m\u0259s\u0259l\u0259l\u0259ri v\u0259 \u0130nsan h\u00fcquqlar\u0131 komit\u0259sinin birg\u0259 dinl\u0259m\u0259si zaman\u0131 deyib. O bildirib ki, bu ya\u015fda u\u015faqlar koloniyalara g\u00f6nd\u0259rilm\u0259kd\u0259ns\u0259, alternativ reabilitasiya proqramlar\u0131 il\u0259&hellip;","_links":{"self":[{"href":"https:\/\/arantv.az\/index.php?rest_route=\/wp\/v2\/posts\/650160"}],"collection":[{"href":"https:\/\/arantv.az\/index.php?rest_route=\/wp\/v2\/posts"}],"about":[{"href":"https:\/\/arantv.az\/index.php?rest_route=\/wp\/v2\/types\/post"}],"author":[{"embeddable":true,"href":"https:\/\/arantv.az\/index.php?rest_route=\/wp\/v2\/users\/2"}],"replies":[{"embeddable":true,"href":"https:\/\/arantv.az\/index.php?rest_route=%2Fwp%2Fv2%2Fcomments&post=650160"}],"version-history":[{"count":0,"href":"https:\/\/arantv.az\/index.php?rest_route=\/wp\/v2\/posts\/650160\/revisions"}],"wp:featuredmedia":[{"embeddable":true,"href":"https:\/\/arantv.az\/index.php?rest_route=\/wp\/v2\/media\/650162"}],"wp:attachment":[{"href":"https:\/\/arantv.az\/index.php?rest_route=%2Fwp%2Fv2%2Fmedia&parent=650160"}],"wp:term":[{"taxonomy":"category","embeddable":true,"href":"https:\/\/arantv.az\/index.php?rest_route=%2Fwp%2Fv2%2Fcategories&post=650160"},{"taxonomy":"post_tag","embeddable":true,"href":"https:\/\/arantv.az\/index.php?rest_route=%2Fwp%2Fv2%2Ftags&post=650160"}],"curies":[{"name":"wp","href":"https:\/\/api.w.org\/{rel}","templated":true}]}}